{"id":24839,"date":"2024-11-05T11:32:10","date_gmt":"2024-11-05T14:32:10","guid":{"rendered":"https:\/\/imais.online\/portal\/?p=24839"},"modified":"2024-11-05T11:32:11","modified_gmt":"2024-11-05T14:32:11","slug":"nova-descoberta-sobre-a-mascara-de-tutancamon-pode-revelar-segredos-sobre-sua-morte","status":"publish","type":"post","link":"https:\/\/imais.online\/portal\/nova-descoberta-sobre-a-mascara-de-tutancamon-pode-revelar-segredos-sobre-sua-morte\/","title":{"rendered":"Nova descoberta sobre a m\u00e1scara de Tutanc\u00e2mon pode revelar segredos sobre sua morte"},"content":{"rendered":"<div class=\"imais-before-content-placement\" id=\"imais-846618866\"><script async src=\"\/\/pagead2.googlesyndication.com\/pagead\/js\/adsbygoogle.js?client=ca-pub-8787528412751566\" crossorigin=\"anonymous\"><\/script><ins class=\"adsbygoogle\" style=\"display:block;\" data-ad-client=\"ca-pub-8787528412751566\" \ndata-ad-slot=\"\" \ndata-ad-format=\"auto\"><\/ins>\n<script> \n(adsbygoogle = window.adsbygoogle || []).push({}); \n<\/script>\n<\/div>\n<h2 class=\"wp-block-heading\">Pesquisadores indicam que a ic\u00f4nica m\u00e1scara pode n\u00e3o ter sido feito para o jovem fara\u00f3, levantando quest\u00f5es sobre sua morte repentina e sepultamento<\/h2>\n\n\n\n<p>Um estudo recente da equipe da Universidade de York, no Reino Unido, sugere que a famosa m\u00e1scara mortu\u00e1ria de Tutanc\u00e2mon pode n\u00e3o ter sido feita para ele, como acreditavam os historiadores at\u00e9 ent\u00e3o. Os pesquisadores destacam \u2014 em uma mat\u00e9ria publicada pelo Daily Mail \u2014 que, no t\u00famulo, existem diversas caracter\u00edsticas incomuns para fara\u00f3s, e que, talvez, a pe\u00e7a fosse originalmente destinada a uma mulher de alto status ou at\u00e9 mesmo da madrasta do jovem rei Tutanc\u00e2mon, cujo corpo nunca foi encontrado.<\/p>\n\n\n\n<p>A professora Joann Fletcher, que liderou a pesquisa, analisou registros hist\u00f3ricos da escava\u00e7\u00e3o de 1922 e descobriu detalhes que n\u00e3o correspondem \u00e0s tradi\u00e7\u00f5es funer\u00e1rias eg\u00edpcias. Segundo a professora, o ouro utilizado no rosto da m\u00e1scara \u00e9 diferente do restante da pe\u00e7a, o que pode indicar uma adapta\u00e7\u00e3o feita ap\u00f3s uma poss\u00edvel morte repentina do jovem fara\u00f3, para acomodar sua imagem. A ideia, no entanto, foi proposta pela primeira vez em 2015 pelo egipt\u00f3logo Nicholas Reeves, que alegou que a cobertura facial de ouro foi feita originalmente para a Rainha Nefertiti, madrasta do jovem rei.<\/p>\n\n\n\n<p>Outro detalhe que chamou a aten\u00e7\u00e3o dos estudiosos foram os furos nas orelhas da m\u00e1scara, uma caracter\u00edstica presente apenas nas m\u00e1scaras mortu\u00e1rias de rainhas ou crian\u00e7as. Embora fara\u00f3s tamb\u00e9m usassem brincos, essa modifica\u00e7\u00e3o n\u00e3o costumava aparecer em suas m\u00e1scaras, refor\u00e7ando a hip\u00f3tese da professora Fletcher de que o enterro de Tutanc\u00e2mon foi feito as pressas. Existem tamb\u00e9m outros ind\u00edcios, menos concretos, de improvisa\u00e7\u00e3o em seu sepultamento, como manchas de tinta fresca nas paredes do t\u00famulo, sugerindo que o local foi preparado \u00e0s pressas para acomodar sua morte repentina.<\/p>\n\n\n\n<p>Tutanc\u00e2mon assumiu o trono do Egito ainda muito jovem, com apenas 9 anos, e governou de 1332 a.C. a 1323 a.C. Durante sua vida, ele enfrentou diversos problemas de sa\u00fade, muitos deles provavelmente decorrentes do casamento consangu\u00edneo entre seu pai, Akhenaton, e a pr\u00f3pria irm\u00e3. De acordo com estudos m\u00e9dicos, feitos a partir de seu cad\u00e1ver preservado pelo processo de mumifica\u00e7\u00e3o, o jovem fara\u00f3 sofria de v\u00e1rias condi\u00e7\u00f5es debilitantes, incluindo um p\u00e9 torto, doen\u00e7as \u00f3sseas e escoliose. Essas enfermidades contribu\u00edram para a fragilidade de sua sa\u00fade, levando diversos historiadores a acreditarem que sua morte precoce pode ter sido resultado dessas complica\u00e7\u00f5es, embora tamb\u00e9m haja especula\u00e7\u00f5es de um poss\u00edvel assassinato<\/p>\n\n\n\n<p>Fonte R7<\/p>\n","protected":false},"excerpt":{"rendered":"<p>Pesquisadores indicam que a ic\u00f4nica m\u00e1scara pode n\u00e3o ter sido feito para o jovem fara\u00f3, levantando quest\u00f5es sobre sua morte repentina e sepultamento Um estudo recente da equipe da Universidade de York, no Reino Unido, sugere que a famosa m\u00e1scara mortu\u00e1ria de Tutanc\u00e2mon pode n\u00e3o ter sido feita para ele, como acreditavam os historiadores at\u00e9 [&hellip;]<\/p>\n","protected":false},"author":8,"featured_media":24840,"comment_status":"closed","ping_status":"open","sticky":false,"template":"","format":"standard","meta":{"rop_custom_images_group":[],"rop_custom_messages_group":[],"rop_publish_now":"initial","rop_publish_now_accounts":[],"rop_publish_now_history":[],"rop_publish_now_status":"pending","footnotes":""},"categories":[212],"tags":[],"class_list":["post-24839","post","type-post","status-publish","format-standard","has-post-thumbnail","hentry","category-internacional"],"amp_enabled":true,"_links":{"self":[{"href":"https:\/\/imais.online\/portal\/wp-json\/wp\/v2\/posts\/24839","targetHints":{"allow":["GET"]}}],"collection":[{"href":"https:\/\/imais.online\/portal\/wp-json\/wp\/v2\/posts"}],"about":[{"href":"https:\/\/imais.online\/portal\/wp-json\/wp\/v2\/types\/post"}],"author":[{"embeddable":true,"href":"https:\/\/imais.online\/portal\/wp-json\/wp\/v2\/users\/8"}],"replies":[{"embeddable":true,"href":"https:\/\/imais.online\/portal\/wp-json\/wp\/v2\/comments?post=24839"}],"version-history":[{"count":1,"href":"https:\/\/imais.online\/portal\/wp-json\/wp\/v2\/posts\/24839\/revisions"}],"predecessor-version":[{"id":24841,"href":"https:\/\/imais.online\/portal\/wp-json\/wp\/v2\/posts\/24839\/revisions\/24841"}],"wp:featuredmedia":[{"embeddable":true,"href":"https:\/\/imais.online\/portal\/wp-json\/wp\/v2\/media\/24840"}],"wp:attachment":[{"href":"https:\/\/imais.online\/portal\/wp-json\/wp\/v2\/media?parent=24839"}],"wp:term":[{"taxonomy":"category","embeddable":true,"href":"https:\/\/imais.online\/portal\/wp-json\/wp\/v2\/categories?post=24839"},{"taxonomy":"post_tag","embeddable":true,"href":"https:\/\/imais.online\/portal\/wp-json\/wp\/v2\/tags?post=24839"}],"curies":[{"name":"wp","href":"https:\/\/api.w.org\/{rel}","templated":true}]}}