{"id":24845,"date":"2024-11-05T11:37:26","date_gmt":"2024-11-05T14:37:26","guid":{"rendered":"https:\/\/imais.online\/portal\/?p=24845"},"modified":"2024-11-05T11:37:27","modified_gmt":"2024-11-05T14:37:27","slug":"festival-quanta-cultura-acontece-nos-dias-9-e-10-de-novembro-no-casarao-pau-preto","status":"publish","type":"post","link":"https:\/\/imais.online\/portal\/festival-quanta-cultura-acontece-nos-dias-9-e-10-de-novembro-no-casarao-pau-preto\/","title":{"rendered":"Festival Quanta Cultura acontece nos dias 9 e 10 de novembro no Casar\u00e3o Pau Preto"},"content":{"rendered":"<div class=\"imais-before-content-placement\" id=\"imais-1755124419\"><script async src=\"\/\/pagead2.googlesyndication.com\/pagead\/js\/adsbygoogle.js?client=ca-pub-8787528412751566\" crossorigin=\"anonymous\"><\/script><ins class=\"adsbygoogle\" style=\"display:block;\" data-ad-client=\"ca-pub-8787528412751566\" \ndata-ad-slot=\"\" \ndata-ad-format=\"auto\"><\/ins>\n<script> \n(adsbygoogle = window.adsbygoogle || []).push({}); \n<\/script>\n<\/div>\n<p><em><small>Evento \u00e9 gratuito e aberto ao p\u00fablico<\/small><\/em><\/p>\n\n\n\n<p>Indaiatuba recebe, pela primeira vez, o Festival Quanta Cultura no s\u00e1bado (9) e no domingo (10) &nbsp;das 10h \u00e0s 16h, com uma programa\u00e7\u00e3o que traz atra\u00e7\u00f5es musicais, teatrais, atividade de literatura e de circo no Bosque do Casar\u00e3o Pau Preto, com entrada gratuita. Os recursos s\u00e3o advindos da LEI Paulo Gustavo, por meio do Governo do Estado de S\u00e3o Paulo e Secretaria da&nbsp; Cultura, Economia e Industria Criativas, Governo Federal e Minist\u00e9rio da Cultura. Conta com o apoio da Prefeitura de Indaiatuba, por meio da Secretaria Municipal de Cultura.<\/p>\n\n\n\n<p>O festival conta com o passeio cancioneiro popular inspirado nas fanfarras do leste europeu. &nbsp;No dia 9 de novembro, o inicio fica por conta do grupo \u201cOs Trilsons\u201d que ser\u00e3o respons\u00e1veis por apresentar \u201cA Procura das Notas\u201d, que mistura m\u00fasica e com\u00e9dia.<\/p>\n\n\n\n<p>Logo na sequ\u00eancia tem a apresenta\u00e7\u00e3o de circo \u201cAplausos e Vaia\u201d encenada por Filipe Bregantim que atua com o personagem \u201cMendon\u00e7a\u201d com magicas c\u00f4micas, demonstrando toda desenvoltura circense. Em seguida, acontece o espet\u00e1culo Baile do Cria que trar\u00e1 ao p\u00fablico can\u00e7\u00f5es, ritmos e garante muita alegria em uma festa bem brasileira, recheada de m\u00fasicas do cancioneiro popular e cantigas.<\/p>\n\n\n\n<p>Depois \u00e9 a&nbsp; vez da&nbsp; anima\u00e7\u00e3o de \u201cUm Tza Fanfarra\u201d que traz uma fanfarra para celebrar com todos os presentes. Al\u00e9m disso, contar\u00e1 com a explora\u00e7\u00e3o sensorial com tintas da natureza e coroa de flores com o Coletivo Brinc\u00e1 e tamb\u00e9m constru\u00e7\u00f5es de lugares fant\u00e1sticos com Gui Teixeira.<\/p>\n\n\n\n<p>No dia 10 de novembro, a programa\u00e7\u00e3o come\u00e7a com o show \u201cMexe e Remexe\u201d com m\u00fasicas e brincadeiras propondo uma intera\u00e7\u00e3o recheada de est\u00edmulos sonoros, t\u00e1teis, visuais e gestuais. O espet\u00e1culo de circo \u201cEnergia\u201d \u00e9 a pr\u00f3xima atra\u00e7\u00e3o com acrobacias e muitas atividades. Em seguida, a pe\u00e7a \u201cEsse Tal de Curupira\u201d que traz personagens das hist\u00f3rias de tradi\u00e7\u00e3o contadas pelos pais e av\u00f3s do Brasil afora que se originam no imagin\u00e1rio das etnias de origem Tupi.<\/p>\n\n\n\n<p>E encerra com a atra\u00e7\u00e3o musical \u201cAs Arrumadinhas\u201d que reproduzir\u00e1 manifesta\u00e7\u00f5es da cultura popular com as cl\u00e1ssicas do forr\u00f3 p\u00e9 de serra, xote, bai\u00e3o, dentre outros ritmos. Ainda contar\u00e1 com a explora\u00e7\u00e3o sensorial com tintas da natureza e m\u00f3biles da natureza, oficina de gravura em EVA e bolhas de sab\u00e3o sensoriais.<\/p>\n\n\n\n<p><strong><u>Programa\u00e7\u00e3o<\/u><\/strong><\/p>\n\n\n\n<p><strong>9 de novembro<\/strong><\/p>\n\n\n\n<p>10h \u00e0s 16h &#8211; Explora\u00e7\u00e3o Sensorial com tintas da natureza e coroa de flores (Coletivo Brinc\u00e1) e&nbsp; constru\u00e7\u00f5es de lugares fant\u00e1sticos (Gui Teixeira)<\/p>\n\n\n\n<p>11h &#8211; \u00c0 procura das notas (Os Trilsons)<\/p>\n\n\n\n<p>12h &#8211; Aplausos e vaias&nbsp; (Filipe Bregantim)<\/p>\n\n\n\n<p>13h30 &#8211; Baile do Cria (Cria Cantos e Contos)&nbsp;&nbsp;&nbsp;&nbsp;<\/p>\n\n\n\n<p>15h &#8211; Um Tza Fanfarra (Um Tza Fanfarra)<\/p>\n\n\n\n<p><strong>10 de novembro<\/strong><\/p>\n\n\n\n<p>10h \u00e0s 16h &#8211; Explora\u00e7\u00e3o sensorial com tintas da natureza e m\u00f3biles da natureza (Coletivo Brinc\u00e1) e bolhas de sab\u00e3o sensoriais, com Espa\u00e7o de Brincar, oficina de gravura em EVA (Por Que Guair\u00e1) e bolhas de sab\u00e3o sensoriais.<\/p>\n\n\n\n<p>11h &#8211; Mexe e Remexe (Cantinho do Joe)<\/p>\n\n\n\n<p>12h \u2013 Energia (Cuca Maravilha)<\/p>\n\n\n\n<p>13h30 &#8211; Esse Tal de Curupira (Grupo Manu\u00ed)<\/p>\n\n\n\n<p>15h &#8211; As Arrumadinhas (Forr\u00f3 das Minas)<\/p>\n\n\n\n<p><strong>Servi\u00e7o<\/strong><\/p>\n\n\n\n<p><strong>Festival Quanta Cultura Festival<\/strong><\/p>\n\n\n\n<p><strong>Data:<\/strong>&nbsp;9 e 10 de novembro.<\/p>\n\n\n\n<p><strong>Hor\u00e1rio:<\/strong>&nbsp;10h \u00e0s 16h.<\/p>\n\n\n\n<p><strong>Local:<\/strong>&nbsp;Casar\u00e3o Cultural Pau Preto &#8211; Rua Pedro Gon\u00e7alves, 477, Centro.<\/p>\n\n\n\n<p><strong>#Pratodosverem:<\/strong>&nbsp;Arte nas cores verde, amarela e laranja com as informa\u00e7\u00f5es do Festival Quanta Cultura . Fim da descri\u00e7\u00e3o.&nbsp;<\/p>\n","protected":false},"excerpt":{"rendered":"<p>Evento \u00e9 gratuito e aberto ao p\u00fablico Indaiatuba recebe, pela primeira vez, o Festival Quanta Cultura no s\u00e1bado (9) e no domingo (10) &nbsp;das 10h \u00e0s 16h, com uma programa\u00e7\u00e3o que traz atra\u00e7\u00f5es musicais, teatrais, atividade de literatura e de circo no Bosque do Casar\u00e3o Pau Preto, com entrada gratuita. Os recursos s\u00e3o advindos da [&hellip;]<\/p>\n","protected":false},"author":8,"featured_media":24846,"comment_status":"closed","ping_status":"open","sticky":false,"template":"","format":"standard","meta":{"rop_custom_images_group":[],"rop_custom_messages_group":[],"rop_publish_now":"initial","rop_publish_now_accounts":[],"rop_publish_now_history":[],"rop_publish_now_status":"pending","footnotes":""},"categories":[188],"tags":[],"class_list":["post-24845","post","type-post","status-publish","format-standard","has-post-thumbnail","hentry","category-indaiatuba"],"amp_enabled":true,"_links":{"self":[{"href":"https:\/\/imais.online\/portal\/wp-json\/wp\/v2\/posts\/24845","targetHints":{"allow":["GET"]}}],"collection":[{"href":"https:\/\/imais.online\/portal\/wp-json\/wp\/v2\/posts"}],"about":[{"href":"https:\/\/imais.online\/portal\/wp-json\/wp\/v2\/types\/post"}],"author":[{"embeddable":true,"href":"https:\/\/imais.online\/portal\/wp-json\/wp\/v2\/users\/8"}],"replies":[{"embeddable":true,"href":"https:\/\/imais.online\/portal\/wp-json\/wp\/v2\/comments?post=24845"}],"version-history":[{"count":1,"href":"https:\/\/imais.online\/portal\/wp-json\/wp\/v2\/posts\/24845\/revisions"}],"predecessor-version":[{"id":24847,"href":"https:\/\/imais.online\/portal\/wp-json\/wp\/v2\/posts\/24845\/revisions\/24847"}],"wp:featuredmedia":[{"embeddable":true,"href":"https:\/\/imais.online\/portal\/wp-json\/wp\/v2\/media\/24846"}],"wp:attachment":[{"href":"https:\/\/imais.online\/portal\/wp-json\/wp\/v2\/media?parent=24845"}],"wp:term":[{"taxonomy":"category","embeddable":true,"href":"https:\/\/imais.online\/portal\/wp-json\/wp\/v2\/categories?post=24845"},{"taxonomy":"post_tag","embeddable":true,"href":"https:\/\/imais.online\/portal\/wp-json\/wp\/v2\/tags?post=24845"}],"curies":[{"name":"wp","href":"https:\/\/api.w.org\/{rel}","templated":true}]}}