{"id":24855,"date":"2024-11-07T09:01:29","date_gmt":"2024-11-07T12:01:29","guid":{"rendered":"https:\/\/imais.online\/portal\/?p=24855"},"modified":"2024-11-07T09:01:30","modified_gmt":"2024-11-07T12:01:30","slug":"guarda-civil-de-indaiatuba-localiza-e-recupera-veiculo-roubado-em-limeira","status":"publish","type":"post","link":"https:\/\/imais.online\/portal\/guarda-civil-de-indaiatuba-localiza-e-recupera-veiculo-roubado-em-limeira\/","title":{"rendered":"Guarda Civil de Indaiatuba localiza e recupera ve\u00edculo roubado em Limeira"},"content":{"rendered":"<div class=\"imais-before-content-placement\" id=\"imais-268709973\"><script async src=\"\/\/pagead2.googlesyndication.com\/pagead\/js\/adsbygoogle.js?client=ca-pub-8787528412751566\" crossorigin=\"anonymous\"><\/script><ins class=\"adsbygoogle\" style=\"display:block;\" data-ad-client=\"ca-pub-8787528412751566\" \ndata-ad-slot=\"\" \ndata-ad-format=\"auto\"><\/ins>\n<script> \n(adsbygoogle = window.adsbygoogle || []).push({}); \n<\/script>\n<\/div>\n<p><em><small>Carro estava estacionado com a porta aberta no Jardim das Maritacas<\/small><\/em><\/p>\n\n\n\n<p>Na madrugada de sexta-feira (01), a Guarda Civil de Indaiatuba recuperou um ve\u00edculo, Onix, roubado na cidade de Limeira. O carro havia sido roubado no \u00faltimo dia 30 de setembro.<\/p>\n\n\n\n<p>Durante o patrulhamento preventivo pelo Jardim das Maritacas, a equipe da viatura 170 suspeitou do ve\u00edculo na Avenida Higien\u00f3polis. O carro estava estacionado com a porta aberta em um local ermo.<\/p>\n\n\n\n<p>Durante a averigua\u00e7\u00e3o do carro, os agentes constataram que o n\u00famero do chassi n\u00e3o correspondia ao n\u00famero da placa, e ap\u00f3s consultarem o chassi, verificaram que o ve\u00edculo possu\u00eda uma queixa de roubo na cidade de Limeira.<\/p>\n\n\n\n<p>Diante dos fatos, o carro foi recolhido pela equipe e conduzido at\u00e9 a delegacia de pol\u00edcia, onde a pol\u00edcia judici\u00e1ria deu continuidade aos tr\u00e2mites legais da ocorr\u00eancia.<\/p>\n","protected":false},"excerpt":{"rendered":"<p>Carro estava estacionado com a porta aberta no Jardim das Maritacas Na madrugada de sexta-feira (01), a Guarda Civil de Indaiatuba recuperou um ve\u00edculo, Onix, roubado na cidade de Limeira. O carro havia sido roubado no \u00faltimo dia 30 de setembro. Durante o patrulhamento preventivo pelo Jardim das Maritacas, a equipe da viatura 170 suspeitou [&hellip;]<\/p>\n","protected":false},"author":8,"featured_media":24856,"comment_status":"closed","ping_status":"open","sticky":false,"template":"","format":"standard","meta":{"rop_custom_images_group":[],"rop_custom_messages_group":[],"rop_publish_now":"initial","rop_publish_now_accounts":[],"rop_publish_now_history":[],"rop_publish_now_status":"pending","footnotes":""},"categories":[188],"tags":[],"class_list":["post-24855","post","type-post","status-publish","format-standard","has-post-thumbnail","hentry","category-indaiatuba"],"amp_enabled":true,"_links":{"self":[{"href":"https:\/\/imais.online\/portal\/wp-json\/wp\/v2\/posts\/24855","targetHints":{"allow":["GET"]}}],"collection":[{"href":"https:\/\/imais.online\/portal\/wp-json\/wp\/v2\/posts"}],"about":[{"href":"https:\/\/imais.online\/portal\/wp-json\/wp\/v2\/types\/post"}],"author":[{"embeddable":true,"href":"https:\/\/imais.online\/portal\/wp-json\/wp\/v2\/users\/8"}],"replies":[{"embeddable":true,"href":"https:\/\/imais.online\/portal\/wp-json\/wp\/v2\/comments?post=24855"}],"version-history":[{"count":1,"href":"https:\/\/imais.online\/portal\/wp-json\/wp\/v2\/posts\/24855\/revisions"}],"predecessor-version":[{"id":24857,"href":"https:\/\/imais.online\/portal\/wp-json\/wp\/v2\/posts\/24855\/revisions\/24857"}],"wp:featuredmedia":[{"embeddable":true,"href":"https:\/\/imais.online\/portal\/wp-json\/wp\/v2\/media\/24856"}],"wp:attachment":[{"href":"https:\/\/imais.online\/portal\/wp-json\/wp\/v2\/media?parent=24855"}],"wp:term":[{"taxonomy":"category","embeddable":true,"href":"https:\/\/imais.online\/portal\/wp-json\/wp\/v2\/categories?post=24855"},{"taxonomy":"post_tag","embeddable":true,"href":"https:\/\/imais.online\/portal\/wp-json\/wp\/v2\/tags?post=24855"}],"curies":[{"name":"wp","href":"https:\/\/api.w.org\/{rel}","templated":true}]}}