{"id":24858,"date":"2024-11-07T09:02:40","date_gmt":"2024-11-07T12:02:40","guid":{"rendered":"https:\/\/imais.online\/portal\/?p=24858"},"modified":"2024-11-07T09:02:41","modified_gmt":"2024-11-07T12:02:41","slug":"secretaria-de-saude-de-indaiatuba-anuncia-acoes-nas-unidades-em-alusao-ao-novembro-azul","status":"publish","type":"post","link":"https:\/\/imais.online\/portal\/secretaria-de-saude-de-indaiatuba-anuncia-acoes-nas-unidades-em-alusao-ao-novembro-azul\/","title":{"rendered":"Secretaria de Sa\u00fade de Indaiatuba anuncia a\u00e7\u00f5es nas unidades em alus\u00e3o ao Novembro Azul"},"content":{"rendered":"<div class=\"imais-before-content-placement\" id=\"imais-478703194\"><script async src=\"\/\/pagead2.googlesyndication.com\/pagead\/js\/adsbygoogle.js?client=ca-pub-8787528412751566\" crossorigin=\"anonymous\"><\/script><ins class=\"adsbygoogle\" style=\"display:block;\" data-ad-client=\"ca-pub-8787528412751566\" \ndata-ad-slot=\"\" \ndata-ad-format=\"auto\"><\/ins>\n<script> \n(adsbygoogle = window.adsbygoogle || []).push({}); \n<\/script>\n<\/div>\n<p><em><small>M\u00eas de preven\u00e7\u00e3o ao c\u00e2ncer de pr\u00f3stata tem atividades voltadas a promo\u00e7\u00e3o da sa\u00fade masculina<\/small><\/em><\/p>\n\n\n\n<p>A Secretaria de Sa\u00fade de Indaiatuba anunciou na manh\u00e3 desta quarta-feira (6) as a\u00e7\u00f5es do Novembro Azul, m\u00eas de conscientiza\u00e7\u00e3o do c\u00e2ncer de pr\u00f3stata e promo\u00e7\u00e3o da sa\u00fade masculina. Todas as unidades de sa\u00fade ter\u00e3o atividades voltadas ao tema para a comunidade local.<\/p>\n\n\n\n<p><strong><u>Confira o cronograma<\/u><\/strong><\/p>\n\n\n\n<ul class=\"wp-block-list\">\n<li><strong>UBS Parque Indai\u00e1:<\/strong>&nbsp;Todo o m\u00eas ter\u00e3o a\u00e7\u00f5es para cuidados da Sa\u00fade do Homem, com consultas agendas, consultas odontol\u00f3gicas, eletrocardiograma e roda de conversa no dia 06\/11\/2024 \u00e0s 9h30 com os profissionais da unidade.<\/li>\n\n\n\n<li><strong>UBS 09 Centro:<\/strong>&nbsp;Tenda Blitz Azul do dia 04 a 08\/11\/2024 das 8h \u00e0s 11h, com verifica\u00e7\u00e3o de sinais vitais, distribui\u00e7\u00e3o de preservativos, musicoterapia, din\u00e2micas e orienta\u00e7\u00f5es.&nbsp; Dia 05\/11\/2024 avalia\u00e7\u00e3o da sa\u00fade bucal e atendimento m\u00e9dico com hor\u00e1rio estendido nos dias 19 e 21\/11\/2024.<\/li>\n\n\n\n<li><strong>UBS Maritacas:<\/strong>&nbsp;Dia 08\/11\/2024 das 13h \u00e0s 16h, com realiza\u00e7\u00e3o de eletrocardiograma, preven\u00e7\u00e3o de sa\u00fade bucal, palestra sobre Sa\u00fade do Homem e roda de conversa sobre o envelhecimento masculino.<\/li>\n\n\n\n<li><strong>UBS Itaici<\/strong>: Dia 09\/11\/2024 das 8h \u00e0s 12h no estacionamento da Igreja S\u00e3o Jos\u00e9, com vacina\u00e7\u00e3o, avalia\u00e7\u00e3o da sa\u00fade do homem, agendamento de exames e verifica\u00e7\u00e3o de sinais vitais.<\/li>\n\n\n\n<li><strong>UBS Jardim Oliveira Camargo:<\/strong>&nbsp;Dia 14\/11\/2024 \u00e0s 8h, realiza\u00e7\u00e3o de consultas m\u00e9dicas, consultas odontol\u00f3gicas, coleta de exames e din\u00e2micas educativas.<\/li>\n\n\n\n<li><strong>UBS Jardim Brasil:<\/strong>&nbsp;Dia 14\/11\/2024 \u00e0s 8h, roda de conversa &#8220;Papo de Homem&#8221; com o m\u00e9dico da fam\u00edlia e dentista. Ap\u00f3s a palestra ser\u00e3o realizadas consultas m\u00e9dicas, solicita\u00e7\u00e3o de exames e atualiza\u00e7\u00e3o vacinal.<\/li>\n\n\n\n<li><strong>UBS Carlos Aldrovandi:&nbsp;<\/strong>Dia 14\/11\/2024 \u00e0s 14h, bate papo com Dr. Wilfredo e Dr. Armando, musicoterapia e terapia comunit\u00e1ria, solicita\u00e7\u00e3o de exames.<\/li>\n\n\n\n<li><strong>UBS Jardim Calif\u00f3rnia:<\/strong>&nbsp;Dia 21\/11\/2024 das 7h \u00e0s 16h com atendimentos exclusivos para homens, consultas m\u00e9dicas, coleta de exames e realiza\u00e7\u00e3o de eletrocardiogramas, palestras educativas com a equipe de odontologia, palestra sobre a import\u00e2ncia da sa\u00fade do homem e caf\u00e9 da manh\u00e3.<\/li>\n\n\n\n<li><strong>UBS Camargo Andrade:<\/strong>&nbsp;Dia 23\/11\/2024 das 8h \u00e0s 12h, palestra com Dra. Marta Consulin, consultas m\u00e9dicas, consultas odontol\u00f3gicas, realiza\u00e7\u00e3o de eletrocardiogramas, corte de cabelo e delicioso caf\u00e9 da manh\u00e3.<\/li>\n\n\n\n<li><strong>UBS Umuarama:<\/strong>&nbsp;Dia 23\/11\/2024 das 8h \u00e0s 12h, consultas m\u00e9dicas, realiza\u00e7\u00e3o de eletrocardiograma, consultas odontol\u00f3gicas e vacina\u00e7\u00e3o.<\/li>\n\n\n\n<li><strong>UBS Campo Bonito:<\/strong>&nbsp;Dia 25\/11\/2024 das 17h \u00e0s 20h, realiza\u00e7\u00e3o de atendimento odontol\u00f3gico, consultas m\u00e9dicas, corte de cabelo, realiza\u00e7\u00e3o de eletrocardiograma, testes r\u00e1pidos de ISTs e palestras educativas.<\/li>\n\n\n\n<li><strong>UBS 07:<\/strong>&nbsp;Dia 25\/11\/2024 das 7h \u00e0s 12h, s\u00e9rie de palestras sobre aparelho urogenital masculino, import\u00e2ncia do diagn\u00f3stico precoce, mitos e verdades sobre o c\u00e2ncer de pr\u00f3stata, estrat\u00e9gias de preven\u00e7\u00e3o do c\u00e2ncer de pr\u00f3stata e c\u00e2ncer bucal.<\/li>\n\n\n\n<li><strong>UBS 01:<\/strong>&nbsp;Dia 26\/11\/2024 \u00e0s 9h30, com realiza\u00e7\u00e3o de testes r\u00e1pidos, realiza\u00e7\u00e3o de eletrocardiograma e palestras educativas para conscientiza\u00e7\u00e3o da sa\u00fade do homem.<\/li>\n\n\n\n<li><strong>UBS Cecap:<\/strong>&nbsp;Dia 26\/11\/2024 o dia todo com realiza\u00e7\u00e3o de testes r\u00e1pidos de ISTs, realiza\u00e7\u00e3o de eletrocardiograma e roda de conversa \u00e0s 11h com Dr. George Suaren.<\/li>\n\n\n\n<li><strong>UBS 04:<\/strong>&nbsp;Dia 27\/11\/2024 com realiza\u00e7\u00f5es de consultas m\u00e9dicas, realiza\u00e7\u00e3o de testes r\u00e1pidos de ISTs, realiza\u00e7\u00e3o de eletrocardiograma e roda de conversa.<\/li>\n\n\n\n<li><strong>UBS Jo\u00e3o Pioli:<\/strong>&nbsp;Dia 30\/11\/2024 das 8h \u00e0s 12h, com realiza\u00e7\u00e3o de testes r\u00e1pidos para ISTs, realiza\u00e7\u00e3o de eletrocardiograma, consultas odontol\u00f3gicas e atualiza\u00e7\u00e3o vacinal.<\/li>\n\n\n\n<li><strong>UBS Parque Corolla:<\/strong>&nbsp;Dia 30\/11\/2024 das 8h \u00e0s 12h, consultas m\u00e9dicas, consultas odontol\u00f3gicas, realiza\u00e7\u00e3o de testes r\u00e1pidos para ISTs, atualiza\u00e7\u00e3o vacinal, orienta\u00e7\u00f5es e caf\u00e9 da manh\u00e3.&nbsp;<\/li>\n<\/ul>\n\n\n\n<p><\/p>\n","protected":false},"excerpt":{"rendered":"<p>M\u00eas de preven\u00e7\u00e3o ao c\u00e2ncer de pr\u00f3stata tem atividades voltadas a promo\u00e7\u00e3o da sa\u00fade masculina A Secretaria de Sa\u00fade de Indaiatuba anunciou na manh\u00e3 desta quarta-feira (6) as a\u00e7\u00f5es do Novembro Azul, m\u00eas de conscientiza\u00e7\u00e3o do c\u00e2ncer de pr\u00f3stata e promo\u00e7\u00e3o da sa\u00fade masculina. Todas as unidades de sa\u00fade ter\u00e3o atividades voltadas ao tema para [&hellip;]<\/p>\n","protected":false},"author":8,"featured_media":24859,"comment_status":"closed","ping_status":"open","sticky":false,"template":"","format":"standard","meta":{"rop_custom_images_group":[],"rop_custom_messages_group":[],"rop_publish_now":"initial","rop_publish_now_accounts":[],"rop_publish_now_history":[],"rop_publish_now_status":"pending","footnotes":""},"categories":[188],"tags":[73],"class_list":["post-24858","post","type-post","status-publish","format-standard","has-post-thumbnail","hentry","category-indaiatuba","tag-featured"],"amp_enabled":true,"_links":{"self":[{"href":"https:\/\/imais.online\/portal\/wp-json\/wp\/v2\/posts\/24858","targetHints":{"allow":["GET"]}}],"collection":[{"href":"https:\/\/imais.online\/portal\/wp-json\/wp\/v2\/posts"}],"about":[{"href":"https:\/\/imais.online\/portal\/wp-json\/wp\/v2\/types\/post"}],"author":[{"embeddable":true,"href":"https:\/\/imais.online\/portal\/wp-json\/wp\/v2\/users\/8"}],"replies":[{"embeddable":true,"href":"https:\/\/imais.online\/portal\/wp-json\/wp\/v2\/comments?post=24858"}],"version-history":[{"count":1,"href":"https:\/\/imais.online\/portal\/wp-json\/wp\/v2\/posts\/24858\/revisions"}],"predecessor-version":[{"id":24860,"href":"https:\/\/imais.online\/portal\/wp-json\/wp\/v2\/posts\/24858\/revisions\/24860"}],"wp:featuredmedia":[{"embeddable":true,"href":"https:\/\/imais.online\/portal\/wp-json\/wp\/v2\/media\/24859"}],"wp:attachment":[{"href":"https:\/\/imais.online\/portal\/wp-json\/wp\/v2\/media?parent=24858"}],"wp:term":[{"taxonomy":"category","embeddable":true,"href":"https:\/\/imais.online\/portal\/wp-json\/wp\/v2\/categories?post=24858"},{"taxonomy":"post_tag","embeddable":true,"href":"https:\/\/imais.online\/portal\/wp-json\/wp\/v2\/tags?post=24858"}],"curies":[{"name":"wp","href":"https:\/\/api.w.org\/{rel}","templated":true}]}}