{"id":24871,"date":"2024-11-11T15:07:09","date_gmt":"2024-11-11T18:07:09","guid":{"rendered":"https:\/\/imais.online\/portal\/?p=24871"},"modified":"2024-11-11T15:07:10","modified_gmt":"2024-11-11T18:07:10","slug":"prefeito-nilson-gaspar-assina-decreto-que-cria-comissao-de-transicao-de-governo","status":"publish","type":"post","link":"https:\/\/imais.online\/portal\/prefeito-nilson-gaspar-assina-decreto-que-cria-comissao-de-transicao-de-governo\/","title":{"rendered":"Prefeito Nilson Gaspar assina Decreto que cria Comiss\u00e3o de Transi\u00e7\u00e3o de Governo"},"content":{"rendered":"<div class=\"imais-before-content-placement\" id=\"imais-2866613114\"><script async src=\"\/\/pagead2.googlesyndication.com\/pagead\/js\/adsbygoogle.js?client=ca-pub-8787528412751566\" crossorigin=\"anonymous\"><\/script><ins class=\"adsbygoogle\" style=\"display:block;\" data-ad-client=\"ca-pub-8787528412751566\" \ndata-ad-slot=\"\" \ndata-ad-format=\"auto\"><\/ins>\n<script> \n(adsbygoogle = window.adsbygoogle || []).push({}); \n<\/script>\n<\/div>\n<p><em><small>Documento est\u00e1 publicado na edi\u00e7\u00e3o n\u00ba 3091 da Imprensa Oficial do Munic\u00edpio<\/small><\/em><\/p>\n\n\n\n<p>A Comiss\u00e3o de Transi\u00e7\u00e3o de Governo do Munic\u00edpio de Indaiatuba j\u00e1 est\u00e1 formada. O prefeito Nilson Gaspar recebeu o prefeito eleito Dr. Cust\u00f3dio Tavares em seu Gabinete na manh\u00e3 desta sexta-feira (8\/11) para a assinatura do Decreto n\u00ba 15.313, de 08 de novembro de 2024, que disp\u00f5e sobre a nomea\u00e7\u00e3o dos membros para compor a Comiss\u00e3o. O documento est\u00e1 publicado na edi\u00e7\u00e3o n\u00ba 3091 da Imprensa Oficial do Munic\u00edpio.<\/p>\n\n\n\n<p>Fazem parte da Comiss\u00e3o de Transi\u00e7\u00e3o os seguintes membros: Cesar Franco de Lima, da Secretaria Municipal de Educa\u00e7\u00e3o; Graziela Drigo Bossolan Garcia, da Secretaria de Sa\u00fade; Dra. Graziela Milani e Thiago do Nascimento Silva de Souza, da Secretaria de Rela\u00e7\u00f5es Institucionais e Comunica\u00e7\u00e3o; Luiz Henrique Furlan e Jos\u00e9 Carlos Melli Filho, da Secretaria de Administra\u00e7\u00e3o; Paula Fernanda Sciamarelli, da Secretaria da Fazenda, e Waldemar Batista J\u00fanior, da Secretaria de Seguran\u00e7a P\u00fablica.<\/p>\n\n\n\n<p>O prefeito Nilson Gaspar refor\u00e7a que a Comiss\u00e3o de transi\u00e7\u00e3o ter\u00e1 livre acesso a todos os \u00f3rg\u00e3os da administra\u00e7\u00e3o p\u00fablica, autarquia e funda\u00e7\u00e3o, inclusive \u00e0s informa\u00e7\u00f5es contidas em registros ou documentos. \u201cO Dr. Cust\u00f3dio j\u00e1 conhece bem todos os tr\u00e2mites internos do servi\u00e7o p\u00fablico municipal, mas \u00e9 importante que agora ele tenha esse acesso amplo a todas as secretarias, conhecer a fundo todos os projetos que est\u00e3o em andamento, para que ele possa iniciar o seu mandato no pr\u00f3ximo ano, pronto para dar continuidade aos trabalhos\u201d, justificou.&nbsp;&nbsp;<\/p>\n\n\n\n<p>Dr Cust\u00f3dio avisou que est\u00e1 pronto para a transi\u00e7\u00e3o e que pretende se dedicar ao m\u00e1ximo nessas pr\u00f3ximas semanas, para que o processo seja o mais tranquilo poss\u00edvel. \u201cVamos fazer uma transi\u00e7\u00e3o bem tranquila e queremos dar essa tranquilidade para nossos mun\u00edcipes. A popula\u00e7\u00e3o pode estar certa que n\u00e3o medirei esfor\u00e7os para dar continuidade a essa hist\u00f3ria de conquistas que fazem Indaiatuba se destacar como uma das cidades com melhor qualidade de vida do pa\u00eds\u201d, complementou o prefeito eleito.<\/p>\n\n\n\n<p>A transi\u00e7\u00e3o governamental \u00e9 o processo que objetiva propiciar condi\u00e7\u00f5es para que o candidato eleito para o cargo de prefeito possa receber de seu antecessor todo os dados e informa\u00e7\u00f5es necess\u00e1rias \u00e0 implementa\u00e7\u00e3o do programa do novo governo, j\u00e1 a partir da data da posse.<\/p>\n","protected":false},"excerpt":{"rendered":"<p>Documento est\u00e1 publicado na edi\u00e7\u00e3o n\u00ba 3091 da Imprensa Oficial do Munic\u00edpio A Comiss\u00e3o de Transi\u00e7\u00e3o de Governo do Munic\u00edpio de Indaiatuba j\u00e1 est\u00e1 formada. O prefeito Nilson Gaspar recebeu o prefeito eleito Dr. Cust\u00f3dio Tavares em seu Gabinete na manh\u00e3 desta sexta-feira (8\/11) para a assinatura do Decreto n\u00ba 15.313, de 08 de novembro [&hellip;]<\/p>\n","protected":false},"author":8,"featured_media":24872,"comment_status":"closed","ping_status":"open","sticky":false,"template":"","format":"standard","meta":{"rop_custom_images_group":[],"rop_custom_messages_group":[],"rop_publish_now":"initial","rop_publish_now_accounts":[],"rop_publish_now_history":[],"rop_publish_now_status":"pending","footnotes":""},"categories":[188],"tags":[73],"class_list":["post-24871","post","type-post","status-publish","format-standard","has-post-thumbnail","hentry","category-indaiatuba","tag-featured"],"amp_enabled":true,"_links":{"self":[{"href":"https:\/\/imais.online\/portal\/wp-json\/wp\/v2\/posts\/24871","targetHints":{"allow":["GET"]}}],"collection":[{"href":"https:\/\/imais.online\/portal\/wp-json\/wp\/v2\/posts"}],"about":[{"href":"https:\/\/imais.online\/portal\/wp-json\/wp\/v2\/types\/post"}],"author":[{"embeddable":true,"href":"https:\/\/imais.online\/portal\/wp-json\/wp\/v2\/users\/8"}],"replies":[{"embeddable":true,"href":"https:\/\/imais.online\/portal\/wp-json\/wp\/v2\/comments?post=24871"}],"version-history":[{"count":1,"href":"https:\/\/imais.online\/portal\/wp-json\/wp\/v2\/posts\/24871\/revisions"}],"predecessor-version":[{"id":24873,"href":"https:\/\/imais.online\/portal\/wp-json\/wp\/v2\/posts\/24871\/revisions\/24873"}],"wp:featuredmedia":[{"embeddable":true,"href":"https:\/\/imais.online\/portal\/wp-json\/wp\/v2\/media\/24872"}],"wp:attachment":[{"href":"https:\/\/imais.online\/portal\/wp-json\/wp\/v2\/media?parent=24871"}],"wp:term":[{"taxonomy":"category","embeddable":true,"href":"https:\/\/imais.online\/portal\/wp-json\/wp\/v2\/categories?post=24871"},{"taxonomy":"post_tag","embeddable":true,"href":"https:\/\/imais.online\/portal\/wp-json\/wp\/v2\/tags?post=24871"}],"curies":[{"name":"wp","href":"https:\/\/api.w.org\/{rel}","templated":true}]}}