{"id":24880,"date":"2024-11-11T15:20:43","date_gmt":"2024-11-11T18:20:43","guid":{"rendered":"https:\/\/imais.online\/portal\/?p=24880"},"modified":"2024-11-11T15:20:44","modified_gmt":"2024-11-11T18:20:44","slug":"imagem-do-cometa-do-seculo-revela-fenomeno-inesperado-em-sua-cauda","status":"publish","type":"post","link":"https:\/\/imais.online\/portal\/imagem-do-cometa-do-seculo-revela-fenomeno-inesperado-em-sua-cauda\/","title":{"rendered":"Imagem do \u201ccometa do s\u00e9culo\u201d revela fen\u00f4meno inesperado em sua cauda"},"content":{"rendered":"<div class=\"imais-before-content-placement\" id=\"imais-2194123297\"><script async src=\"\/\/pagead2.googlesyndication.com\/pagead\/js\/adsbygoogle.js?client=ca-pub-8787528412751566\" crossorigin=\"anonymous\"><\/script><ins class=\"adsbygoogle\" style=\"display:block;\" data-ad-client=\"ca-pub-8787528412751566\" \ndata-ad-slot=\"\" \ndata-ad-format=\"auto\"><\/ins>\n<script> \n(adsbygoogle = window.adsbygoogle || []).push({}); \n<\/script>\n<\/div>\n<p>Foto registrada em outubro durante a passagem do cometa pela Terra intriga os cientistas<\/p>\n\n\n\n<p>A imagem astron\u00f4mica do dia publicada pela Nasa nesta segunda-feira (11) mostra um fen\u00f4meno inesperado no cometa\u00a0<strong>C\/2023 A3 (Tsuchinshan-ATLAS),\u00a0<\/strong>apelidado de\u00a0<strong>\u201ccometa do s\u00e9culo\u201d<\/strong>: uma faixa escura no meio de sua longa cauda brilhante.<\/p>\n\n\n\n<p>O efeito n\u00e3o \u00e9 comum e, segundo a Nasa, tem sido objeto de debate entre os astr\u00f4nomos. Segundo a ag\u00eancia espacial, existem algumas poss\u00edveis causas para a faixa mais escura na cauda do cometa: uma pluma de poeira mais escura; a sobreposi\u00e7\u00e3o de diferentes partes da cauda brilhante causando este efeito \u00f3tico; ou a sombra projetada por uma parte da coma (a nuvem de poeira e g\u00e1s ao redor do n\u00facleo do\u00a0cometa) em part\u00edculas de poeira.<\/p>\n\n\n\n<p>Na imagem, tirada em 14 de outubro, do Texas, nos Estados Unidos, tamb\u00e9m \u00e9 poss\u00edvel ver sua longa cauda brilhante e uma fina anticauda, que fica \u201cna frente\u201d do cometa, como se apontasse a dire\u00e7\u00e3o que ele deve seguir.<\/p>\n\n\n\n<p><strong>Veja a imagem completa:<\/strong><\/p>\n\n\n<div class=\"wp-block-image\">\n<figure class=\"alignleft\" id=\"attachment_11094489\"><img decoding=\"async\" src=\"https:\/\/www.cnnbrasil.com.br\/wp-content\/uploads\/sites\/12\/2024\/11\/cometa-do-seculo-1-1.jpg?w=755\" alt=\"\" class=\"wp-image-11094489\"\/><figcaption class=\"wp-element-caption\">Imagem do \u201ccometa do s\u00e9culo\u201d intriga cientistas com fen\u00f4meno inesperado na cauda \u2022 Bray Falls<\/figcaption><\/figure>\n<\/div>\n\n\n<p>A cauda de um cometa geralmente \u00e9 formada por \u00edons \u2013 gases ionizados por f\u00f3tons ultravioletas soprados pelo vento solar que adquirem um tom azulado \u2013 e por poeira e gelo, que adquirem a cor branca.<\/p>\n\n\n\n<p>J\u00e1 a anticauda \u00e9 um fen\u00f4meno \u00f3ptico mais raro, que ocorre gra\u00e7as a nossa perspectiva de observa\u00e7\u00e3o a partir da Terra. O tra\u00e7o fino de luz \u00e9 formado pela poeira deixada para tr\u00e1s pelo cometa enquanto ele completava sua \u00f3rbita ao redor do Sol.<\/p>\n\n\n\n<p>O \u201ccometa do s\u00e9culo\u201d\u00a0atingiu sua proximidade m\u00e1xima da Terra\u00a0em meados de outubro e ficou vis\u00edvel no c\u00e9u noturno por quase um m\u00eas. Agora, o corpo celeste j\u00e1 se distanciou consideravelmente e est\u00e1 saindo de nosso Sistema Solar.<\/p>\n\n\n\n<p>Fonte CNN Brasil<\/p>\n","protected":false},"excerpt":{"rendered":"<p>Foto registrada em outubro durante a passagem do cometa pela Terra intriga os cientistas A imagem astron\u00f4mica do dia publicada pela Nasa nesta segunda-feira (11) mostra um fen\u00f4meno inesperado no cometa\u00a0C\/2023 A3 (Tsuchinshan-ATLAS),\u00a0apelidado de\u00a0\u201ccometa do s\u00e9culo\u201d: uma faixa escura no meio de sua longa cauda brilhante. O efeito n\u00e3o \u00e9 comum e, segundo a Nasa, [&hellip;]<\/p>\n","protected":false},"author":8,"featured_media":24881,"comment_status":"closed","ping_status":"open","sticky":false,"template":"","format":"standard","meta":{"rop_custom_images_group":[],"rop_custom_messages_group":[],"rop_publish_now":"initial","rop_publish_now_accounts":[],"rop_publish_now_history":[],"rop_publish_now_status":"pending","footnotes":""},"categories":[212],"tags":[],"class_list":["post-24880","post","type-post","status-publish","format-standard","has-post-thumbnail","hentry","category-internacional"],"amp_enabled":true,"_links":{"self":[{"href":"https:\/\/imais.online\/portal\/wp-json\/wp\/v2\/posts\/24880","targetHints":{"allow":["GET"]}}],"collection":[{"href":"https:\/\/imais.online\/portal\/wp-json\/wp\/v2\/posts"}],"about":[{"href":"https:\/\/imais.online\/portal\/wp-json\/wp\/v2\/types\/post"}],"author":[{"embeddable":true,"href":"https:\/\/imais.online\/portal\/wp-json\/wp\/v2\/users\/8"}],"replies":[{"embeddable":true,"href":"https:\/\/imais.online\/portal\/wp-json\/wp\/v2\/comments?post=24880"}],"version-history":[{"count":1,"href":"https:\/\/imais.online\/portal\/wp-json\/wp\/v2\/posts\/24880\/revisions"}],"predecessor-version":[{"id":24882,"href":"https:\/\/imais.online\/portal\/wp-json\/wp\/v2\/posts\/24880\/revisions\/24882"}],"wp:featuredmedia":[{"embeddable":true,"href":"https:\/\/imais.online\/portal\/wp-json\/wp\/v2\/media\/24881"}],"wp:attachment":[{"href":"https:\/\/imais.online\/portal\/wp-json\/wp\/v2\/media?parent=24880"}],"wp:term":[{"taxonomy":"category","embeddable":true,"href":"https:\/\/imais.online\/portal\/wp-json\/wp\/v2\/categories?post=24880"},{"taxonomy":"post_tag","embeddable":true,"href":"https:\/\/imais.online\/portal\/wp-json\/wp\/v2\/tags?post=24880"}],"curies":[{"name":"wp","href":"https:\/\/api.w.org\/{rel}","templated":true}]}}