{"id":24887,"date":"2024-11-12T19:40:17","date_gmt":"2024-11-12T22:40:17","guid":{"rendered":"https:\/\/imais.online\/portal\/?p=24887"},"modified":"2024-11-12T19:40:18","modified_gmt":"2024-11-12T22:40:18","slug":"shopping-jaragua-indaiatuba-transforma-inauguracao-do-natal-em-grande-show","status":"publish","type":"post","link":"https:\/\/imais.online\/portal\/shopping-jaragua-indaiatuba-transforma-inauguracao-do-natal-em-grande-show\/","title":{"rendered":"Shopping Jaragu\u00e1 Indaiatuba transforma inaugura\u00e7\u00e3o do Natal em grande show"},"content":{"rendered":"<div class=\"imais-before-content-placement\" id=\"imais-996502700\"><script async src=\"\/\/pagead2.googlesyndication.com\/pagead\/js\/adsbygoogle.js?client=ca-pub-8787528412751566\" crossorigin=\"anonymous\"><\/script><ins class=\"adsbygoogle\" style=\"display:block;\" data-ad-client=\"ca-pub-8787528412751566\" \ndata-ad-slot=\"\" \ndata-ad-format=\"auto\"><\/ins>\n<script> \n(adsbygoogle = window.adsbygoogle || []).push({}); \n<\/script>\n<\/div>\n<p>No \u00faltimo s\u00e1bado, 9 de novembro, o Shopping Jaragu\u00e1 Indaiatuba abriu oficialmente<br>sua temporada natalina com um evento que atraiu uma grande quantidade de visitantes<br>para a Pra\u00e7a de Alimenta\u00e7\u00e3o. A celebra\u00e7\u00e3o, marcada por momentos de alegria e uni\u00e3o,<br>trouxe ao p\u00fablico uma programa\u00e7\u00e3o especial que promete encantar fam\u00edlias ao longo<br>de toda a temporada de Natal.<\/p>\n\n\n\n<figure class=\"wp-block-image size-full\"><img loading=\"lazy\" decoding=\"async\" width=\"940\" height=\"788\" src=\"https:\/\/imais.online\/portal\/wp-content\/uploads\/2024\/11\/1.png\" alt=\"\" class=\"wp-image-24889\" srcset=\"https:\/\/imais.online\/portal\/wp-content\/uploads\/2024\/11\/1.png 940w, https:\/\/imais.online\/portal\/wp-content\/uploads\/2024\/11\/1-300x251.png 300w, https:\/\/imais.online\/portal\/wp-content\/uploads\/2024\/11\/1-768x644.png 768w\" sizes=\"auto, (max-width: 940px) 100vw, 940px\" \/><\/figure>\n\n\n\n<p>O evento teve in\u00edcio com uma apresenta\u00e7\u00e3o do grupo da Melhor Idade Viver<br>Independ\u00eancia, que trouxe ao palco um musical inspirado no cl\u00e1ssico filme &#8220;Mudan\u00e7a<br>de H\u00e1bito&#8221;. A performance resgatou refer\u00eancias nost\u00e1lgicas e encantou o p\u00fablico com<br>uma atmosfera festiva e animada. Logo ap\u00f3s, a artista Cintia Lopes, cover oficial da<br>apresentadora Xuxa, assumiu o palco, levando o p\u00fablico a uma viagem musical pelos<br>anos 80 e 90. Esta foi a primeira vez que Lopes se apresentou na cidade, e a recep\u00e7\u00e3o<br>calorosa do p\u00fablico, composto por adultos e crian\u00e7as, demonstrou o sucesso do show.<\/p>\n\n\n\n<figure class=\"wp-block-image size-full\"><img loading=\"lazy\" decoding=\"async\" width=\"940\" height=\"788\" src=\"https:\/\/imais.online\/portal\/wp-content\/uploads\/2024\/11\/2.png\" alt=\"\" class=\"wp-image-24890\" srcset=\"https:\/\/imais.online\/portal\/wp-content\/uploads\/2024\/11\/2.png 940w, https:\/\/imais.online\/portal\/wp-content\/uploads\/2024\/11\/2-300x251.png 300w, https:\/\/imais.online\/portal\/wp-content\/uploads\/2024\/11\/2-768x644.png 768w\" sizes=\"auto, (max-width: 940px) 100vw, 940px\" \/><\/figure>\n\n\n\n<p>A plateia cantou e dan\u00e7ou ao som de m\u00fasicas que marcaram gera\u00e7\u00f5es, transformando<br>o shopping em um ambiente de festa que atraiu tamb\u00e9m visitantes de cidades vizinhas.<\/p>\n\n\n\n<figure class=\"wp-block-image size-full\"><img loading=\"lazy\" decoding=\"async\" width=\"940\" height=\"788\" src=\"https:\/\/imais.online\/portal\/wp-content\/uploads\/2024\/11\/5.png\" alt=\"\" class=\"wp-image-24891\" srcset=\"https:\/\/imais.online\/portal\/wp-content\/uploads\/2024\/11\/5.png 940w, https:\/\/imais.online\/portal\/wp-content\/uploads\/2024\/11\/5-300x251.png 300w, https:\/\/imais.online\/portal\/wp-content\/uploads\/2024\/11\/5-768x644.png 768w\" sizes=\"auto, (max-width: 940px) 100vw, 940px\" \/><\/figure>\n\n\n\n<p>O ponto alto da noite foi a chegada do Papai Noel, que trouxe a magia do Natal para o<br>Shopping Jaragu\u00e1. O \u201cbom velhinho\u201d estar\u00e1 presente nos fins de semana, posando para<br>fotos e interagindo com o p\u00fablico. A decora\u00e7\u00e3o, inspirada no tema &#8220;Alegria de Natal&#8221;,<br>refor\u00e7a o compromisso do shopping em proporcionar um ambiente acolhedor e prop\u00edcio<br>para celebra\u00e7\u00f5es familiares.<\/p>\n\n\n\n<figure class=\"wp-block-image size-full\"><img loading=\"lazy\" decoding=\"async\" width=\"940\" height=\"788\" src=\"https:\/\/imais.online\/portal\/wp-content\/uploads\/2024\/11\/3.png\" alt=\"\" class=\"wp-image-24892\" srcset=\"https:\/\/imais.online\/portal\/wp-content\/uploads\/2024\/11\/3.png 940w, https:\/\/imais.online\/portal\/wp-content\/uploads\/2024\/11\/3-300x251.png 300w, https:\/\/imais.online\/portal\/wp-content\/uploads\/2024\/11\/3-768x644.png 768w\" sizes=\"auto, (max-width: 940px) 100vw, 940px\" \/><\/figure>\n\n\n\n<p>Com uma programa\u00e7\u00e3o especial que se estender\u00e1 at\u00e9 o final do ano, o Shopping<br>Jaragu\u00e1 Indaiatuba reafirma sua import\u00e2ncia como um espa\u00e7o de encontros e<br>comemora\u00e7\u00f5es para a comunidade local e da regi\u00e3o. As atividades previstas incluem<br>shows, apresenta\u00e7\u00f5es culturais e espa\u00e7os decorados para fotos, criando uma<br>experi\u00eancia completa para quem deseja aproveitar o clima natalino.<\/p>\n\n\n\n<figure class=\"wp-block-image size-full\"><img loading=\"lazy\" decoding=\"async\" width=\"940\" height=\"788\" src=\"https:\/\/imais.online\/portal\/wp-content\/uploads\/2024\/11\/6.png\" alt=\"\" class=\"wp-image-24893\" srcset=\"https:\/\/imais.online\/portal\/wp-content\/uploads\/2024\/11\/6.png 940w, https:\/\/imais.online\/portal\/wp-content\/uploads\/2024\/11\/6-300x251.png 300w, https:\/\/imais.online\/portal\/wp-content\/uploads\/2024\/11\/6-768x644.png 768w\" sizes=\"auto, (max-width: 940px) 100vw, 940px\" \/><\/figure>\n\n\n\n<p><strong>Sobre o Shopping Jaragu\u00e1 Indaiatuba<br><\/strong>O Shopping Jaragu\u00e1 Indaiatuba \u00e9 uma empresa do Grupo Sol Panamby e administrado pela WE9, inaugurado em 1993, \u00e9 o destino preferido das fam\u00edlias em um ambiente confort\u00e1vel e seguro, conta com uma infraestrutura completa, com mix de lojas diversificado, estacionamento, pra\u00e7a de alimenta\u00e7\u00e3o com v\u00e1rias op\u00e7\u00f5es gastron\u00f4micas, al\u00e9m de opera\u00e7\u00f5es de servi\u00e7os e de lazer.<\/p>\n\n\n\n<p><br>Endere\u00e7o: Rua Quinze de Novembro, 1.200, Centro.<br>Informa\u00e7\u00f5es: (19) 3875-8933<br>Site: www.shoppingjaragua.com.br\/indaiatuba<\/p>\n","protected":false},"excerpt":{"rendered":"<p>No \u00faltimo s\u00e1bado, 9 de novembro, o Shopping Jaragu\u00e1 Indaiatuba abriu oficialmentesua temporada natalina com um evento que atraiu uma grande quantidade de visitantespara a Pra\u00e7a de Alimenta\u00e7\u00e3o. A celebra\u00e7\u00e3o, marcada por momentos de alegria e uni\u00e3o,trouxe ao p\u00fablico uma programa\u00e7\u00e3o especial que promete encantar fam\u00edlias ao longode toda a temporada de Natal. O evento [&hellip;]<\/p>\n","protected":false},"author":7,"featured_media":24888,"comment_status":"closed","ping_status":"open","sticky":false,"template":"","format":"standard","meta":{"rop_custom_images_group":[],"rop_custom_messages_group":[],"rop_publish_now":"initial","rop_publish_now_accounts":[],"rop_publish_now_history":[],"rop_publish_now_status":"pending","footnotes":""},"categories":[188],"tags":[73],"class_list":["post-24887","post","type-post","status-publish","format-standard","has-post-thumbnail","hentry","category-indaiatuba","tag-featured"],"amp_enabled":true,"_links":{"self":[{"href":"https:\/\/imais.online\/portal\/wp-json\/wp\/v2\/posts\/24887","targetHints":{"allow":["GET"]}}],"collection":[{"href":"https:\/\/imais.online\/portal\/wp-json\/wp\/v2\/posts"}],"about":[{"href":"https:\/\/imais.online\/portal\/wp-json\/wp\/v2\/types\/post"}],"author":[{"embeddable":true,"href":"https:\/\/imais.online\/portal\/wp-json\/wp\/v2\/users\/7"}],"replies":[{"embeddable":true,"href":"https:\/\/imais.online\/portal\/wp-json\/wp\/v2\/comments?post=24887"}],"version-history":[{"count":1,"href":"https:\/\/imais.online\/portal\/wp-json\/wp\/v2\/posts\/24887\/revisions"}],"predecessor-version":[{"id":24894,"href":"https:\/\/imais.online\/portal\/wp-json\/wp\/v2\/posts\/24887\/revisions\/24894"}],"wp:featuredmedia":[{"embeddable":true,"href":"https:\/\/imais.online\/portal\/wp-json\/wp\/v2\/media\/24888"}],"wp:attachment":[{"href":"https:\/\/imais.online\/portal\/wp-json\/wp\/v2\/media?parent=24887"}],"wp:term":[{"taxonomy":"category","embeddable":true,"href":"https:\/\/imais.online\/portal\/wp-json\/wp\/v2\/categories?post=24887"},{"taxonomy":"post_tag","embeddable":true,"href":"https:\/\/imais.online\/portal\/wp-json\/wp\/v2\/tags?post=24887"}],"curies":[{"name":"wp","href":"https:\/\/api.w.org\/{rel}","templated":true}]}}