{"id":24916,"date":"2024-11-17T19:35:26","date_gmt":"2024-11-17T22:35:26","guid":{"rendered":"https:\/\/imais.online\/portal\/?p=24916"},"modified":"2024-11-17T19:35:27","modified_gmt":"2024-11-17T22:35:27","slug":"biden-autoriza-ucrania-a-usar-misseis-dos-eua-na-guerra-contra-russia","status":"publish","type":"post","link":"https:\/\/imais.online\/portal\/biden-autoriza-ucrania-a-usar-misseis-dos-eua-na-guerra-contra-russia\/","title":{"rendered":"Biden autoriza Ucr\u00e2nia a usar m\u00edsseis dos EUA na guerra contra R\u00fassia"},"content":{"rendered":"<div class=\"imais-before-content-placement\" id=\"imais-775227376\"><script async src=\"\/\/pagead2.googlesyndication.com\/pagead\/js\/adsbygoogle.js?client=ca-pub-8787528412751566\" crossorigin=\"anonymous\"><\/script><ins class=\"adsbygoogle\" style=\"display:block;\" data-ad-client=\"ca-pub-8787528412751566\" \ndata-ad-slot=\"\" \ndata-ad-format=\"auto\"><\/ins>\n<script> \n(adsbygoogle = window.adsbygoogle || []).push({}); \n<\/script>\n<\/div>\n<h2 class=\"wp-block-heading\">A permiss\u00e3o se deu horas depois de um ataque russo que matou ao menos sete pessoas<\/h2>\n\n\n\n<p>Joe Biden, presidente dos Estados Unidos, autorizou a Ucr\u00e2nia a usar m\u00edsseis americanos de longo alcance na guerra contra a R\u00fassia, pela primeira vez, segundo informa\u00e7\u00f5es divulgadas pelo The New York Times, neste s\u00e1bado (17). A permiss\u00e3o se deu horas depois de um&nbsp;<a href=\"https:\/\/noticias.r7.com\/jr-na-tv\/video\/bombardeio-russo-em-odessa-na-ucrania-deixa-uma-pessoa-morta-e-oito-feridas-16112024\/\">ataque russo que matou ao menos sete pessoas<\/a>.<\/p>\n\n\n\n<p>Segundo as autoridades, os m\u00edsseis devem ser usados para proteger as for\u00e7as ucranianas na regi\u00e3o de Kursk, no oeste da R\u00fassia, em resposta \u00e0 decis\u00e3o inesperada dos russos de enviar tropas norte-coreanas para combate.<\/p>\n\n\n\n<p>Ainda de acordo com o The New York Times, a decis\u00e3o do presidente dos Estados Unidos mostra uma mudan\u00e7a significativa na pol\u00edtica do pa\u00eds. Isso porque, a autoriza\u00e7\u00e3o para uso dos m\u00edsseis dividiu os conselheiros de Biden. Al\u00e9m disso, o fato ocorreu ap\u00f3s a vit\u00f3ria de Donald Trump nas elei\u00e7\u00f5es americanas, e o&nbsp;<a href=\"https:\/\/noticias.r7.com\/jr-na-tv\/video\/novo-mandato-de-donald-trump-pode-inspirar-o-fim-das-guerras-na-ucrania-e-no-oriente-medio-16112024\/\">republicano prometeu limitar o apoio \u00e0 Ucr\u00e2nia<\/a>.<\/p>\n\n\n\n<p>O jornal norte-americano destacou tamb\u00e9m que algumas autoridades dos EUA est\u00e3o preocupadas com a rea\u00e7\u00e3o que o uso de m\u00edsseis dos EUA pela Ucr\u00e2nia possa provocar em Vladimir Putin. O receio \u00e9 que o presidente russo possa adotar medidas retaliat\u00f3rias.<\/p>\n\n\n\n<p>Vale refor\u00e7ar que o envio de mais de 10 mil soldados norte-coreanos e a resposta de Biden acontecem a poucos meses de Trump voltar para a Casa Branca como presidente dos EUA. Trump chegou a dizer que um de seus objetivos era acabar com a guerra o mais r\u00e1pido poss\u00edvel. O vice-presidente eleito, J.D. Vance, apresentou um esbo\u00e7o que permitiria aos russos ficar com o territ\u00f3rio ucraniano tomado por eles.<\/p>\n\n\n\n<p>O presidente ucraniano Volodymyr Zelensky, em contrapartida, espera poder trocar qualquer territ\u00f3rio russo que detenha na regi\u00e3o de Kursk por territ\u00f3rio ucraniano detido pela R\u00fassia, em futuras negocia\u00e7\u00f5es.<\/p>\n\n\n\n<p>Fonte R7<\/p>\n","protected":false},"excerpt":{"rendered":"<p>A permiss\u00e3o se deu horas depois de um ataque russo que matou ao menos sete pessoas Joe Biden, presidente dos Estados Unidos, autorizou a Ucr\u00e2nia a usar m\u00edsseis americanos de longo alcance na guerra contra a R\u00fassia, pela primeira vez, segundo informa\u00e7\u00f5es divulgadas pelo The New York Times, neste s\u00e1bado (17). A permiss\u00e3o se deu [&hellip;]<\/p>\n","protected":false},"author":8,"featured_media":24917,"comment_status":"closed","ping_status":"open","sticky":false,"template":"","format":"standard","meta":{"rop_custom_images_group":[],"rop_custom_messages_group":[],"rop_publish_now":"initial","rop_publish_now_accounts":[],"rop_publish_now_history":[],"rop_publish_now_status":"pending","footnotes":""},"categories":[212],"tags":[73],"class_list":["post-24916","post","type-post","status-publish","format-standard","has-post-thumbnail","hentry","category-internacional","tag-featured"],"amp_enabled":true,"_links":{"self":[{"href":"https:\/\/imais.online\/portal\/wp-json\/wp\/v2\/posts\/24916","targetHints":{"allow":["GET"]}}],"collection":[{"href":"https:\/\/imais.online\/portal\/wp-json\/wp\/v2\/posts"}],"about":[{"href":"https:\/\/imais.online\/portal\/wp-json\/wp\/v2\/types\/post"}],"author":[{"embeddable":true,"href":"https:\/\/imais.online\/portal\/wp-json\/wp\/v2\/users\/8"}],"replies":[{"embeddable":true,"href":"https:\/\/imais.online\/portal\/wp-json\/wp\/v2\/comments?post=24916"}],"version-history":[{"count":1,"href":"https:\/\/imais.online\/portal\/wp-json\/wp\/v2\/posts\/24916\/revisions"}],"predecessor-version":[{"id":24918,"href":"https:\/\/imais.online\/portal\/wp-json\/wp\/v2\/posts\/24916\/revisions\/24918"}],"wp:featuredmedia":[{"embeddable":true,"href":"https:\/\/imais.online\/portal\/wp-json\/wp\/v2\/media\/24917"}],"wp:attachment":[{"href":"https:\/\/imais.online\/portal\/wp-json\/wp\/v2\/media?parent=24916"}],"wp:term":[{"taxonomy":"category","embeddable":true,"href":"https:\/\/imais.online\/portal\/wp-json\/wp\/v2\/categories?post=24916"},{"taxonomy":"post_tag","embeddable":true,"href":"https:\/\/imais.online\/portal\/wp-json\/wp\/v2\/tags?post=24916"}],"curies":[{"name":"wp","href":"https:\/\/api.w.org\/{rel}","templated":true}]}}