{"id":24939,"date":"2024-11-18T06:36:06","date_gmt":"2024-11-18T09:36:06","guid":{"rendered":"https:\/\/imais.online\/portal\/?p=24939"},"modified":"2024-11-18T09:46:41","modified_gmt":"2024-11-18T12:46:41","slug":"supermercado-montekali-inaugurara-sua-primeira-loja-em-indaiatuba","status":"publish","type":"post","link":"https:\/\/imais.online\/portal\/supermercado-montekali-inaugurara-sua-primeira-loja-em-indaiatuba\/","title":{"rendered":"Supermercado Montekali inaugurar\u00e1 sua primeira loja em Indaiatuba"},"content":{"rendered":"<div class=\"imais-before-content-placement\" id=\"imais-499028549\"><script async src=\"\/\/pagead2.googlesyndication.com\/pagead\/js\/adsbygoogle.js?client=ca-pub-8787528412751566\" crossorigin=\"anonymous\"><\/script><ins class=\"adsbygoogle\" style=\"display:block;\" data-ad-client=\"ca-pub-8787528412751566\" \ndata-ad-slot=\"\" \ndata-ad-format=\"auto\"><\/ins>\n<script> \n(adsbygoogle = window.adsbygoogle || []).push({}); \n<\/script>\n<\/div>\n<p class=\"has-text-align-center\"><em>A loja faz parte do Grupo Montekali que conta com unidades em Jundia\u00ed e Itupeva.<\/em><\/p>\n\n\n\n<p>A loja Montekali Supermercado \u2013 do Grupo Montekali &#8211; anuncia a inaugura\u00e7\u00e3o de sua primeira loja na cidade de Indaiatuba, marcada para o pr\u00f3ximo dia 21 de novembro. Localizada em uma \u00e1rea estrat\u00e9gica da cidade \u2013 Av. Presidente Vargas, a unidade traz \u00e0 comunidade uma experi\u00eancia de compra moderna e completa, com um amplo mix de produtos, pre\u00e7os competitivos e um ambiente familiar.<\/p>\n\n\n\n<p>Com uma grande \u00e1rea para exposi\u00e7\u00e3o de produtos, a loja Montekali Supermercado oferecer\u00e1 se\u00e7\u00f5es como: hortifr\u00fati, a\u00e7ougue, padaria, produtos de higiene e limpeza, bebidas e muito mais.<\/p>\n\n\n\n<p>O Montekali Supermercado tamb\u00e9m contar\u00e1 com tecnologia de ponta nos caixas e atendimento \u00e1gil e eficiente, que tem como objetivo proporcionar mais comodidade aos clientes.<\/p>\n\n\n\n<p>O novo supermercado conta tamb\u00e9m com produtos de etiqueta vermelha, onde garante que o cliente encontre os itens com pre\u00e7o competitivo sempre, todo os dias!<\/p>\n\n\n\n<p>\u201cA chegada do grupo Montekali \u00e0 cidade de Indaiatuba representa mais do que uma op\u00e7\u00e3o de compra e satisfa\u00e7\u00e3o de cada um de nossos clientes: \u00e9 um compromisso com o desenvolvimento econ\u00f4mico e social da regi\u00e3o, contribuindo com a gera\u00e7\u00e3o de empregos e fortalecendo a economia local. Vamos consolidar e firmar a nossa marca na regi\u00e3o de Indaiatuba com padr\u00e3o de qualidade, variedade de produtos e servi\u00e7os exclusivos aos clientes\u201d, afirma Fab\u00edola D\u2019Andrea \u2013 Diretora Comercial e Marketing.<\/p>\n\n\n\n<p><strong>Sobre o Grupo Montekali<\/strong><\/p>\n\n\n\n<p>O Grupo Montekali \u00e9 formado pela Rede Kalimera Hortifruti e pelo Monte Serrat Supermercados, contando com 7 lojas e 1 CD. A rede Monte Serrat \u00e9 a 1\u00aa maior de Itupeva. Sua marca registrada \u00e9 o fornecimento de um mix completo e variedades, alimentos saud\u00e1veis, de melhor qualidade com rigoroso processo de sele\u00e7\u00e3o, para que as fam\u00edlias tenham o melhor da vida na mesa de casa.<\/p>\n","protected":false},"excerpt":{"rendered":"<p>A loja faz parte do Grupo Montekali que conta com unidades em Jundia\u00ed e Itupeva. A loja Montekali Supermercado \u2013 do Grupo Montekali &#8211; anuncia a inaugura\u00e7\u00e3o de sua primeira loja na cidade de Indaiatuba, marcada para o pr\u00f3ximo dia 21 de novembro. Localizada em uma \u00e1rea estrat\u00e9gica da cidade \u2013 Av. Presidente Vargas, a [&hellip;]<\/p>\n","protected":false},"author":7,"featured_media":24940,"comment_status":"closed","ping_status":"open","sticky":false,"template":"","format":"standard","meta":{"rop_custom_images_group":[],"rop_custom_messages_group":[],"rop_publish_now":"initial","rop_publish_now_accounts":[],"rop_publish_now_history":[],"rop_publish_now_status":"pending","footnotes":""},"categories":[188],"tags":[73],"class_list":["post-24939","post","type-post","status-publish","format-standard","has-post-thumbnail","hentry","category-indaiatuba","tag-featured"],"amp_enabled":true,"_links":{"self":[{"href":"https:\/\/imais.online\/portal\/wp-json\/wp\/v2\/posts\/24939","targetHints":{"allow":["GET"]}}],"collection":[{"href":"https:\/\/imais.online\/portal\/wp-json\/wp\/v2\/posts"}],"about":[{"href":"https:\/\/imais.online\/portal\/wp-json\/wp\/v2\/types\/post"}],"author":[{"embeddable":true,"href":"https:\/\/imais.online\/portal\/wp-json\/wp\/v2\/users\/7"}],"replies":[{"embeddable":true,"href":"https:\/\/imais.online\/portal\/wp-json\/wp\/v2\/comments?post=24939"}],"version-history":[{"count":1,"href":"https:\/\/imais.online\/portal\/wp-json\/wp\/v2\/posts\/24939\/revisions"}],"predecessor-version":[{"id":24941,"href":"https:\/\/imais.online\/portal\/wp-json\/wp\/v2\/posts\/24939\/revisions\/24941"}],"wp:featuredmedia":[{"embeddable":true,"href":"https:\/\/imais.online\/portal\/wp-json\/wp\/v2\/media\/24940"}],"wp:attachment":[{"href":"https:\/\/imais.online\/portal\/wp-json\/wp\/v2\/media?parent=24939"}],"wp:term":[{"taxonomy":"category","embeddable":true,"href":"https:\/\/imais.online\/portal\/wp-json\/wp\/v2\/categories?post=24939"},{"taxonomy":"post_tag","embeddable":true,"href":"https:\/\/imais.online\/portal\/wp-json\/wp\/v2\/tags?post=24939"}],"curies":[{"name":"wp","href":"https:\/\/api.w.org\/{rel}","templated":true}]}}