{"id":24945,"date":"2024-11-18T06:46:38","date_gmt":"2024-11-18T09:46:38","guid":{"rendered":"https:\/\/imais.online\/portal\/?p=24945"},"modified":"2024-11-18T06:46:39","modified_gmt":"2024-11-18T09:46:39","slug":"gastronomia-e-destaque-na-feira-da-somos-do-bem","status":"publish","type":"post","link":"https:\/\/imais.online\/portal\/gastronomia-e-destaque-na-feira-da-somos-do-bem\/","title":{"rendered":"Gastronomia \u00e9 destaque na Feira da Somos do Bem"},"content":{"rendered":"<div class=\"imais-before-content-placement\" id=\"imais-3438331951\"><script async src=\"\/\/pagead2.googlesyndication.com\/pagead\/js\/adsbygoogle.js?client=ca-pub-8787528412751566\" crossorigin=\"anonymous\"><\/script><ins class=\"adsbygoogle\" style=\"display:block;\" data-ad-client=\"ca-pub-8787528412751566\" \ndata-ad-slot=\"\" \ndata-ad-format=\"auto\"><\/ins>\n<script> \n(adsbygoogle = window.adsbygoogle || []).push({}); \n<\/script>\n<\/div>\n<p class=\"has-text-align-center\"><em>Mais de 20 restaurantes participam de evento que acontece este m\u00eas em Indaiatuba<\/em><\/p>\n\n\n\n<p>Quem gosta de experi\u00eancias gastron\u00f4micas precisa visitar a&nbsp;<strong>Feira da Somos do Bem 2024<\/strong>, realizada pela&nbsp;<strong>Somos do Bem<\/strong>&nbsp;(Associa\u00e7\u00e3o Beneficente para Pessoas com Defici\u00eancia Intelectual), que acontece entre os dias&nbsp;<strong>28 de novembro<\/strong>&nbsp;e&nbsp;<strong>1\u00aa de dezembro<\/strong>, no&nbsp;<strong>Espa\u00e7o Viber<\/strong>, em Indaiatuba (SP), e que contar\u00e1 com&nbsp;<strong>mais de 20 op\u00e7\u00f5es de restaurantes<\/strong>&nbsp;para todos os gostos.<\/p>\n\n\n\n<p>Yakissoba, crepe, churros, nhoque, temaki, pipoca e op\u00e7\u00f5es veganas e vegetarianas est\u00e3o entre as op\u00e7\u00f5es salgadas. Destaque para a coxinha de frango no tucupi, o kibe recheado com carne seca e flor de jambu e o bolinho de pirarucu com mandioca do Sabores da Amaz\u00f4nia; e o lanche de pernil da Barraca do Salom\u00e3o, com lanches produzidos pelos pr\u00f3prios diretores da Somos do Bem. Para quem gosta de doces, o card\u00e1pio da feira oferece op\u00e7\u00f5es como a\u00e7a\u00ed, doces veganos, raspadinha, brownie e sorvetes do Sorvet\u00e3o.<\/p>\n\n\n\n<p>Como a uni\u00e3o faz a for\u00e7a, outras associa\u00e7\u00f5es da cidade tamb\u00e9m participar\u00e3o da Feira: A Col\u00f4nia Helvetia estar\u00e1 presente com salada de batata com salsich\u00e3o e tortas de queijo e ma\u00e7\u00e3; a Volacc Indaiatuba oferecer\u00e1 seus famosos past\u00e9is; a Inconfid\u00eancia Votura far\u00e1 hamburguer; e o Grupo Escoteiro P\u00e9rola Negra ficar\u00e1 respons\u00e1vel pelo cachorro-quente. Todos os restaurantes ter\u00e3o tamb\u00e9m a op\u00e7\u00e3o de embalagem para viagem.<\/p>\n\n\n\n<p>Al\u00e9m da gastronomia, a Feira do Bem ter\u00e1 uma agenda recheada de boa m\u00fasica com as apresenta\u00e7\u00f5es confirmadas de: Os Ancestrais, The Beatles Alive e, ainda dos alunos da escola Somos do Bem. Al\u00e9m disso, o espa\u00e7o ainda conta com mais de 70 expositores de diversas \u00e1reas como doces, queijos, cacha\u00e7as, produtos exot\u00e9ricos e mandalas, al\u00e9m de exposi\u00e7\u00e3o de facas artesanais e outros produtos focados na linha home decor; e \u00e1rea kids com monitores da Siben Art. Tamb\u00e9m acontecer\u00e1 o Bingo do Bem, no dia 29, das 13h \u00e0s 16h30.<\/p>\n\n\n\n<p><strong>FUNCIONAMENTO<\/strong>&nbsp;Na quinta-feira, 28, a Feira abrir\u00e1 a partir das 18h e segue funcionando at\u00e9 22h; nos dias 29 (sexta-feira) e 30 (s\u00e1bado), o funcionamento vai das 11h \u00e0s 23h; j\u00e1 no dia 1\u00ba (domingo), das 11h \u00e0s 20h.<\/p>\n\n\n\n<p>A Feira da Somos do Bem tem patroc\u00ednio de Grupo GTA Seguran\u00e7a, V&amp;S Materiais de Limpeza, Monark, Dayco, SEW Eurodrive, RIP Servi\u00e7os, TMD-Cobreq, Mann-Hummel, Power e Leonardi, e apoio da Prefeitura Municipal de Indaiatuba, Sorvet\u00e3o e Pepis. O Espa\u00e7o Viber fica na rua Goi\u00e1s, Cidade Nova II, Indaiatuba (SP). Vale lembrar que ainda h\u00e1 vagas dispon\u00edveis para expositores. Interessados podem entrar em contato com a organiza\u00e7\u00e3o pelo WhatsApp (19) 99712 7523 ou pelo e-mail eventos@somosodobem.org.br.<\/p>\n\n\n\n<p><strong>Sobre a associa\u00e7\u00e3o<\/strong>&nbsp;A Somos do Bem (Associa\u00e7\u00e3o Beneficente para Pessoas com Defici\u00eancia Intelectual), antiga APAE Indaiatuba, soma quase cinco d\u00e9cadas de hist\u00f3ria e conta com tr\u00eas unidades de atendimento: Escola de Educa\u00e7\u00e3o Especial, que tem como p\u00fablico-alvo alunos com defici\u00eancia intelectual e\/ou m\u00faltipla e transtornos globais do desenvolvimento que necessitam de apoio; Ambulat\u00f3rio de Especialidades, que realiza uma m\u00e9dia de 8,7 mil procedimentos mensais via SUS, atrav\u00e9s de 16 programas de atendimento para todos os usu\u00e1rios da Somos do Bem, envolvendo Fisioterapia, Fonoaudiologia, Servi\u00e7o Social, Psicologia, Neurologia e outras \u00e1reas; e a extens\u00e3o da Escola de Educa\u00e7\u00e3o Especial e Programa de Oficina Terap\u00eautica.<\/p>\n\n\n\n<p><strong>V\u00cdDEOS<\/strong><br>Institucional&nbsp;<a href=\"https:\/\/www.youtube.com\/watch?v=9qpBAj5vJ3E&amp;t=220s\"><strong>aqui<\/strong><\/a><br>Divulga\u00e7\u00e3o edi\u00e7\u00e3o 2024&nbsp;<a href=\"https:\/\/youtu.be\/Rort7gUlCs8\">aqui<\/a><\/p>\n\n\n\n<p><strong>SERVI\u00c7O<br><\/strong><strong>Feira da Somos do Bem &#8211; edi\u00e7\u00e3o 2024<br><\/strong><strong>Datas<\/strong>: 28, 29 e 30 de novembro e 1\u00ba de dezembro<br><strong>Hor\u00e1rios<\/strong>: 18h \u00e0s 22h (28), 11h \u00e0s 23h (29 e 30) e 11h \u00e0s 20h (1\u00ba)<br><strong>Entrada<\/strong>: Gratuita<br><strong>Local<\/strong>: Espa\u00e7o Viber<br><strong>Endere\u00e7o<\/strong>: Rua Goi\u00e1s, Cidade Nova II, Indaiatuba (SP) &#8211;&nbsp;<a href=\"https:\/\/maps.app.goo.gl\/GiuMS4MZHFgWrbwD9\"><strong>MAPA AQUI<\/strong><\/a>&nbsp;<br><strong>Informa\u00e7\u00f5es<\/strong>: WhatsApp (19) 99712 7523 ou e-mail eventos@somosodobem.org.br<\/p>\n","protected":false},"excerpt":{"rendered":"<p>Mais de 20 restaurantes participam de evento que acontece este m\u00eas em Indaiatuba Quem gosta de experi\u00eancias gastron\u00f4micas precisa visitar a&nbsp;Feira da Somos do Bem 2024, realizada pela&nbsp;Somos do Bem&nbsp;(Associa\u00e7\u00e3o Beneficente para Pessoas com Defici\u00eancia Intelectual), que acontece entre os dias&nbsp;28 de novembro&nbsp;e&nbsp;1\u00aa de dezembro, no&nbsp;Espa\u00e7o Viber, em Indaiatuba (SP), e que contar\u00e1 com&nbsp;mais de [&hellip;]<\/p>\n","protected":false},"author":7,"featured_media":24946,"comment_status":"closed","ping_status":"open","sticky":false,"template":"","format":"standard","meta":{"rop_custom_images_group":[],"rop_custom_messages_group":[],"rop_publish_now":"initial","rop_publish_now_accounts":[],"rop_publish_now_history":[],"rop_publish_now_status":"pending","footnotes":""},"categories":[188],"tags":[],"class_list":["post-24945","post","type-post","status-publish","format-standard","has-post-thumbnail","hentry","category-indaiatuba"],"amp_enabled":true,"_links":{"self":[{"href":"https:\/\/imais.online\/portal\/wp-json\/wp\/v2\/posts\/24945","targetHints":{"allow":["GET"]}}],"collection":[{"href":"https:\/\/imais.online\/portal\/wp-json\/wp\/v2\/posts"}],"about":[{"href":"https:\/\/imais.online\/portal\/wp-json\/wp\/v2\/types\/post"}],"author":[{"embeddable":true,"href":"https:\/\/imais.online\/portal\/wp-json\/wp\/v2\/users\/7"}],"replies":[{"embeddable":true,"href":"https:\/\/imais.online\/portal\/wp-json\/wp\/v2\/comments?post=24945"}],"version-history":[{"count":1,"href":"https:\/\/imais.online\/portal\/wp-json\/wp\/v2\/posts\/24945\/revisions"}],"predecessor-version":[{"id":24947,"href":"https:\/\/imais.online\/portal\/wp-json\/wp\/v2\/posts\/24945\/revisions\/24947"}],"wp:featuredmedia":[{"embeddable":true,"href":"https:\/\/imais.online\/portal\/wp-json\/wp\/v2\/media\/24946"}],"wp:attachment":[{"href":"https:\/\/imais.online\/portal\/wp-json\/wp\/v2\/media?parent=24945"}],"wp:term":[{"taxonomy":"category","embeddable":true,"href":"https:\/\/imais.online\/portal\/wp-json\/wp\/v2\/categories?post=24945"},{"taxonomy":"post_tag","embeddable":true,"href":"https:\/\/imais.online\/portal\/wp-json\/wp\/v2\/tags?post=24945"}],"curies":[{"name":"wp","href":"https:\/\/api.w.org\/{rel}","templated":true}]}}