{"id":24962,"date":"2024-11-20T20:39:27","date_gmt":"2024-11-20T23:39:27","guid":{"rendered":"https:\/\/imais.online\/portal\/?p=24962"},"modified":"2024-11-20T20:39:28","modified_gmt":"2024-11-20T23:39:28","slug":"santo-millenial-carlo-acutis-sera-canonizado-pelo-papa-francisco-em-abril","status":"publish","type":"post","link":"https:\/\/imais.online\/portal\/santo-millenial-carlo-acutis-sera-canonizado-pelo-papa-francisco-em-abril\/","title":{"rendered":"&#8216;Santo millenial&#8217;: Carlo Acutis ser\u00e1 canonizado pelo papa Francisco em abril"},"content":{"rendered":"<div class=\"imais-before-content-placement\" id=\"imais-97472242\"><script async src=\"\/\/pagead2.googlesyndication.com\/pagead\/js\/adsbygoogle.js?client=ca-pub-8787528412751566\" crossorigin=\"anonymous\"><\/script><ins class=\"adsbygoogle\" style=\"display:block;\" data-ad-client=\"ca-pub-8787528412751566\" \ndata-ad-slot=\"\" \ndata-ad-format=\"auto\"><\/ins>\n<script> \n(adsbygoogle = window.adsbygoogle || []).push({}); \n<\/script>\n<\/div>\n<h2 class=\"wp-block-heading\">Italiano usou suas habilidades com computadores para espalhar a f\u00e9 cat\u00f3lica<\/h2>\n\n\n\n<p>O italiano Carlo Acutis, que usou suas habilidades com computadores para espalhar a f\u00e9 cat\u00f3lica, se tornar\u00e1 o primeiro santo da gera\u00e7\u00e3o millennial. O papa Francisco anunciou, nesta quarta-feira, que ele ser\u00e1 canonizado entre os dias de 25 e 27 de abril de 2025.<\/p>\n\n\n\n<p>Neste fim de semana, o Vaticano celebra um Jubileu para adolescentes como parte do Ano Santo Cat\u00f3lico em Roma, que ter\u00e1 in\u00edcio no final de dezembro. A data exata para a cerim\u00f4nia de canoniza\u00e7\u00e3o ainda n\u00e3o foi anunciada.<\/p>\n\n\n\n<h2 class=\"wp-block-heading\">Quem \u00e9 Carlo Acutis?<\/h2>\n\n\n\n<p>Carlo Acutis nasceu em Londres, mas viveu a maior parte de sua vida entre Mil\u00e3o e Assis, na It\u00e1lia. Ele morreu em 2006 devido a uma leucemia fulminante. Conhecido por sua habilidade com a tecnologia, Carlo utilizava a internet para divulgar conte\u00fados crist\u00e3os, ganhando o apelido de &#8220;influenciador de Deus&#8221; e &#8220;ciberevangelista&#8221;. Ele foi beatificado em 2020 ap\u00f3s a Igreja Cat\u00f3lica reconhecer seu primeiro milagre.<\/p>\n\n\n\n<h2 class=\"wp-block-heading\">O Primeiro Milagre<\/h2>\n\n\n\n<p>O primeiro milagre atribu\u00eddo a Carlo ocorreu em Campo Grande, no Mato Grosso do Sul, Brasil. Um menino diagnosticado com uma rara doen\u00e7a cong\u00eanita foi curado depois que seu av\u00f4 tocou em uma pe\u00e7a de roupa que continha o sangue de Carlo. Este evento foi suficiente para sua beatifica\u00e7\u00e3o, um passo importante rumo \u00e0 santidade.<\/p>\n\n\n\n<h2 class=\"wp-block-heading\">O Segundo Milagre<\/h2>\n\n\n\n<p>O reconhecimento do segundo milagre \u00e9 crucial para a canoniza\u00e7\u00e3o. Segundo o Vaticano, uma jovem na Costa Rica foi milagrosamente curada ap\u00f3s um acidente, atribuindo sua recupera\u00e7\u00e3o \u00e0 intercess\u00e3o de Carlo Acutis. Esta confirma\u00e7\u00e3o pelo papa Francisco permite que Carlo seja oficialmente reconhecido como santo, embora a data da canoniza\u00e7\u00e3o ainda n\u00e3o tenha sido definida.<\/p>\n\n\n\n<h2 class=\"wp-block-heading\">Processo de Canoniza\u00e7\u00e3o<\/h2>\n\n\n\n<p>A canoniza\u00e7\u00e3o \u00e9 o rito pelo qual a Igreja Cat\u00f3lica declara uma pessoa como santa, reconhecendo que ela est\u00e1 no C\u00e9u e pode interceder por aqueles que oram em seu nome. O processo inclui a verifica\u00e7\u00e3o de milagres atribu\u00eddos \u00e0 pessoa ap\u00f3s sua morte. A liturgia cat\u00f3lica afirma que milagres s\u00e3o realizados por Deus, mas os santos intercedem em favor das pessoas.<\/p>\n\n\n\n<p>O processo come\u00e7a com a investiga\u00e7\u00e3o diocesana da vida e virtudes do candidato, que, se aprovada, leva ao t\u00edtulo de &#8220;Servo de Deus&#8221;. Em seguida, o Vaticano revisa os documentos e, se o Papa aprovar, o candidato \u00e9 declarado &#8220;Vener\u00e1vel&#8221;. Para a beatifica\u00e7\u00e3o, \u00e9 necess\u00e1rio um milagre comprovado, ap\u00f3s o qual o candidato se torna &#8220;Beato&#8221;. A canoniza\u00e7\u00e3o requer um segundo milagre, levando \u00e0 declara\u00e7\u00e3o oficial de santidade pelo Papa. Os milagres, eventos extraordin\u00e1rios atribu\u00eddos \u00e0 intercess\u00e3o do candidato, s\u00e3o rigorosamente investigados e validados cientificamente e teologicamente. O processo de canoniza\u00e7\u00e3o pode levar de algumas d\u00e9cadas a v\u00e1rios s\u00e9culos, dependendo do caso.<\/p>\n\n\n\n<h2 class=\"wp-block-heading\">Comemora\u00e7\u00f5es e Homenagens<\/h2>\n\n\n\n<p>A not\u00edcia do reconhecimento do segundo milagre gerou uma onda de como\u00e7\u00e3o nas redes sociais. Amigos, familiares e seguidores de Carlo expressaram seu pesar e prestaram homenagens. &#8220;Perdemos uma estrela brilhante. Que sua alma descanse em paz,&#8221; escreveu um amigo pr\u00f3ximo.<\/p>\n\n\n\n<p>Carlo Acutis foi nomeado patrono da Jornada Mundial da Juventude (JMJ) do ano passado em Lisboa, um reconhecimento de seu importante papel na evangeliza\u00e7\u00e3o atrav\u00e9s da internet. Com a canoniza\u00e7\u00e3o, ele ser\u00e1 o primeiro santo da gera\u00e7\u00e3o Millennial.<\/p>\n\n\n\n<p>Fonte O Globo<\/p>\n\n\n\n<p><\/p>\n","protected":false},"excerpt":{"rendered":"<p>Italiano usou suas habilidades com computadores para espalhar a f\u00e9 cat\u00f3lica O italiano Carlo Acutis, que usou suas habilidades com computadores para espalhar a f\u00e9 cat\u00f3lica, se tornar\u00e1 o primeiro santo da gera\u00e7\u00e3o millennial. O papa Francisco anunciou, nesta quarta-feira, que ele ser\u00e1 canonizado entre os dias de 25 e 27 de abril de 2025. [&hellip;]<\/p>\n","protected":false},"author":8,"featured_media":24963,"comment_status":"closed","ping_status":"open","sticky":false,"template":"","format":"standard","meta":{"rop_custom_images_group":[],"rop_custom_messages_group":[],"rop_publish_now":"initial","rop_publish_now_accounts":[],"rop_publish_now_history":[],"rop_publish_now_status":"pending","footnotes":""},"categories":[212],"tags":[73],"class_list":["post-24962","post","type-post","status-publish","format-standard","has-post-thumbnail","hentry","category-internacional","tag-featured"],"amp_enabled":true,"_links":{"self":[{"href":"https:\/\/imais.online\/portal\/wp-json\/wp\/v2\/posts\/24962","targetHints":{"allow":["GET"]}}],"collection":[{"href":"https:\/\/imais.online\/portal\/wp-json\/wp\/v2\/posts"}],"about":[{"href":"https:\/\/imais.online\/portal\/wp-json\/wp\/v2\/types\/post"}],"author":[{"embeddable":true,"href":"https:\/\/imais.online\/portal\/wp-json\/wp\/v2\/users\/8"}],"replies":[{"embeddable":true,"href":"https:\/\/imais.online\/portal\/wp-json\/wp\/v2\/comments?post=24962"}],"version-history":[{"count":1,"href":"https:\/\/imais.online\/portal\/wp-json\/wp\/v2\/posts\/24962\/revisions"}],"predecessor-version":[{"id":24964,"href":"https:\/\/imais.online\/portal\/wp-json\/wp\/v2\/posts\/24962\/revisions\/24964"}],"wp:featuredmedia":[{"embeddable":true,"href":"https:\/\/imais.online\/portal\/wp-json\/wp\/v2\/media\/24963"}],"wp:attachment":[{"href":"https:\/\/imais.online\/portal\/wp-json\/wp\/v2\/media?parent=24962"}],"wp:term":[{"taxonomy":"category","embeddable":true,"href":"https:\/\/imais.online\/portal\/wp-json\/wp\/v2\/categories?post=24962"},{"taxonomy":"post_tag","embeddable":true,"href":"https:\/\/imais.online\/portal\/wp-json\/wp\/v2\/tags?post=24962"}],"curies":[{"name":"wp","href":"https:\/\/api.w.org\/{rel}","templated":true}]}}