{"id":24965,"date":"2024-11-20T20:46:05","date_gmt":"2024-11-20T23:46:05","guid":{"rendered":"https:\/\/imais.online\/portal\/?p=24965"},"modified":"2024-11-20T20:46:06","modified_gmt":"2024-11-20T23:46:06","slug":"participacao-especial-de-spoiler-em-wicked-deixa-os-fas-de-queixo-caido-como-nao-vazou","status":"publish","type":"post","link":"https:\/\/imais.online\/portal\/participacao-especial-de-spoiler-em-wicked-deixa-os-fas-de-queixo-caido-como-nao-vazou\/","title":{"rendered":"Participa\u00e7\u00e3o especial de [SPOILER] em \u2018Wicked\u2019 deixa os f\u00e3s de queixo ca\u00eddo: \u201cComo n\u00e3o vazou?\u201d"},"content":{"rendered":"<div class=\"imais-before-content-placement\" id=\"imais-3272802677\"><script async src=\"\/\/pagead2.googlesyndication.com\/pagead\/js\/adsbygoogle.js?client=ca-pub-8787528412751566\" crossorigin=\"anonymous\"><\/script><ins class=\"adsbygoogle\" style=\"display:block;\" data-ad-client=\"ca-pub-8787528412751566\" \ndata-ad-slot=\"\" \ndata-ad-format=\"auto\"><\/ins>\n<script> \n(adsbygoogle = window.adsbygoogle || []).push({}); \n<\/script>\n<\/div>\n<p>\u2018<strong><a href=\"https:\/\/cinepop.com.br\/tag\/wicked\/\">Wicked<\/a><\/strong>\u2018 j\u00e1 est\u00e1 em exibi\u00e7\u00e3o nos cinemas nacionais e uma cena em especial est\u00e1 chamando a aten\u00e7\u00e3o dos f\u00e3s.<\/p>\n\n\n\n<p><strong>[SPOILERS A SEGUIR]<\/strong><\/p>\n\n\n\n<p>Em uma sequ\u00eancia divertida e fren\u00e9tica do filme, temos um n\u00famero musical cantado por ningu\u00e9m menos que&nbsp;<strong><a href=\"https:\/\/cinepop.com.br\/tag\/kristin-chenoweth\/\">Kristin Chenoweth<\/a><\/strong>&nbsp;e&nbsp;<strong><a href=\"https:\/\/cinepop.com.br\/tag\/idina-menzel\/\">Idina Menzel<\/a><\/strong>.<\/p>\n\n\n\n<p>No elenco original da\u00a0<a href=\"https:\/\/cinepop.com.br\/tag\/broadway\/\">Broadway<\/a>,\u00a0<strong>Chenoweth<\/strong>\u00a0interpretou Glinda, enquanto\u00a0<strong>Menzel<\/strong>\u00a0desempenhou o papel de Elphaba.<\/p>\n\n\n\n<p>Nas redes sociais, os f\u00e3s foram ao del\u00edrio com a surpresa preparada para os f\u00e3s.<\/p>\n\n\n\n<p>\u2018<strong><a href=\"https:\/\/cinepop.com.br\/tag\/wicked\/\">Wicked<\/a><\/strong>\u2018\u00a0estreou com s\u00f3lidos\u00a0<strong>95% de aprova\u00e7\u00e3o\u00a0no\u00a0Rotten Tomatoes<\/strong>, com base em mais de\u00a063 cr\u00edticas.<\/p>\n\n\n\n<p><em>\u201cOs f\u00e3s do espet\u00e1culo provavelmente ir\u00e3o adorar, mas ele apenas esporadicamente atinge a energia insana que marca o melhor trabalho de&nbsp;<strong><a href=\"https:\/\/cinepop.com.br\/tag\/jon-m-chu\/\">Jon M. Chu<\/a><\/strong>&nbsp;e que o eleva aos grandes musicais do cinema moderno\u201d \u2013 Vulture.<\/em><\/p>\n\n\n\n<p><em>\u201c<strong>\u2018<a href=\"https:\/\/cinepop.com.br\/tag\/wicked\/\">Wicked<\/a>\u2019\u00a0<\/strong>consegue terminar em uma nota de \u2018continua\u2019, mesmo soando como uma hist\u00f3ria completa\u201d \u2013 EW.<\/em><\/p>\n\n\n\n<p><em>\u201cAriana Grande-Butera \u00e9 uma for\u00e7a da natureza. Erivo \u00e9 uma das maiores Elphabas que j\u00e1 existiu\u201d \u2013 AwardsWatch.<\/em><\/p>\n\n\n\n<p><em>\u201c<strong>\u2018<a href=\"https:\/\/cinepop.com.br\/tag\/wicked\/\">Wicked<\/a>\u2019&nbsp;<\/strong>abra\u00e7a sua identidade da mesma maneira que Elphaba abra\u00e7a sua pele esmeralda\u201d \u2013 Variety.<\/em><\/p>\n\n\n\n<p><em>\u201cEu fiquei impressionado com o que Erivo e Grande trouxeram, e combinou bem com a hist\u00f3ria de fantasia contada\u201d \u2013 We Live Entertainment.<\/em><\/p>\n\n\n\n<p><strong>\u2018<a href=\"https:\/\/cinepop.com.br\/tag\/wicked\/\">Wicked<\/a>\u2019<\/strong>&nbsp;segue a hist\u00f3ria de Elphaba, a Bruxa M\u00e1 do Oeste (interpretada por&nbsp;<strong>Cynthia Erivo<\/strong>), uma jovem que se inscreve na Universidade Shiz para aprender a dominar seus poderes. \u00c9 l\u00e1 que ela conhece Glinda, a Bruxa Boa do Sul (interpretada por&nbsp;<strong>Ariana Grande<\/strong>), uma estudante popular que promete ajudar a introvertida Elphaba com seu comportamento em p\u00fablico. O filme se desenrola antes, durante e depois dos eventos cl\u00e1ssicos de&nbsp;<strong>\u2018<a href=\"https:\/\/cinepop.com.br\/tag\/o-magico-de-oz\/\">O M\u00e1gico de Oz<\/a>\u2019<\/strong>.<\/p>\n\n\n\n<p>Lembrando que o filme \u00e9 dirigido por&nbsp;<strong><a href=\"https:\/\/cinepop.com.br\/tag\/jon-m-chu\/\">Jon M. Chu<\/a><\/strong>&nbsp;(\u2018Em um Bairro de Nova York\u2019).<\/p>\n\n\n\n<p>A produ\u00e7\u00e3o cinematogr\u00e1fica ser\u00e1 dividida em duas partes e apresentar\u00e1 novas m\u00fasicas escritas pelo compositor original do espet\u00e1culo,&nbsp;<strong><a href=\"https:\/\/cinepop.com.br\/tag\/stephen-schwartz\/\">Stephen Schwartz<\/a><\/strong>.<\/p>\n\n\n\n<p>O elenco ainda conta com nomes como&nbsp;<strong><a href=\"https:\/\/cinepop.com.br\/tag\/michelle-yeoh\/\">Michelle Yeoh<\/a><\/strong>,&nbsp;<strong><a href=\"https:\/\/cinepop.com.br\/tag\/jeff-goldblum\/\">Jeff Goldblum<\/a><\/strong>&nbsp;e&nbsp;<strong><a href=\"https:\/\/cinepop.com.br\/tag\/ethan-slater\/\">Ethan Slater<\/a><\/strong>.<\/p>\n\n\n\n<p>Com roteiro de&nbsp;<strong><a href=\"https:\/\/cinepop.com.br\/tag\/winnie-holzman\/\">Winnie Holzman<\/a><\/strong>, a composi\u00e7\u00e3o musical \u00e9 de autoria de&nbsp;<strong><a href=\"https:\/\/cinepop.com.br\/tag\/stephen-schwartz\/\">Stephen Schwartz<\/a><\/strong>, enquanto&nbsp;<strong><a href=\"https:\/\/cinepop.com.br\/tag\/marc-platt\/\">Marc Platt<\/a><\/strong>&nbsp;(\u2018La La Land: Cantado Esta\u00e7\u00f5es\u2019) produz.<\/p>\n\n\n\n<figure class=\"wp-block-image\"><a href=\"data:image\/svg+xml,%3Csvg%20xmlns=\"><img decoding=\"async\" src=\"https:\/\/cinepop.com.br\/wp-content\/uploads\/2024\/05\/20240514_120352.jpg\" alt=\"Wicked,Cynthia Erivo,Ariana Grande\" class=\"wp-image-489600\"\/><\/a><\/figure>\n\n\n\n<p>Fonte CinePop<\/p>\n","protected":false},"excerpt":{"rendered":"<p>\u2018Wicked\u2018 j\u00e1 est\u00e1 em exibi\u00e7\u00e3o nos cinemas nacionais e uma cena em especial est\u00e1 chamando a aten\u00e7\u00e3o dos f\u00e3s. [SPOILERS A SEGUIR] Em uma sequ\u00eancia divertida e fren\u00e9tica do filme, temos um n\u00famero musical cantado por ningu\u00e9m menos que&nbsp;Kristin Chenoweth&nbsp;e&nbsp;Idina Menzel. No elenco original da\u00a0Broadway,\u00a0Chenoweth\u00a0interpretou Glinda, enquanto\u00a0Menzel\u00a0desempenhou o papel de Elphaba. Nas redes sociais, os [&hellip;]<\/p>\n","protected":false},"author":8,"featured_media":24966,"comment_status":"closed","ping_status":"open","sticky":false,"template":"","format":"standard","meta":{"rop_custom_images_group":[],"rop_custom_messages_group":[],"rop_publish_now":"initial","rop_publish_now_accounts":[],"rop_publish_now_history":[],"rop_publish_now_status":"pending","footnotes":""},"categories":[16],"tags":[],"class_list":["post-24965","post","type-post","status-publish","format-standard","has-post-thumbnail","hentry","category-entertainment"],"amp_enabled":true,"_links":{"self":[{"href":"https:\/\/imais.online\/portal\/wp-json\/wp\/v2\/posts\/24965","targetHints":{"allow":["GET"]}}],"collection":[{"href":"https:\/\/imais.online\/portal\/wp-json\/wp\/v2\/posts"}],"about":[{"href":"https:\/\/imais.online\/portal\/wp-json\/wp\/v2\/types\/post"}],"author":[{"embeddable":true,"href":"https:\/\/imais.online\/portal\/wp-json\/wp\/v2\/users\/8"}],"replies":[{"embeddable":true,"href":"https:\/\/imais.online\/portal\/wp-json\/wp\/v2\/comments?post=24965"}],"version-history":[{"count":1,"href":"https:\/\/imais.online\/portal\/wp-json\/wp\/v2\/posts\/24965\/revisions"}],"predecessor-version":[{"id":24967,"href":"https:\/\/imais.online\/portal\/wp-json\/wp\/v2\/posts\/24965\/revisions\/24967"}],"wp:featuredmedia":[{"embeddable":true,"href":"https:\/\/imais.online\/portal\/wp-json\/wp\/v2\/media\/24966"}],"wp:attachment":[{"href":"https:\/\/imais.online\/portal\/wp-json\/wp\/v2\/media?parent=24965"}],"wp:term":[{"taxonomy":"category","embeddable":true,"href":"https:\/\/imais.online\/portal\/wp-json\/wp\/v2\/categories?post=24965"},{"taxonomy":"post_tag","embeddable":true,"href":"https:\/\/imais.online\/portal\/wp-json\/wp\/v2\/tags?post=24965"}],"curies":[{"name":"wp","href":"https:\/\/api.w.org\/{rel}","templated":true}]}}