{"id":24975,"date":"2024-11-21T11:30:42","date_gmt":"2024-11-21T14:30:42","guid":{"rendered":"https:\/\/imais.online\/portal\/?p=24975"},"modified":"2024-11-21T11:30:43","modified_gmt":"2024-11-21T14:30:43","slug":"trecho-da-rodovia-joao-ceccon-e-interditado-para-obras-de-melhorias-no-sentido-elias-fausto","status":"publish","type":"post","link":"https:\/\/imais.online\/portal\/trecho-da-rodovia-joao-ceccon-e-interditado-para-obras-de-melhorias-no-sentido-elias-fausto\/","title":{"rendered":"Trecho da rodovia Jo\u00e3o Ceccon \u00e9 interditado para obras de melhorias no sentido Elias Fausto"},"content":{"rendered":"<div class=\"imais-before-content-placement\" id=\"imais-398676287\"><script async src=\"\/\/pagead2.googlesyndication.com\/pagead\/js\/adsbygoogle.js?client=ca-pub-8787528412751566\" crossorigin=\"anonymous\"><\/script><ins class=\"adsbygoogle\" style=\"display:block;\" data-ad-client=\"ca-pub-8787528412751566\" \ndata-ad-slot=\"\" \ndata-ad-format=\"auto\"><\/ins>\n<script> \n(adsbygoogle = window.adsbygoogle || []).push({}); \n<\/script>\n<\/div>\n<p><em><small>Tr\u00e2nsito foi desviado temporariamente para a pista no sentido Elias Fausto-Indaiatuba<\/small><\/em><\/p>\n\n\n\n<p>O Departamento de Tr\u00e2nsito da Secretaria de Obras e Vias P\u00fablicas informa uma mudan\u00e7a tempor\u00e1ria no tr\u00e2nsito da rodovia Jo\u00e3o Ceccon, no trecho em frente ao condom\u00ednio Jardim Vila Paradiso. A pista no sentido Indaiatuba-Elias Fausto est\u00e1 interditada para obras de melhorias no local. O tr\u00e1fego de ve\u00edculos foi desviado para a pista no sentido Elias Fausto-Indaiatuba, que ficar\u00e1 de m\u00e3o dupla at\u00e9 o final da obra. A previs\u00e3o \u00e9 de que os trabalhos no trecho estejam conclu\u00eddos no prazo de 15 dias.\u00a0\u00a0\u00a0<\/p>\n\n\n\n<p class=\"has-small-font-size\"><strong>#PraTodosVerem:\u00a0<\/strong>a arte do comunicado tem o formato de um ret\u00e2ngulo na cor amarela com os dizeres \u201cComunicado Tr\u00e2nsito\u201d em preto, e \u00e9 ilustrada com um cone na cor laranja e branco. Fim da descri\u00e7\u00e3o.<\/p>\n","protected":false},"excerpt":{"rendered":"<p>Tr\u00e2nsito foi desviado temporariamente para a pista no sentido Elias Fausto-Indaiatuba O Departamento de Tr\u00e2nsito da Secretaria de Obras e Vias P\u00fablicas informa uma mudan\u00e7a tempor\u00e1ria no tr\u00e2nsito da rodovia Jo\u00e3o Ceccon, no trecho em frente ao condom\u00ednio Jardim Vila Paradiso. A pista no sentido Indaiatuba-Elias Fausto est\u00e1 interditada para obras de melhorias no local. [&hellip;]<\/p>\n","protected":false},"author":8,"featured_media":24976,"comment_status":"closed","ping_status":"open","sticky":false,"template":"","format":"standard","meta":{"rop_custom_images_group":[],"rop_custom_messages_group":[],"rop_publish_now":"initial","rop_publish_now_accounts":[],"rop_publish_now_history":[],"rop_publish_now_status":"pending","footnotes":""},"categories":[188],"tags":[73],"class_list":["post-24975","post","type-post","status-publish","format-standard","has-post-thumbnail","hentry","category-indaiatuba","tag-featured"],"amp_enabled":true,"_links":{"self":[{"href":"https:\/\/imais.online\/portal\/wp-json\/wp\/v2\/posts\/24975","targetHints":{"allow":["GET"]}}],"collection":[{"href":"https:\/\/imais.online\/portal\/wp-json\/wp\/v2\/posts"}],"about":[{"href":"https:\/\/imais.online\/portal\/wp-json\/wp\/v2\/types\/post"}],"author":[{"embeddable":true,"href":"https:\/\/imais.online\/portal\/wp-json\/wp\/v2\/users\/8"}],"replies":[{"embeddable":true,"href":"https:\/\/imais.online\/portal\/wp-json\/wp\/v2\/comments?post=24975"}],"version-history":[{"count":1,"href":"https:\/\/imais.online\/portal\/wp-json\/wp\/v2\/posts\/24975\/revisions"}],"predecessor-version":[{"id":24977,"href":"https:\/\/imais.online\/portal\/wp-json\/wp\/v2\/posts\/24975\/revisions\/24977"}],"wp:featuredmedia":[{"embeddable":true,"href":"https:\/\/imais.online\/portal\/wp-json\/wp\/v2\/media\/24976"}],"wp:attachment":[{"href":"https:\/\/imais.online\/portal\/wp-json\/wp\/v2\/media?parent=24975"}],"wp:term":[{"taxonomy":"category","embeddable":true,"href":"https:\/\/imais.online\/portal\/wp-json\/wp\/v2\/categories?post=24975"},{"taxonomy":"post_tag","embeddable":true,"href":"https:\/\/imais.online\/portal\/wp-json\/wp\/v2\/tags?post=24975"}],"curies":[{"name":"wp","href":"https:\/\/api.w.org\/{rel}","templated":true}]}}