{"id":24979,"date":"2024-11-22T06:37:20","date_gmt":"2024-11-22T09:37:20","guid":{"rendered":"https:\/\/imais.online\/portal\/?p=24979"},"modified":"2024-11-22T06:37:21","modified_gmt":"2024-11-22T09:37:21","slug":"pitada-musical-especial-e-atracoes-infantis-marcam-fim-de-semana-do-shopping-jaragua-indaiatuba","status":"publish","type":"post","link":"https:\/\/imais.online\/portal\/pitada-musical-especial-e-atracoes-infantis-marcam-fim-de-semana-do-shopping-jaragua-indaiatuba\/","title":{"rendered":"Pitada Musical especial e atra\u00e7\u00f5es infantis marcam fim de semana do Shopping Jaragu\u00e1 Indaiatuba"},"content":{"rendered":"<div class=\"imais-before-content-placement\" id=\"imais-914519293\"><script async src=\"\/\/pagead2.googlesyndication.com\/pagead\/js\/adsbygoogle.js?client=ca-pub-8787528412751566\" crossorigin=\"anonymous\"><\/script><ins class=\"adsbygoogle\" style=\"display:block;\" data-ad-client=\"ca-pub-8787528412751566\" \ndata-ad-slot=\"\" \ndata-ad-format=\"auto\"><\/ins>\n<script> \n(adsbygoogle = window.adsbygoogle || []).push({}); \n<\/script>\n<\/div>\n<p>O Shopping Jaragu\u00e1 Indaiatuba anuncia uma programa\u00e7\u00e3o diversificada de atividades para os pr\u00f3ximos dias, refor\u00e7ando seu compromisso em oferecer op\u00e7\u00f5es de lazer e entretenimento para toda a fam\u00edlia.<\/p>\n\n\n\n<p>Na sexta-feira, 22 de novembro, o projeto&nbsp;<strong>Pitada Musical Especial<\/strong>&nbsp;apresenta um show com a cantora M\u00e1rcia \u00c1vila e Paulo C\u00e9sar. O repert\u00f3rio incluir\u00e1 can\u00e7\u00f5es que marcaram \u00e9poca, em uma iniciativa realizada em parceria com o Top\u00e1zio Cinemas. O evento acontecer\u00e1 na pra\u00e7a Paulo Ant\u00f4nio Lui e contar\u00e1 com distribui\u00e7\u00e3o gratuita de pipoca e algod\u00e3o doce, a partir das 19h30.<\/p>\n\n\n\n<p>No domingo, 24 de novembro, a programa\u00e7\u00e3o natalina \u201cAlegria de Natal\u201d traz personagens tem\u00e1ticos para animar as crian\u00e7as a partir das 15h. Essa iniciativa, que ocorre todos os domingos, busca criar experi\u00eancias l\u00fadicas e interativas com o p\u00fablico infantil.<\/p>\n\n\n\n<p>O Papai Noel tamb\u00e9m marca presen\u00e7a no shopping, dispon\u00edvel para fotos com crian\u00e7as e fam\u00edlias ao lado da loja Americanas. O bom velhinho estar\u00e1 no local aos s\u00e1bados, das 14h \u00e0s 20h, e aos domingos, das 12h \u00e0s 18h.<\/p>\n\n\n\n<p>Complementando as atividades, o&nbsp;<strong>Moreti Park<\/strong>, parque de divers\u00f5es instalado ao lado do shopping, segue em funcionamento com atra\u00e7\u00f5es que incluem roda-gigante panor\u00e2mica, bate-bate, barco viking e carrossel. O parque opera aos s\u00e1bados, domingos e feriados das 14h \u00e0s 22h, e de segunda a sexta-feira, das 19h \u00e0s 22h.<\/p>\n\n\n\n<p>Al\u00e9m das atividades de lazer, o Shopping Jaragu\u00e1 Indaiatuba se prepara para a&nbsp;<strong>Black Friday<\/strong>&nbsp;na pr\u00f3xima semana. O evento contar\u00e1 com promo\u00e7\u00f5es em diversas lojas, oferecendo descontos em produtos e servi\u00e7os, consolidando o per\u00edodo como uma oportunidade para compras antecipadas de fim de ano.<\/p>\n\n\n\n<p><strong>Sobre o Shopping Jaragu\u00e1 Indaiatuba<\/strong><\/p>\n\n\n\n<p>O Shopping Jaragu\u00e1 Indaiatuba \u00e9 uma empresa do Grupo Sol Panamby e administrado pela WE9, inaugurado em 1993, \u00e9 o destino preferido das fam\u00edlias em um ambiente confort\u00e1vel e seguro, conta com uma infraestrutura completa, com mix de lojas diversificado, estacionamento, pra\u00e7a de alimenta\u00e7\u00e3o com v\u00e1rias op\u00e7\u00f5es gastron\u00f4micas, al\u00e9m de opera\u00e7\u00f5es de servi\u00e7os e de lazer.<\/p>\n\n\n\n<p>Endere\u00e7o: Rua Quinze de Novembro, 1.200, Centro.<br>Informa\u00e7\u00f5es: (19) 3875-8933<br>Site:&nbsp;<a href=\"http:\/\/www.shoppingjaragua.com.br\/indaiatuba\">www.shoppingjaragua.com.br\/indaiatuba<\/a><\/p>\n","protected":false},"excerpt":{"rendered":"<p>O Shopping Jaragu\u00e1 Indaiatuba anuncia uma programa\u00e7\u00e3o diversificada de atividades para os pr\u00f3ximos dias, refor\u00e7ando seu compromisso em oferecer op\u00e7\u00f5es de lazer e entretenimento para toda a fam\u00edlia. Na sexta-feira, 22 de novembro, o projeto&nbsp;Pitada Musical Especial&nbsp;apresenta um show com a cantora M\u00e1rcia \u00c1vila e Paulo C\u00e9sar. O repert\u00f3rio incluir\u00e1 can\u00e7\u00f5es que marcaram \u00e9poca, em [&hellip;]<\/p>\n","protected":false},"author":7,"featured_media":24980,"comment_status":"closed","ping_status":"open","sticky":false,"template":"","format":"standard","meta":{"rop_custom_images_group":[],"rop_custom_messages_group":[],"rop_publish_now":"initial","rop_publish_now_accounts":[],"rop_publish_now_history":[],"rop_publish_now_status":"pending","footnotes":""},"categories":[188],"tags":[],"class_list":["post-24979","post","type-post","status-publish","format-standard","has-post-thumbnail","hentry","category-indaiatuba"],"amp_enabled":true,"_links":{"self":[{"href":"https:\/\/imais.online\/portal\/wp-json\/wp\/v2\/posts\/24979","targetHints":{"allow":["GET"]}}],"collection":[{"href":"https:\/\/imais.online\/portal\/wp-json\/wp\/v2\/posts"}],"about":[{"href":"https:\/\/imais.online\/portal\/wp-json\/wp\/v2\/types\/post"}],"author":[{"embeddable":true,"href":"https:\/\/imais.online\/portal\/wp-json\/wp\/v2\/users\/7"}],"replies":[{"embeddable":true,"href":"https:\/\/imais.online\/portal\/wp-json\/wp\/v2\/comments?post=24979"}],"version-history":[{"count":1,"href":"https:\/\/imais.online\/portal\/wp-json\/wp\/v2\/posts\/24979\/revisions"}],"predecessor-version":[{"id":24981,"href":"https:\/\/imais.online\/portal\/wp-json\/wp\/v2\/posts\/24979\/revisions\/24981"}],"wp:featuredmedia":[{"embeddable":true,"href":"https:\/\/imais.online\/portal\/wp-json\/wp\/v2\/media\/24980"}],"wp:attachment":[{"href":"https:\/\/imais.online\/portal\/wp-json\/wp\/v2\/media?parent=24979"}],"wp:term":[{"taxonomy":"category","embeddable":true,"href":"https:\/\/imais.online\/portal\/wp-json\/wp\/v2\/categories?post=24979"},{"taxonomy":"post_tag","embeddable":true,"href":"https:\/\/imais.online\/portal\/wp-json\/wp\/v2\/tags?post=24979"}],"curies":[{"name":"wp","href":"https:\/\/api.w.org\/{rel}","templated":true}]}}