{"id":25033,"date":"2024-11-27T15:52:06","date_gmt":"2024-11-27T18:52:06","guid":{"rendered":"https:\/\/imais.online\/portal\/?p=25033"},"modified":"2024-11-27T15:52:07","modified_gmt":"2024-11-27T18:52:07","slug":"nasa-e-extraterrestres-confira-ultimas-atualizacoes-da-agencia-americana","status":"publish","type":"post","link":"https:\/\/imais.online\/portal\/nasa-e-extraterrestres-confira-ultimas-atualizacoes-da-agencia-americana\/","title":{"rendered":"Nasa e extraterrestres: confira \u00faltimas atualiza\u00e7\u00f5es da ag\u00eancia americana"},"content":{"rendered":"<div class=\"imais-before-content-placement\" id=\"imais-2317813694\"><script async src=\"\/\/pagead2.googlesyndication.com\/pagead\/js\/adsbygoogle.js?client=ca-pub-8787528412751566\" crossorigin=\"anonymous\"><\/script><ins class=\"adsbygoogle\" style=\"display:block;\" data-ad-client=\"ca-pub-8787528412751566\" \ndata-ad-slot=\"\" \ndata-ad-format=\"auto\"><\/ins>\n<script> \n(adsbygoogle = window.adsbygoogle || []).push({}); \n<\/script>\n<\/div>\n<p>Cientistas da ag\u00eancia espacial americana queriam transformar conjecturas e conspira\u00e7\u00f5es em ci\u00eancia e sanidade, mas s\u00f3 provaram que, sem dados , n\u00e3o \u00e9 poss\u00edvel<\/p>\n\n\n\n<p>Recentemente, dois grupos de trabalho do Comit\u00ea de Supervis\u00e3o da C\u00e2mara dos Estados Unidos, um dos mais importantes do congresso americano, realizaram uma audi\u00eancia conjunta com o t\u00edtulo \u201cFen\u00f4menos An\u00f4malos N\u00e3o Identificados: Expondo a Verdade\u201d.<\/p>\n\n\n\n<p>O termo \u00e9 uma clara provoca\u00e7\u00e3o ao relat\u00f3rio da Nasa de setembro de 2023, que apresenta a \u00faltima posi\u00e7\u00e3o oficial da ag\u00eancia espacial americana\u00a0<a rel=\"noreferrer noopener\" href=\"https:\/\/www.cnnbrasil.com.br\/tecnologia\/extraterrestres-podem-ter-se-autodestruido-em-mudanca-climatica-diz-estudo\/\" target=\"_blank\">sobre vidas extraterrestres<\/a>.<\/p>\n\n\n\n<p>Embutido no pacote trilion\u00e1rio assinado pelo presidente Donald Trump em 2020, para aliviar o impacto da Covid-19, havia uma disposi\u00e7\u00e3o determinando que o Pent\u00e1gono investigasse os&nbsp;<strong>\u201cfen\u00f4menos an\u00f4malos n\u00e3o identificados\u201d (UAPs)<\/strong>.<\/p>\n\n\n\n<p>A expectativa era que a investiga\u00e7\u00e3o conseguisse esclarecer mais de 120 avistamentos por pilotos militares daquilo que se chamava de objetos voadores n\u00e3o identificados (Ovni).<\/p>\n\n\n\n<p>Em junho de 2022, a Nasa entrou em cena, comissionando uma equipe de estudo para examinar UAPs de uma perspectiva cient\u00edfica e, no dia 14 de setembro de 2023, a ag\u00eancia publicou o seu relat\u00f3rio final.<\/p>\n\n\n\n<h2 class=\"wp-block-heading\">O que diz o Relat\u00f3rio Final da Nasa sobre UAPs?<\/h2>\n\n\n\n<p>O chamado Relat\u00f3rio Final da Equipe de Estudo Independente de UAPs,&nbsp;<a href=\"https:\/\/smd-cms.nasa.gov\/wp-content\/uploads\/2023\/09\/uap-independent-study-team-final-report.pdf\" target=\"_blank\" rel=\"noreferrer noopener\">dispon\u00edvel no site da Nasa<\/a>, tem 36 p\u00e1ginas recheadas de observa\u00e7\u00f5es estritamente t\u00e9cnicas e cient\u00edficas<\/p>\n\n\n\n<p>Logo em seu in\u00edcio, a Nasa reconhece que \u201cmuitas testemunhas com credibilidade, muitas vezes aviadores militares, relataram ter visto objetos que n\u00e3o reconheceram no espa\u00e7o a\u00e9reo dos Estados Unidos\u201d.<\/p>\n\n\n\n<p>A ag\u00eancia reconhece que, embora grande parte dessas anomalias j\u00e1 tenha sido explicada, \u201cum pequeno punhado n\u00e3o pode ser imediatamente identificado como fen\u00f4menos naturais ou produzidos pelo homem\u201d.<\/p>\n\n\n\n<p>Embora o relat\u00f3rio n\u00e3o conclua formalmente pela exist\u00eancia de vida extraterrestre, a Nasa n\u00e3o nega no documento a possibilidade de\u00a0<strong>\u201cpotencial tecnologia alien\u00edgena desconhecida operando na atmosfera da Terra\u201d.<\/strong><\/p>\n\n\n\n<p>Confira abaixo algumas das principais conclus\u00f5es.<\/p>\n\n\n\n<h3 class=\"wp-block-heading\">Aus\u00eancia de dados tornam os UAPs mais misteriosos<\/h3>\n\n\n<div class=\"wp-block-image\">\n<figure class=\"aligncenter\" id=\"attachment_11585731\"><img decoding=\"async\" src=\"https:\/\/www.cnnbrasil.com.br\/wp-content\/uploads\/sites\/12\/2024\/11\/1b.jpg\" alt=\"\" class=\"wp-image-11585731\"\/><figcaption class=\"wp-element-caption\">Nuvens semelhantes a discos apareceram sobre a prov\u00edncia de Bursa, na Turquia \u2022 Ag\u00eancia Anadolu<\/figcaption><\/figure>\n<\/div>\n\n\n<p>Uma das maiores limita\u00e7\u00f5es dos pesquisadores da Nasa para a elabora\u00e7\u00e3o de seu relat\u00f3rio \u00e9 a classifica\u00e7\u00e3o dos v\u00eddeos como sigilosos, pelo Departamento de Defesa dos EUA.<\/p>\n\n\n\n<p>Falando \u00e0 BBC, a administradora associada da Diretoria de Miss\u00f5es Cient\u00edficas da Nasa, Nicola Fox, afirmou: \u201cOs UAPs s\u00e3o um dos maiores mist\u00e9rios do nosso planeta\u201d.<\/p>\n\n\n\n<p>Sobre as centenas de avistamentos de UAPs registrados, Fox reconheceu que n\u00e3o h\u00e1 dados dispon\u00edveis que \u201cpossam ser usados \u200b\u200bpara tirar conclus\u00f5es cient\u00edficas definitivas sobre a natureza e a origem dos Ovinis\u201d.<\/p>\n\n\n\n<p>Os rep\u00f3rteres questionaram por que a Nasa aceitou realizar um relat\u00f3rio de pesquisa apenas com material n\u00e3o sigiloso, enquanto o Departamento de Defesa,&nbsp;<a href=\"https:\/\/www.cnnbrasil.com.br\/tecnologia\/pentagono-nega-que-avistamentos-de-ovins-sejam-tecnologia-extraterrestre\/\" target=\"_blank\" rel=\"noreferrer noopener\">que divulgou em mar\u00e7o de 2024 um relat\u00f3rio p\u00edfio,<\/a>&nbsp;continua mantendo todas as imagens e v\u00eddeos em segredo.<\/p>\n\n\n\n<p>A resposta de Dan Evans, diretor-assistente da Divis\u00e3o de Pesquisa em Astrof\u00edsica da NASA, foi simpl\u00f3ria: \u201cUma das raz\u00f5es pelas quais restringimos este estudo a dados n\u00e3o confidenciais \u00e9 para que possamos falar abertamente sobre isso\u201d.<\/p>\n\n\n\n<p>Ao trabalhar com esse vi\u00e9s de sele\u00e7\u00e3o, a pesquisa da Nasa omite os casos mais intrigantes (que podem estar nos arquivos confidenciais), torna suas conclus\u00f5es incompletas e cria um verdadeiro paradoxo metodol\u00f3gico.&nbsp;<strong>\u00c9 como um m\u00e9dico fazer um diagn\u00f3stico sens\u00edvel sem ter acesso aos exames.<\/strong><\/p>\n\n\n\n<h2 class=\"wp-block-heading\">Conclus\u00f5es da Nasa em seu relat\u00f3rio final sobre extraterrestres<\/h2>\n\n\n\n<p>Durante a apresenta\u00e7\u00e3o do Relat\u00f3rio Final da Equipe de Estudo Independente de UAPs, em setembro de 2023, houve at\u00e9 quem perguntasse sobre os supostos cad\u00e1veres alien\u00edgenas apresentados no Congresso do M\u00e9xico.<\/p>\n\n\n\n<p>Em uma resposta que poderia ter dupla interpreta\u00e7\u00e3o, David Spergel, cientista da Nasa, recomendou \u00e0s autoridades mexicanas: \u201cDisponibilizem amostras para a comunidade cient\u00edfica mundial e veremos o que h\u00e1\u201d.<\/p>\n\n\n\n<p>Evans aproveitou a refer\u00eancia para lembrar que o objetivo do trabalho daquela equipe era orientar \u201cconjecturas e conspira\u00e7\u00f5es em dire\u00e7\u00e3o \u00e0 ci\u00eancia e \u00e0 sanidade\u201d,&nbsp;<strong>mas refor\u00e7a que o segredo para isso \u00e9 o uso de dados.<\/strong><\/p>\n\n\n\n<p>O painel terminou com uma resposta ao questionamento se a Nasa deveria dedicar mais esfor\u00e7os para encontrar vidas extraterrestres no espa\u00e7o sideral, em vez de uma mera suposi\u00e7\u00e3o de que os Ovinis venham do espa\u00e7o.<\/p>\n\n\n\n<p>O especialista Bill Wilson lembrou que uma coisa n\u00e3o exclui a outra, e que\u00a0<a rel=\"noreferrer noopener\" href=\"https:\/\/www.cnnbrasil.com.br\/nacional\/o-que-um-piloto-de-aviao-deve-fazer-ao-se-deparar-com-um-ovni-no-espaco-aereo-brasileiro-entenda\/\" target=\"_blank\">o telesc\u00f3pio Observat\u00f3rio de Mundos Habit\u00e1veis<\/a>\u00a0(em fase inicial de desenvolvimento) ser\u00e1 dedicado especificamente \u00e0 busca de planetas parecidos com a Terra no espa\u00e7o.<\/p>\n\n\n\n<p><strong>Sobre os UAPs, \u201ca Nasa n\u00e3o vai enterrar a cabe\u00e7a na areia\u201d, concluiu.<\/strong><\/p>\n\n\n\n<p>Seja como for, quando o rec\u00e9m-eleito presidente Trump se sentar em sua mesa no Sal\u00e3o Oval, no pr\u00f3ximo dia 20 de janeiro, as evid\u00eancias sobre UAPs estar\u00e3o no mesmo lugar que estavam em 2020: nos cofres do Departamento de Defesa.<\/p>\n\n\n\n<p>Fonte CNN Brasil <\/p>\n","protected":false},"excerpt":{"rendered":"<p>Cientistas da ag\u00eancia espacial americana queriam transformar conjecturas e conspira\u00e7\u00f5es em ci\u00eancia e sanidade, mas s\u00f3 provaram que, sem dados , n\u00e3o \u00e9 poss\u00edvel Recentemente, dois grupos de trabalho do Comit\u00ea de Supervis\u00e3o da C\u00e2mara dos Estados Unidos, um dos mais importantes do congresso americano, realizaram uma audi\u00eancia conjunta com o t\u00edtulo \u201cFen\u00f4menos An\u00f4malos N\u00e3o [&hellip;]<\/p>\n","protected":false},"author":8,"featured_media":25034,"comment_status":"closed","ping_status":"open","sticky":false,"template":"","format":"standard","meta":{"rop_custom_images_group":[],"rop_custom_messages_group":[],"rop_publish_now":"initial","rop_publish_now_accounts":[],"rop_publish_now_history":[],"rop_publish_now_status":"pending","footnotes":""},"categories":[212],"tags":[],"class_list":["post-25033","post","type-post","status-publish","format-standard","has-post-thumbnail","hentry","category-internacional"],"amp_enabled":true,"_links":{"self":[{"href":"https:\/\/imais.online\/portal\/wp-json\/wp\/v2\/posts\/25033","targetHints":{"allow":["GET"]}}],"collection":[{"href":"https:\/\/imais.online\/portal\/wp-json\/wp\/v2\/posts"}],"about":[{"href":"https:\/\/imais.online\/portal\/wp-json\/wp\/v2\/types\/post"}],"author":[{"embeddable":true,"href":"https:\/\/imais.online\/portal\/wp-json\/wp\/v2\/users\/8"}],"replies":[{"embeddable":true,"href":"https:\/\/imais.online\/portal\/wp-json\/wp\/v2\/comments?post=25033"}],"version-history":[{"count":1,"href":"https:\/\/imais.online\/portal\/wp-json\/wp\/v2\/posts\/25033\/revisions"}],"predecessor-version":[{"id":25035,"href":"https:\/\/imais.online\/portal\/wp-json\/wp\/v2\/posts\/25033\/revisions\/25035"}],"wp:featuredmedia":[{"embeddable":true,"href":"https:\/\/imais.online\/portal\/wp-json\/wp\/v2\/media\/25034"}],"wp:attachment":[{"href":"https:\/\/imais.online\/portal\/wp-json\/wp\/v2\/media?parent=25033"}],"wp:term":[{"taxonomy":"category","embeddable":true,"href":"https:\/\/imais.online\/portal\/wp-json\/wp\/v2\/categories?post=25033"},{"taxonomy":"post_tag","embeddable":true,"href":"https:\/\/imais.online\/portal\/wp-json\/wp\/v2\/tags?post=25033"}],"curies":[{"name":"wp","href":"https:\/\/api.w.org\/{rel}","templated":true}]}}