{"id":25043,"date":"2024-11-28T06:39:25","date_gmt":"2024-11-28T09:39:25","guid":{"rendered":"https:\/\/imais.online\/portal\/?p=25043"},"modified":"2024-11-28T06:39:26","modified_gmt":"2024-11-28T09:39:26","slug":"haddad-anuncia-isencao-de-ir-para-quem-ganha-ate-r-5-mil","status":"publish","type":"post","link":"https:\/\/imais.online\/portal\/haddad-anuncia-isencao-de-ir-para-quem-ganha-ate-r-5-mil\/","title":{"rendered":"Haddad anuncia isen\u00e7\u00e3o de IR para quem ganha at\u00e9 R$ 5 mil"},"content":{"rendered":"<div class=\"imais-before-content-placement\" id=\"imais-909730782\"><script async src=\"\/\/pagead2.googlesyndication.com\/pagead\/js\/adsbygoogle.js?client=ca-pub-8787528412751566\" crossorigin=\"anonymous\"><\/script><ins class=\"adsbygoogle\" style=\"display:block;\" data-ad-client=\"ca-pub-8787528412751566\" \ndata-ad-slot=\"\" \ndata-ad-format=\"auto\"><\/ins>\n<script> \n(adsbygoogle = window.adsbygoogle || []).push({}); \n<\/script>\n<\/div>\n<p>Medida ser\u00e1 bancada por maior taxa\u00e7\u00e3o de quem ganha mais de R$ 50 mil<\/p>\n\n\n\n<p>O governo enviar\u00e1, combinado ao pacote de corte de gastos obrigat\u00f3rios, a proposta para isentar de Imposto de Renda quem ganha at\u00e9 R$ 5 mil por m\u00eas, disse em pronunciamento nesta noite o ministro da Fazenda, Fernando Haddad. Ele esclareceu que a medida n\u00e3o ter\u00e1 impacto sobre as contas p\u00fablicas porque ser\u00e1 bancada com a taxa\u00e7\u00e3o extra de quem ganha mais de R$ 50 mil mensais.<\/p>\n\n\n\n<p>\u201c\u00c9 o Brasil justo, com menos imposto e mais dinheiro no bolso para investir no seu pequeno neg\u00f3cio, impulsionar o com\u00e9rcio no seu bairro e ajudar a sua cidade a crescer. A nova medida n\u00e3o trar\u00e1 impacto fiscal, ou seja, n\u00e3o aumentar\u00e1 os gastos do governo. Porque quem tem renda superior a R$ 50 mil por m\u00eas pagar\u00e1 um pouco mais. Tudo sem excessos e respeitando padr\u00f5es internacionais consagrados\u201d, disse o ministro em pronunciamento em cadeia nacional de r\u00e1dio e de televis\u00e3o.<\/p>\n\n\n\n<p>Segundo Haddad, a medida faz parte da segunda etapa da reforma tribut\u00e1ria, que prev\u00ea a reforma do Imposto de Renda. No pronunciamento, o ministro lembrou da reforma tribut\u00e1ria do consumo, promulgada no ano passado e em regulamenta\u00e7\u00e3o pelo Congresso, que trar\u00e1 outros benef\u00edcios \u00e0s classes baixa e m\u00e9dia.<\/p>\n\n\n\n<p>\u201cEssa medida, combinada \u00e0 hist\u00f3rica Reforma Tribut\u00e1ria, far\u00e1 com que grande parte do povo brasileiro n\u00e3o pague nem Imposto de Renda e nem imposto sobre produtos da cesta b\u00e1sica, inclusive a carne. Corrigindo grande parte da inaceit\u00e1vel injusti\u00e7a tribut\u00e1ria, que aprofundava a desigualdade social em nosso pa\u00eds\u201d, acrescentou o ministro.<\/p>\n\n\n\n<p><\/p>\n\n\n\n<figure class=\"wp-block-image\"><img decoding=\"async\" src=\"https:\/\/agenciabrasil.ebc.com.br\/ebc.png?id=1621504&amp;o=node\" alt=\"\"\/><\/figure>\n\n\n\n<figure class=\"wp-block-image\"><img decoding=\"async\" src=\"https:\/\/agenciabrasil.ebc.com.br\/ebc.gif?id=1621504&amp;o=node\" alt=\"\"\/><\/figure>\n","protected":false},"excerpt":{"rendered":"<p>Medida ser\u00e1 bancada por maior taxa\u00e7\u00e3o de quem ganha mais de R$ 50 mil O governo enviar\u00e1, combinado ao pacote de corte de gastos obrigat\u00f3rios, a proposta para isentar de Imposto de Renda quem ganha at\u00e9 R$ 5 mil por m\u00eas, disse em pronunciamento nesta noite o ministro da Fazenda, Fernando Haddad. Ele esclareceu que [&hellip;]<\/p>\n","protected":false},"author":7,"featured_media":25044,"comment_status":"closed","ping_status":"open","sticky":false,"template":"","format":"standard","meta":{"rop_custom_images_group":[],"rop_custom_messages_group":[],"rop_publish_now":"initial","rop_publish_now_accounts":[],"rop_publish_now_history":[],"rop_publish_now_status":"pending","footnotes":""},"categories":[189],"tags":[73],"class_list":["post-25043","post","type-post","status-publish","format-standard","has-post-thumbnail","hentry","category-brasil","tag-featured"],"amp_enabled":true,"_links":{"self":[{"href":"https:\/\/imais.online\/portal\/wp-json\/wp\/v2\/posts\/25043","targetHints":{"allow":["GET"]}}],"collection":[{"href":"https:\/\/imais.online\/portal\/wp-json\/wp\/v2\/posts"}],"about":[{"href":"https:\/\/imais.online\/portal\/wp-json\/wp\/v2\/types\/post"}],"author":[{"embeddable":true,"href":"https:\/\/imais.online\/portal\/wp-json\/wp\/v2\/users\/7"}],"replies":[{"embeddable":true,"href":"https:\/\/imais.online\/portal\/wp-json\/wp\/v2\/comments?post=25043"}],"version-history":[{"count":1,"href":"https:\/\/imais.online\/portal\/wp-json\/wp\/v2\/posts\/25043\/revisions"}],"predecessor-version":[{"id":25045,"href":"https:\/\/imais.online\/portal\/wp-json\/wp\/v2\/posts\/25043\/revisions\/25045"}],"wp:featuredmedia":[{"embeddable":true,"href":"https:\/\/imais.online\/portal\/wp-json\/wp\/v2\/media\/25044"}],"wp:attachment":[{"href":"https:\/\/imais.online\/portal\/wp-json\/wp\/v2\/media?parent=25043"}],"wp:term":[{"taxonomy":"category","embeddable":true,"href":"https:\/\/imais.online\/portal\/wp-json\/wp\/v2\/categories?post=25043"},{"taxonomy":"post_tag","embeddable":true,"href":"https:\/\/imais.online\/portal\/wp-json\/wp\/v2\/tags?post=25043"}],"curies":[{"name":"wp","href":"https:\/\/api.w.org\/{rel}","templated":true}]}}