{"id":25051,"date":"2024-12-01T13:15:21","date_gmt":"2024-12-01T16:15:21","guid":{"rendered":"https:\/\/imais.online\/portal\/?p=25051"},"modified":"2024-12-01T13:15:22","modified_gmt":"2024-12-01T16:15:22","slug":"fiec-anuncia-inscricoes-para-cursos-tecnicos-gratuitos-pelo-pronatec-fic","status":"publish","type":"post","link":"https:\/\/imais.online\/portal\/fiec-anuncia-inscricoes-para-cursos-tecnicos-gratuitos-pelo-pronatec-fic\/","title":{"rendered":"Fiec anuncia inscri\u00e7\u00f5es para cursos t\u00e9cnicos gratuitos pelo Pronatec &#8211; FIC"},"content":{"rendered":"<div class=\"imais-before-content-placement\" id=\"imais-3458116902\"><script async src=\"\/\/pagead2.googlesyndication.com\/pagead\/js\/adsbygoogle.js?client=ca-pub-8787528412751566\" crossorigin=\"anonymous\"><\/script><ins class=\"adsbygoogle\" style=\"display:block;\" data-ad-client=\"ca-pub-8787528412751566\" \ndata-ad-slot=\"\" \ndata-ad-format=\"auto\"><\/ins>\n<script> \n(adsbygoogle = window.adsbygoogle || []).push({}); \n<\/script>\n<\/div>\n<p>A&nbsp;Prefeitura de Indaiatuba, atrav\u00e9s da&nbsp;Fiec (Funda\u00e7\u00e3o Indaiatubana de Educa\u00e7\u00e3o e Cultura), informa que estar\u00e3o abertas as inscri\u00e7\u00f5es para o Programa Pronatec do Governo Federal que ser\u00e3o ministrados pelo CEPIN \u2013 Centro de Educa\u00e7\u00e3o Profissional de Indaiatuba, institui\u00e7\u00e3o mantida pela Fiec, no per\u00edodo de&nbsp;<strong>2 a 4 de dezembro de 2024<\/strong>.<\/p>\n\n\n\n<p>Ser\u00e3o ofertados os cursos de&nbsp;<strong>T\u00e9cnico em Marketing<\/strong>&nbsp;e&nbsp;<strong>T\u00e9cnico em Log\u00edstica<\/strong>, ambos com dura\u00e7\u00e3o de dois semestres e est\u00e1gio obrigat\u00f3rio. As aulas ser\u00e3o realizadas na unidade FIEC I, no Jardim Regina. Confira os detalhes:<\/p>\n\n\n\n<p>\u00b7&nbsp;&nbsp;&nbsp;&nbsp;&nbsp;&nbsp;&nbsp;&nbsp;&nbsp;<strong>T\u00e9cnico em Marketing<\/strong>:<\/p>\n\n\n\n<p>o&nbsp;&nbsp;&nbsp;&nbsp;Per\u00edodo: Manh\u00e3 (7h30 \u00e0s 11h45);<\/p>\n\n\n\n<p>o&nbsp;&nbsp;&nbsp;&nbsp;Vagas: 40;<\/p>\n\n\n\n<p>o&nbsp;&nbsp;&nbsp;&nbsp;Carga hor\u00e1ria: 800 horas de aula + 80 horas de Est\u00e1gio (realizado em 2 semestres);<\/p>\n\n\n\n<p>o&nbsp;&nbsp;&nbsp;&nbsp;Requisito: Estar regularmente matriculado na 1\u00aa s\u00e9rie do Ensino M\u00e9dio p\u00fablico em Indaiatuba em 2024.<\/p>\n\n\n\n<p>\u00b7&nbsp;&nbsp;&nbsp;&nbsp;&nbsp;&nbsp;&nbsp;&nbsp;&nbsp;<strong>T\u00e9cnico em Log\u00edstica<\/strong>:<\/p>\n\n\n\n<p>o&nbsp;&nbsp;&nbsp;&nbsp;Per\u00edodo: Noite (18h50 \u00e0s 23h);<\/p>\n\n\n\n<p>o&nbsp;&nbsp;&nbsp;&nbsp;Vagas: 40;<\/p>\n\n\n\n<p>o&nbsp;&nbsp;&nbsp;&nbsp;Carga hor\u00e1ria: 800 horas de aula + 80 horas de Est\u00e1gio (realizado em 2 semestres);<\/p>\n\n\n\n<p>o&nbsp;&nbsp;&nbsp;&nbsp;Requisito: Estar regularmente matriculado na 1\u00aa s\u00e9rie do Ensino M\u00e9dio p\u00fablico em Indaiatuba em 2024.<\/p>\n\n\n\n<p><strong>Inscri\u00e7\u00f5es<\/strong><br>As inscri\u00e7\u00f5es ser\u00e3o realizadas exclusivamente on-line, no site oficial da Fiec (<a href=\"http:\/\/www.fiec.com.br\/\">www.fiec.com.br<\/a>), com in\u00edcio \u00e0s 10h do dia 2 de dezembro e encerramento \u00e0s 17h do dia 4 de dezembro. Para efetuar o cadastro, os interessados dever\u00e3o criar um usu\u00e1rio com CPF e senha ou recuperar dados existentes caso j\u00e1 sejam cadastrados.<\/p>\n\n\n\n<p>A FIEC disponibilizar\u00e1 computadores na unidade FIEC I, de 9h \u00e0s 20h, para os candidatos que n\u00e3o tenham acesso \u00e0 internet ou encontrem dificuldades para se inscrever.<\/p>\n\n\n\n<p><strong>Processo Seletivo<\/strong><br>A classifica\u00e7\u00e3o dos candidatos ser\u00e1 realizada por ordem de inscri\u00e7\u00e3o, respeitando o limite de 40 vagas por curso. A lista de classificados ser\u00e1 divulgada no dia&nbsp;<strong>6 de dezembro de 2024<\/strong>, ap\u00f3s as 14h, no site da FIEC e na Imprensa Oficial do Munic\u00edpio.<\/p>\n\n\n\n<p><strong>Matr\u00edculas<\/strong><br>Os candidatos aprovados dever\u00e3o realizar a pr\u00e9-matr\u00edcula on-line na data informada e enviar a documenta\u00e7\u00e3o exigida pelo edital. A efetiva\u00e7\u00e3o ser\u00e1 confirmada ap\u00f3s a an\u00e1lise e assinatura das normas internas da institui\u00e7\u00e3o.<\/p>\n\n\n\n<p>\u00b7&nbsp;&nbsp;&nbsp;&nbsp;&nbsp;&nbsp;&nbsp;&nbsp;&nbsp;<strong>1\u00aa Chamada<\/strong>: 16\/12\/2024<\/p>\n\n\n\n<p>\u00b7&nbsp;&nbsp;&nbsp;&nbsp;&nbsp;&nbsp;&nbsp;&nbsp;&nbsp;<strong>2\u00aa Chamada<\/strong>: 29\/01\/2025 (caso haja vagas remanescentes)<\/p>\n\n\n\n<p>\u00b7&nbsp;&nbsp;&nbsp;&nbsp;&nbsp;&nbsp;&nbsp;&nbsp;&nbsp;<strong>3\u00aa Chamada<\/strong>: Ap\u00f3s a primeira semana de aula, se necess\u00e1rio.<\/p>\n\n\n\n<p><strong>In\u00edcio das aulas<\/strong><br>As aulas come\u00e7am no dia&nbsp;<strong>10 de fevereiro de 2025<\/strong>, e os alunos matriculados receber\u00e3o assist\u00eancia estudantil, incluindo uniforme, kit material, lanche di\u00e1rio e vale-transporte, conforme previsto pela Lei n\u00ba 12.513\/2011.<\/p>\n\n\n\n<p><strong>Documenta\u00e7\u00e3o Necess\u00e1ria<\/strong><br>Para efetivar a matr\u00edcula, o candidato dever\u00e1 apresentar c\u00f3pias simples acompanhadas dos originais ou c\u00f3pias autenticadas de documentos como RG, CPF, certid\u00e3o de nascimento, comprovante de resid\u00eancia, entre outros especificados no edital.<\/p>\n\n\n\n<p>Mais informa\u00e7\u00f5es podem ser obtidas no site oficial da FIEC ou diretamente na unidade FIEC I.<\/p>\n\n\n\n<p><strong>ATEN\u00c7\u00c3O:<\/strong><\/p>\n\n\n\n<p>Consulte previamente o Edital Pronatec n\u00ba 001\/2024 \u2013 1\u00ba Semestre\/2025, dispon\u00edvel no site da FIEC,&nbsp;<a href=\"https:\/\/www.fiec.com.br\/site\/procsel\/listar.do\">https:\/\/www.fiec.com.br\/site\/procsel\/listar.do<\/a>, para tomar conhecimento de todas as exig\u00eancias do processo seletivo.&nbsp;<\/p>\n\n\n\n<p>#PraTodosVerem: Alunos do t\u00e9cnico em marketing participando de aula<\/p>\n\n\n\n<ul class=\"wp-block-list\">\n<li><strong>Redator(es):<\/strong>&nbsp;Renata Lippi A. Lemuchi<\/li>\n<\/ul>\n","protected":false},"excerpt":{"rendered":"<p>A&nbsp;Prefeitura de Indaiatuba, atrav\u00e9s da&nbsp;Fiec (Funda\u00e7\u00e3o Indaiatubana de Educa\u00e7\u00e3o e Cultura), informa que estar\u00e3o abertas as inscri\u00e7\u00f5es para o Programa Pronatec do Governo Federal que ser\u00e3o ministrados pelo CEPIN \u2013 Centro de Educa\u00e7\u00e3o Profissional de Indaiatuba, institui\u00e7\u00e3o mantida pela Fiec, no per\u00edodo de&nbsp;2 a 4 de dezembro de 2024. Ser\u00e3o ofertados os cursos de&nbsp;T\u00e9cnico em [&hellip;]<\/p>\n","protected":false},"author":7,"featured_media":25052,"comment_status":"closed","ping_status":"open","sticky":false,"template":"","format":"standard","meta":{"rop_custom_images_group":[],"rop_custom_messages_group":[],"rop_publish_now":"initial","rop_publish_now_accounts":[],"rop_publish_now_history":[],"rop_publish_now_status":"pending","footnotes":""},"categories":[188],"tags":[73],"class_list":["post-25051","post","type-post","status-publish","format-standard","has-post-thumbnail","hentry","category-indaiatuba","tag-featured"],"amp_enabled":true,"_links":{"self":[{"href":"https:\/\/imais.online\/portal\/wp-json\/wp\/v2\/posts\/25051","targetHints":{"allow":["GET"]}}],"collection":[{"href":"https:\/\/imais.online\/portal\/wp-json\/wp\/v2\/posts"}],"about":[{"href":"https:\/\/imais.online\/portal\/wp-json\/wp\/v2\/types\/post"}],"author":[{"embeddable":true,"href":"https:\/\/imais.online\/portal\/wp-json\/wp\/v2\/users\/7"}],"replies":[{"embeddable":true,"href":"https:\/\/imais.online\/portal\/wp-json\/wp\/v2\/comments?post=25051"}],"version-history":[{"count":1,"href":"https:\/\/imais.online\/portal\/wp-json\/wp\/v2\/posts\/25051\/revisions"}],"predecessor-version":[{"id":25053,"href":"https:\/\/imais.online\/portal\/wp-json\/wp\/v2\/posts\/25051\/revisions\/25053"}],"wp:featuredmedia":[{"embeddable":true,"href":"https:\/\/imais.online\/portal\/wp-json\/wp\/v2\/media\/25052"}],"wp:attachment":[{"href":"https:\/\/imais.online\/portal\/wp-json\/wp\/v2\/media?parent=25051"}],"wp:term":[{"taxonomy":"category","embeddable":true,"href":"https:\/\/imais.online\/portal\/wp-json\/wp\/v2\/categories?post=25051"},{"taxonomy":"post_tag","embeddable":true,"href":"https:\/\/imais.online\/portal\/wp-json\/wp\/v2\/tags?post=25051"}],"curies":[{"name":"wp","href":"https:\/\/api.w.org\/{rel}","templated":true}]}}