{"id":25054,"date":"2024-12-01T13:16:58","date_gmt":"2024-12-01T16:16:58","guid":{"rendered":"https:\/\/imais.online\/portal\/?p=25054"},"modified":"2024-12-01T13:16:59","modified_gmt":"2024-12-01T16:16:59","slug":"prefeitura-lanca-pedras-fundamentais-do-novo-hospital-e-do-parque-dos-passaros-na-terca-feira-3-12","status":"publish","type":"post","link":"https:\/\/imais.online\/portal\/prefeitura-lanca-pedras-fundamentais-do-novo-hospital-e-do-parque-dos-passaros-na-terca-feira-3-12\/","title":{"rendered":"Prefeitura lan\u00e7a pedras fundamentais do novo Hospital e do Parque dos P\u00e1ssaros na ter\u00e7a-feira (3\/12)"},"content":{"rendered":"<div class=\"imais-before-content-placement\" id=\"imais-2532007716\"><script async src=\"\/\/pagead2.googlesyndication.com\/pagead\/js\/adsbygoogle.js?client=ca-pub-8787528412751566\" crossorigin=\"anonymous\"><\/script><ins class=\"adsbygoogle\" style=\"display:block;\" data-ad-client=\"ca-pub-8787528412751566\" \ndata-ad-slot=\"\" \ndata-ad-format=\"auto\"><\/ins>\n<script> \n(adsbygoogle = window.adsbygoogle || []).push({}); \n<\/script>\n<\/div>\n<p class=\"has-text-align-center\"><em><small>Hospital e empreendimento habitacional ser\u00e3o constru\u00eddos na avenida Luiz Bruno Petrilli<\/small><\/em><\/p>\n\n\n\n<p>O prefeito Nilson Gaspar far\u00e1 o lan\u00e7amento da Pedra Fundamental do novo Hospital Municipal e do empreendimento habitacional do Parque dos P\u00e1ssaros no dia 03 de dezembro. O evento que integra a programa\u00e7\u00e3o do anivers\u00e1rio de 194 anos de Indaiatuba ter\u00e1 in\u00edcio \u00e0s 9h e contar\u00e1 com a presen\u00e7a de autoridades locais. O novo hospital ser\u00e1 constru\u00eddo em parceria com empreendedor local e tem previs\u00e3o de entrega para 2027. O projeto habitacional, que prev\u00ea a constru\u00e7\u00e3o de 2.276 apartamentos, \u00e9 um empreendimento da iniciativa privada em parceria com a Prefeitura de Indaiatuba e Governo Federal, por meio do Programa Minha Casa Minha vida.<\/p>\n\n\n\n<p><strong>Hospital Municipal<\/strong><\/p>\n\n\n\n<p>De acordo com o prefeito, a proposta do novo Hospital Municipal do Parque dos P\u00e1ssaros \u00e9 absorver as demandas daquela regi\u00e3o, que inclui o Parque Campo Bonito, aliviando a UPA do Jardim Morada do Sol e do Hospital Augusto de Oliveira Camargo (Haoc). No total, a unidade de sa\u00fade oferecer\u00e1 58 leitos.<\/p>\n\n\n\n<p>O hospital ser\u00e1 constru\u00eddo na avenida Luiz Bruno Petrilli em parceria com o mesmo empreendedor do projeto habitacional que ser\u00e1 lan\u00e7ado no local. O projeto da Secretaria de Planejamento Urbano e Engenharia tem 4 mil metros quadrados de constru\u00e7\u00e3o e a obra dever\u00e1 receber investimentos de aproximadamente R$ 20 milh\u00f5es.<\/p>\n\n\n\n<p>O pr\u00e9dio ser\u00e1 dividido em tr\u00eas pavimentos. No pavimento inferior funcionar\u00e1 uma sala de tomografia, contendo sala de equipamentos e sala de prepara\u00e7\u00e3o e repouso, sala com oito postos de coleta para exames de sangue, sala de laudos, sala para ultrassonografia, recep\u00e7\u00e3o e sala de espera com sanit\u00e1rios.<\/p>\n\n\n\n<p>No pavimento t\u00e9rreo ficar\u00e1 a sala amarela (sutura\/curativo) com sanit\u00e1rio, \u00e1rea para dep\u00f3sito de cilindros de oxig\u00eanios vazios, sala de dire\u00e7\u00e3o integrada com sala administrativa e lavabo, posto policial, \u00e1rea de lavanderia para terceirizada e lavagem de macas. \u00c9 nesse piso que tamb\u00e9m ficar\u00e1 a sala vermelha infantil e sala vermelha para urg\u00eancia e emerg\u00eancia, sala de organiza\u00e7\u00e3o de materiais higienizados, sala para roupa suja, sala para guarda tempor\u00e1ria de cad\u00e1veres, sala para res\u00edduos, sanit\u00e1rios acess\u00edveis e banheiros, al\u00e9m de almoxarifado, sala de raio-x, sala para expurgo, esteriliza\u00e7\u00e3o e desinfec\u00e7\u00e3o.<\/p>\n\n\n\n<p>Nas depend\u00eancias t\u00e9rreas, ter\u00e1 elevador para acesso ao pavimento superior e inferior, sala de gesso, sala para reuni\u00f5es, sala para farm\u00e1cia e dep\u00f3sito, sala de consult\u00f3rio odontol\u00f3gico, classifica\u00e7\u00e3o de risco, assist\u00eancia social, copa para funcion\u00e1rios, tr\u00eas consult\u00f3rios m\u00e9dicos, sala para eletrocardiograma, sala para coleta e procedimentos (adulto), ampla recep\u00e7\u00e3o e sala de espera com sanit\u00e1rio.<\/p>\n\n\n\n<p>O atendimento infantil ficar\u00e1 no t\u00e9rreo, tamb\u00e9m. A sala de espera ter\u00e1 brinquedoteca, sala de coleta e procedimentos e consult\u00f3rios, sala de classifica\u00e7\u00e3o de risco e sala de inala\u00e7\u00e3o e medica\u00e7\u00e3o de pediatria.<\/p>\n\n\n\n<p>Na parte externa do pavimento t\u00e9rreo ficar\u00e1 um&nbsp;amplo estacionamento, abrigo para ar comprimido, dep\u00f3sito de cilindros de oxig\u00eanio, \u00e1rea para gerador, subesta\u00e7\u00e3o de energia, acesso ao pr\u00e9dio com rampas acess\u00edveis e de acordo com a norma NBR 9050.<\/p>\n\n\n\n<p>Os 58 leitos previstos ficar\u00e3o no pavimento superior, que ter\u00e1 acesso atrav\u00e9s de escadas com corrim\u00e3o e elevador. Nele ficar\u00e3o a sala para almoxarifado e duas alas para observa\u00e7\u00e3o masculino (12 leitos + 12 leitos) e feminino (12 leitos + 12 leitos), contendo sala para arquivo, sala para observa\u00e7\u00e3o pedi\u00e1trica (quatro leitos), seis salas para isolamento, totalizando os 58 leitos. Tamb\u00e9m abrigar\u00e1 o posto de enfermagem e sala para repouso m\u00e9dico e enfermagem, vesti\u00e1rios, banheiros e refeit\u00f3rios para funcion\u00e1rios e sala para administrativo, sala de coletas e exames, copa e sanit\u00e1rios.<\/p>\n\n\n\n<p><strong>Empreendimento Habitacional<\/strong><\/p>\n\n\n\n<p>Durante o evento, o prefeito tamb\u00e9m far\u00e1 o lan\u00e7amento da Pedra Fundamental do empreendimento imobili\u00e1rio Parque dos P\u00e1ssaros. Ser\u00e3o 2.276 unidades de apartamentos, divididos em oito condom\u00ednios, que ser\u00e3o constru\u00eddos pela empresa VIC Engenharia LTDA, com a parceria da Prefeitura de Indaiatuba e Governo Federal, por meio do Programa Minha Casa Minha vida.<\/p>\n\n\n\n<p>O empreendimento tamb\u00e9m est\u00e1 localizado na avenida Luiz Bruno Petrilli em um terreno de 108.997,13 m\u00b2 de \u00e1rea, onde ser\u00e3o constru\u00eddos os condom\u00ednios habitacionais: Gran VIC Andorinha (324), Gran VIC Colibri (256), Gran VIC Can\u00e1rio (296); Gran VIC Tangar\u00e1 (312); Gran VIC Sabi\u00e1 (248); Gran VIC Beija-flor (308); Gran VIC Gaivota (276) e Gran VIC Bem-te-vi (256). Os m\u00f3dulos ser\u00e3o entregues gradativamente pela empresa.<\/p>\n\n\n\n<p>Os apartamentos ter\u00e3o de 47 a 52 m\u00b2 e ser\u00e3o compostos por dois quartos, sala, cozinha, banheiro e lavanderia. A \u00e1rea comum ter\u00e1 quadra poliesportiva, sal\u00e3o de festas com churrasqueira, piscinas, playground, academia ao ar livre, horta e pomar.<\/p>\n\n\n\n<p>A regi\u00e3o j\u00e1 conta com infraestrutura de servi\u00e7os p\u00fablicos para atender a popula\u00e7\u00e3o local, como a UBS Jardim Maritacas, Emeb (Escola Municipal de Educa\u00e7\u00e3o B\u00e1sica) Prof. Cleonice Lemos Naressi, Parque Ecol\u00f3gico do Buru, e tamb\u00e9m um com\u00e9rcio bem estruturado. Al\u00e9m disso, o loteamento receber\u00e1 o novo Hospital Municipal.<\/p>\n\n\n\n<ul class=\"wp-block-list\">\n<li><strong>Redator(es):<\/strong>&nbsp;Sirlene Virg\u00edlio Bueno<\/li>\n<\/ul>\n","protected":false},"excerpt":{"rendered":"<p>Hospital e empreendimento habitacional ser\u00e3o constru\u00eddos na avenida Luiz Bruno Petrilli O prefeito Nilson Gaspar far\u00e1 o lan\u00e7amento da Pedra Fundamental do novo Hospital Municipal e do empreendimento habitacional do Parque dos P\u00e1ssaros no dia 03 de dezembro. O evento que integra a programa\u00e7\u00e3o do anivers\u00e1rio de 194 anos de Indaiatuba ter\u00e1 in\u00edcio \u00e0s 9h [&hellip;]<\/p>\n","protected":false},"author":7,"featured_media":25055,"comment_status":"closed","ping_status":"open","sticky":false,"template":"","format":"standard","meta":{"rop_custom_images_group":[],"rop_custom_messages_group":[],"rop_publish_now":"initial","rop_publish_now_accounts":[],"rop_publish_now_history":[],"rop_publish_now_status":"pending","footnotes":""},"categories":[188],"tags":[],"class_list":["post-25054","post","type-post","status-publish","format-standard","has-post-thumbnail","hentry","category-indaiatuba"],"amp_enabled":true,"_links":{"self":[{"href":"https:\/\/imais.online\/portal\/wp-json\/wp\/v2\/posts\/25054","targetHints":{"allow":["GET"]}}],"collection":[{"href":"https:\/\/imais.online\/portal\/wp-json\/wp\/v2\/posts"}],"about":[{"href":"https:\/\/imais.online\/portal\/wp-json\/wp\/v2\/types\/post"}],"author":[{"embeddable":true,"href":"https:\/\/imais.online\/portal\/wp-json\/wp\/v2\/users\/7"}],"replies":[{"embeddable":true,"href":"https:\/\/imais.online\/portal\/wp-json\/wp\/v2\/comments?post=25054"}],"version-history":[{"count":1,"href":"https:\/\/imais.online\/portal\/wp-json\/wp\/v2\/posts\/25054\/revisions"}],"predecessor-version":[{"id":25056,"href":"https:\/\/imais.online\/portal\/wp-json\/wp\/v2\/posts\/25054\/revisions\/25056"}],"wp:featuredmedia":[{"embeddable":true,"href":"https:\/\/imais.online\/portal\/wp-json\/wp\/v2\/media\/25055"}],"wp:attachment":[{"href":"https:\/\/imais.online\/portal\/wp-json\/wp\/v2\/media?parent=25054"}],"wp:term":[{"taxonomy":"category","embeddable":true,"href":"https:\/\/imais.online\/portal\/wp-json\/wp\/v2\/categories?post=25054"},{"taxonomy":"post_tag","embeddable":true,"href":"https:\/\/imais.online\/portal\/wp-json\/wp\/v2\/tags?post=25054"}],"curies":[{"name":"wp","href":"https:\/\/api.w.org\/{rel}","templated":true}]}}