{"id":25069,"date":"2024-12-02T13:56:59","date_gmt":"2024-12-02T16:56:59","guid":{"rendered":"https:\/\/imais.online\/portal\/?p=25069"},"modified":"2024-12-02T13:57:00","modified_gmt":"2024-12-02T16:57:00","slug":"prefeito-nilson-gaspar-inaugura-centro-esportivo-rei-pele-no-domingo-8-12-com-show-de-michel-telo","status":"publish","type":"post","link":"https:\/\/imais.online\/portal\/prefeito-nilson-gaspar-inaugura-centro-esportivo-rei-pele-no-domingo-8-12-com-show-de-michel-telo\/","title":{"rendered":"Prefeito Nilson Gaspar inaugura Centro Esportivo Rei Pel\u00e9 no domingo (8\/12) com show de Michel Tel\u00f3"},"content":{"rendered":"<div class=\"imais-before-content-placement\" id=\"imais-76265113\"><script async src=\"\/\/pagead2.googlesyndication.com\/pagead\/js\/adsbygoogle.js?client=ca-pub-8787528412751566\" crossorigin=\"anonymous\"><\/script><ins class=\"adsbygoogle\" style=\"display:block;\" data-ad-client=\"ca-pub-8787528412751566\" \ndata-ad-slot=\"\" \ndata-ad-format=\"auto\"><\/ins>\n<script> \n(adsbygoogle = window.adsbygoogle || []).push({}); \n<\/script>\n<\/div>\n<p><em><small>Evento faz parte das comemora\u00e7\u00f5es do anivers\u00e1rio da cidade, com atra\u00e7\u00f5es esportivas a partir das 8h30<\/small><\/em><\/p>\n\n\n\n<p>O prefeito Nilson Gaspar inaugura neste domingo, dia 08 de dezembro, \u00e0s 15h, o Centro Esportivo do Jardim Morada do Sol \u201cRei Pel\u00e9\u201d. A festa de inaugura\u00e7\u00e3o marcar\u00e1 as comemora\u00e7\u00f5es do anivers\u00e1rio da cidade e ser\u00e1 encerrada com o show do cantor sertanejo Michel Tel\u00f3, \u00e0s 16h, que integra a programa\u00e7\u00e3o de Natal promovida pela Secretaria Municipal da Cultura. Durante todo o dia a popula\u00e7\u00e3o poder\u00e1 prestigiar atividades esportivas no espa\u00e7o.<\/p>\n\n\n\n<p>O Rei Pel\u00e9 oferece equipamentos para a pr\u00e1tica de esportes e para o lazer. S\u00e3o mais de 30 mil metros quadrados de constru\u00e7\u00e3o em uma \u00e1rea de 176.392m\u00b2, localizado na Estrada da General Motors &#8211; IDT 372. A obra recebeu investimentos de R$ 44 milh\u00f5es.<\/p>\n\n\n\n<p>Conforme projeto desenvolvido pela Secretaria de Planejamento Urbano e Engenharia, o novo Centro Esportivo abriga um gin\u00e1sio de esportes; duas quadras poliesportivas; pista de atletismo; pista de skate; o primeiro parkour park de Indaiatuba, que \u00e9; mini campo; quatro quadras de t\u00eanis; duas quadras de v\u00f4lei de areia; uma quadra padel e uma mini quadra de basquete.<\/p>\n\n\n\n<p>O sistema de lazer tamb\u00e9m contar\u00e1 com uma piscina coberta semiol\u00edmpica com vesti\u00e1rio; uma piscina semiol\u00edmpica descoberta e uma piscina para jogos e recrea\u00e7\u00e3o esportiva, al\u00e9m de quatro playgrounds e uma pista de caminhada que contornar\u00e1 todo o complexo.<\/p>\n\n\n\n<p>Os visitantes ter\u00e3o a disposi\u00e7\u00e3o uma \u00e1rea de estacionamento que oferecer\u00e1 425 vagas de ve\u00edculos e \u00e1rea exclusiva para estacionamento de \u00f4nibus.<\/p>\n\n\n\n<p>Al\u00e9m dos equipamentos j\u00e1 previstos no projeto, a Prefeitura complementou o espa\u00e7o com a constru\u00e7\u00e3o de um campo de beisebol e uma pista de pump track, que \u00e9 usada para ciclismo, com um circuito de rolos, curvas inclinadas e recursos projetados para gerar impulso por movimentos do corpo para cima e para baixo, em vez de pedalar.<\/p>\n\n\n\n<p>Essas obras complementares, que tamb\u00e9m incluem o paisagismo e a abertura e pavimenta\u00e7\u00e3o de vias internas do Centro Esportivo, foram executadas pelas secretarias de Obras e Vias P\u00fablicas e Servi\u00e7os Urbanos e Meio Ambiente.<\/p>\n\n\n\n<p>A constru\u00e7\u00e3o do Centro Esportivo do Jardim Morada do Sol integra o Plano de Governo do prefeito Nilson Gaspar e beneficiar\u00e1 uma regi\u00e3o com popula\u00e7\u00e3o estimada de aproximadamente 60 mil pessoas.<\/p>\n\n\n\n<p><strong>Programa\u00e7\u00e3o de inaugura\u00e7\u00e3o<\/strong><\/p>\n\n\n\n<p><strong><u>Pista de Atletismo:<\/u><\/strong><\/p>\n\n\n\n<p><strong>8h30<\/strong>&nbsp;\u2013 Festival de Encerramento da modalidade Atletismo dos Projetos Esporte Cidad\u00e3o e Juventude Esportiva<\/p>\n\n\n\n<p><strong><u>Gin\u00e1sio Poliesportivo:<\/u><\/strong><\/p>\n\n\n\n<p><strong>8h \u00e0s 9h<\/strong>&nbsp;\u2013 Apresenta\u00e7\u00e3o de&nbsp;<strong>Carat\u00ea<\/strong>&nbsp;Esporte Cidad\u00e3o e Juventude Esportiva +&nbsp;&nbsp;Competitivo (apresenta\u00e7\u00e3o do trabalho feito com as crian\u00e7as, demonstra\u00e7\u00e3o de Kata com armas e sem armas, combates)<\/p>\n\n\n\n<p><strong>9h \u00e0s 10h<\/strong>&nbsp;\u2013 Apresenta\u00e7\u00e3o de&nbsp;<strong>Jud\u00f4<\/strong>&nbsp;Esporte Cidad\u00e3o, Juventude Esportiva e Competitivo (Apresenta\u00e7\u00e3o dos trabalhos feitos com as crian\u00e7as nos projetos e demonstra\u00e7\u00e3o de combates com as turmas da equipe do competitivo).<\/p>\n\n\n\n<p><strong>10h15 \u00e0s 11h15<\/strong>&nbsp;\u2013 Apresenta\u00e7\u00e3o dos alunos de&nbsp;<strong>Futsal&nbsp;<\/strong>do Projeto Esporte Cidad\u00e3o nas idades de 6 a 8 anos e de 9 a 11 anos (Apresenta\u00e7\u00e3o dos trabalhos realizados nos projetos).<\/p>\n\n\n\n<p><strong>11h15 \u00e0s 12h15<\/strong>&nbsp;\u2013 Apresenta\u00e7\u00e3o dos alunos de&nbsp;<strong>Basquete<\/strong>&nbsp;do Projeto Esporte Cidad\u00e3o, Juventude Esportiva e Competitivo (Apresenta\u00e7\u00e3o dos Trabalhos realizados nos Projetos)<\/p>\n\n\n\n<p><strong>13h45 \u00e0s 15h<\/strong>&nbsp;\u2013 Apresenta\u00e7\u00e3o da&nbsp;<strong>Gin\u00e1stica R\u00edtmica<\/strong>&nbsp;dos Projetos Esporte Cidad\u00e3o, Juventude Esportiva, al\u00e9m da Equipe Competitiva para finaliza\u00e7\u00e3o dos eventos e in\u00edcio da inaugura\u00e7\u00e3o do Complexo.<\/p>\n\n\n\n<p><strong><u>Campo de Beisebol:<\/u><\/strong><\/p>\n\n\n\n<p><strong>12h30 \u00e0s 15h<\/strong>&nbsp;\u2013 Apresenta\u00e7\u00e3o das equipes de&nbsp;<strong>Beisebol e Softbol<\/strong>&nbsp;da ACENBI e Projeto BASE.<\/p>\n\n\n\n<p><strong><u>Pista de Skate:<\/u><\/strong><\/p>\n\n\n\n<p><strong>08h30 \u00e0s 09h30<\/strong>&nbsp;&#8211; Aul\u00e3o com alunos de&nbsp;<strong>skate<\/strong>&nbsp;do Esporte Cidad\u00e3o, com visitantes crian\u00e7as e adolescentes dos 03 aos 12 anos;<\/p>\n\n\n\n<p><strong>09h35 \u00e0s 10h20<\/strong>&nbsp;&#8211; Pr\u00e1tica do&nbsp;<strong>patins<\/strong>;<\/p>\n\n\n\n<p><strong>10h25 \u00e0s 11h<\/strong>&nbsp;&#8211; Pr\u00e1tica do&nbsp;<strong>BMX Freestyle<\/strong>;<\/p>\n\n\n\n<p><strong>11h05 \u00e0s 15h<\/strong>&nbsp;&#8211; Pr\u00e1tica e demonstra\u00e7\u00e3o do&nbsp;<strong>skate, street, snake e park<\/strong>, para skatistas experientes que j\u00e1 praticam nas modalidades;<\/p>\n\n\n\n<p><strong>15h&nbsp;<\/strong>&#8211; Encerramento das atividades<\/p>\n\n\n\n<p><strong><u>Arena Parkour:<\/u><\/strong><\/p>\n\n\n\n<p><strong>09h<\/strong>&nbsp;\u2013 Abertura do&nbsp;<em>Indaiatuba Parkour Experience 2024<\/em><\/p>\n\n\n\n<p><strong>09h30 \u00e0s 11h30<\/strong>&nbsp;&#8211; Atividade para todos a respeito da modalidade&nbsp;<strong>parkour<\/strong>, pr\u00e1tica e interativa destinada aos visitantes curiosos e iniciantes, focada em experimenta\u00e7\u00e3o e divers\u00e3o<\/p>\n\n\n\n<p><strong>11h30 \u00e0s 13h<\/strong>&nbsp;&#8211; Intervalo para almo\u00e7o<\/p>\n\n\n\n<p><strong>13h00 \u00e0s 14h30<\/strong>&nbsp;&#8211; Sess\u00e3o de demonstra\u00e7\u00e3o em formato de competi\u00e7\u00e3o simulada, de atletas e equipes convidadas.<\/p>\n\n\n\n<p><strong>14h30 \u00e0s 15h<\/strong>&nbsp;&#8211; Encerramento das atividades no Parkour Park.<\/p>\n\n\n\n<p>*apoio da Confedera\u00e7\u00e3o Brasileira de Parkour e da Internacional Parkour Federation<\/p>\n\n\n\n<p>* presen\u00e7a confirmada da Parkour Mauvais e Adrenalina Parkour<\/p>\n\n\n\n<p><strong><u>Cerimonial:<\/u><\/strong><\/p>\n\n\n\n<p><strong>15h&nbsp;<\/strong>\u2013 Cerimonial de inaugura\u00e7\u00e3o com o prefeito Nilson Gaspar e autoridades<\/p>\n\n\n\n<p><strong><u>Show de encerramento:<\/u><\/strong><\/p>\n\n\n\n<p><strong>16h&nbsp;<\/strong>\u2013 Show gratuito com o cantor Michel Tel\u00f3<\/p>\n","protected":false},"excerpt":{"rendered":"<p>Evento faz parte das comemora\u00e7\u00f5es do anivers\u00e1rio da cidade, com atra\u00e7\u00f5es esportivas a partir das 8h30 O prefeito Nilson Gaspar inaugura neste domingo, dia 08 de dezembro, \u00e0s 15h, o Centro Esportivo do Jardim Morada do Sol \u201cRei Pel\u00e9\u201d. A festa de inaugura\u00e7\u00e3o marcar\u00e1 as comemora\u00e7\u00f5es do anivers\u00e1rio da cidade e ser\u00e1 encerrada com o [&hellip;]<\/p>\n","protected":false},"author":8,"featured_media":25070,"comment_status":"closed","ping_status":"open","sticky":false,"template":"","format":"standard","meta":{"rop_custom_images_group":[],"rop_custom_messages_group":[],"rop_publish_now":"initial","rop_publish_now_accounts":[],"rop_publish_now_history":[],"rop_publish_now_status":"pending","footnotes":""},"categories":[188],"tags":[73],"class_list":["post-25069","post","type-post","status-publish","format-standard","has-post-thumbnail","hentry","category-indaiatuba","tag-featured"],"amp_enabled":true,"_links":{"self":[{"href":"https:\/\/imais.online\/portal\/wp-json\/wp\/v2\/posts\/25069","targetHints":{"allow":["GET"]}}],"collection":[{"href":"https:\/\/imais.online\/portal\/wp-json\/wp\/v2\/posts"}],"about":[{"href":"https:\/\/imais.online\/portal\/wp-json\/wp\/v2\/types\/post"}],"author":[{"embeddable":true,"href":"https:\/\/imais.online\/portal\/wp-json\/wp\/v2\/users\/8"}],"replies":[{"embeddable":true,"href":"https:\/\/imais.online\/portal\/wp-json\/wp\/v2\/comments?post=25069"}],"version-history":[{"count":1,"href":"https:\/\/imais.online\/portal\/wp-json\/wp\/v2\/posts\/25069\/revisions"}],"predecessor-version":[{"id":25071,"href":"https:\/\/imais.online\/portal\/wp-json\/wp\/v2\/posts\/25069\/revisions\/25071"}],"wp:featuredmedia":[{"embeddable":true,"href":"https:\/\/imais.online\/portal\/wp-json\/wp\/v2\/media\/25070"}],"wp:attachment":[{"href":"https:\/\/imais.online\/portal\/wp-json\/wp\/v2\/media?parent=25069"}],"wp:term":[{"taxonomy":"category","embeddable":true,"href":"https:\/\/imais.online\/portal\/wp-json\/wp\/v2\/categories?post=25069"},{"taxonomy":"post_tag","embeddable":true,"href":"https:\/\/imais.online\/portal\/wp-json\/wp\/v2\/tags?post=25069"}],"curies":[{"name":"wp","href":"https:\/\/api.w.org\/{rel}","templated":true}]}}