{"id":25084,"date":"2024-12-04T07:17:07","date_gmt":"2024-12-04T10:17:07","guid":{"rendered":"https:\/\/imais.online\/portal\/?p=25084"},"modified":"2024-12-04T07:17:08","modified_gmt":"2024-12-04T10:17:08","slug":"novo-parque-tematico-vai-atrair-mais-de-r-2-bilhoes-em-investimentos-privados-para-sp","status":"publish","type":"post","link":"https:\/\/imais.online\/portal\/novo-parque-tematico-vai-atrair-mais-de-r-2-bilhoes-em-investimentos-privados-para-sp\/","title":{"rendered":"Novo parque tem\u00e1tico vai atrair mais de R$ 2 bilh\u00f5es em investimentos privados para SP"},"content":{"rendered":"<div class=\"imais-before-content-placement\" id=\"imais-1448125301\"><script async src=\"\/\/pagead2.googlesyndication.com\/pagead\/js\/adsbygoogle.js?client=ca-pub-8787528412751566\" crossorigin=\"anonymous\"><\/script><ins class=\"adsbygoogle\" style=\"display:block;\" data-ad-client=\"ca-pub-8787528412751566\" \ndata-ad-slot=\"\" \ndata-ad-format=\"auto\"><\/ins>\n<script> \n(adsbygoogle = window.adsbygoogle || []).push({}); \n<\/script>\n<\/div>\n<p class=\"has-text-align-center\">Cacau Park, que ser\u00e1 constru\u00eddo em Itu, deve gerar um impacto econ\u00f4mico de R$ 35 bilh\u00f5es na regi\u00e3o em dez anos; empreendimento criar\u00e1 9 mil empregos diretos e indiretos<\/p>\n\n\n\n<p>O governador Tarc\u00edsio de Freitas participou nesta segunda-feira (2), no Pal\u00e1cio dos Bandeirantes, do an\u00fancio oficial do Cacau Park, parque tem\u00e1tico da Cacau Show que ser\u00e1 constru\u00eddo em Itu. O empreendimento tem investimento de R$ 2 bilh\u00f5es e proje\u00e7\u00e3o de impacto econ\u00f4mico de R$ 35 bilh\u00f5es em dez anos em toda a regi\u00e3o.<\/p>\n\n\n\n<p>\u201cEstamos atraindo investimentos no estado e falando de transforma\u00e7\u00e3o da realidade. Um parque desses significa muito. N\u00f3s vivemos esse sonho e vamos ver esse sonho se tornar realidade. Isso vai transformar aquela regi\u00e3o e vai mexer com o turismo no estado de S\u00e3o Paulo, que vai ficar mais forte a partir do dia de hoje\u201d, afirmou o governador.<\/p>\n\n\n\n<p>O evento contou ainda com a presen\u00e7a da primeira-dama, Cristiane de Freitas, de secret\u00e1rios de estado, do deputado Andr\u00e9 do Prado, presidente da Alesp (Assembleia Legislativa de S\u00e3o Paulo) e do CEO e fundador da Cacau Show, Al\u00ea Costa, al\u00e9m de outras autoridades e representantes da empresa.<\/p>\n\n\n\n<p>O polo tur\u00edstico multiuso que ter\u00e1 o Cacau Park possui uma \u00e1rea total de 7 milh\u00f5es de m\u00b2. O espa\u00e7o ter\u00e1 um shopping a c\u00e9u aberto que vai reunir lojas-conceito e restaurantes exclusivos. O empreendimento, que ter\u00e1 ainda dois hot\u00e9is que somam mais de mil quartos, ser\u00e1 o maior dedicado ao chocolate na Am\u00e9rica Latina e deve atrair 3 milh\u00f5es de visitantes por ano.<\/p>\n\n\n\n<figure class=\"wp-block-embed is-type-video is-provider-youtube wp-block-embed-youtube wp-embed-aspect-16-9 wp-has-aspect-ratio\"><div class=\"wp-block-embed__wrapper\">\n<iframe loading=\"lazy\" title=\"An\u00fancio do Parque Tem\u00e1tico da Cacau Show\" width=\"740\" height=\"416\" src=\"https:\/\/www.youtube.com\/embed\/bSSpISi5uuM?start=1634&#038;feature=oembed\" frameborder=\"0\" allow=\"accelerometer; autoplay; clipboard-write; encrypted-media; gyroscope; picture-in-picture; web-share\" referrerpolicy=\"strict-origin-when-cross-origin\" allowfullscreen><\/iframe>\n<\/div><\/figure>\n\n\n\n<p>O Cacau Park tamb\u00e9m deve ser importante gerador de empregos na regi\u00e3o de Sorocaba, que tem cerca de 28 milh\u00f5es de habitantes: de acordo com a empresa, ser\u00e3o 2,8 mil empregos durante as obras, al\u00e9m de 3 mil postos de trabalho diretos e 6 mil indiretos com a opera\u00e7\u00e3o do parque e dos hot\u00e9is j\u00e1 em funcionamento, prevista para 2027.<\/p>\n\n\n\n<p>\u201cUma das premissas do governador \u00e9 o desenvolvimento regional e esse parque vai alavancar um conjunto bastante interessante em um raio de 80 quil\u00f4metros\u201d, estimou o secret\u00e1rio de Desenvolvimento Econ\u00f4mico, Jorge Lima.<br><br>O Governo de SP, por meio do Departamento de Estradas e Rodagens (DER), tamb\u00e9m ir\u00e1 trabalhar em um projeto executivo para a constru\u00e7\u00e3o de uma rodovia vicinal para ligar o parque tem\u00e1tico \u00e0 rodovia SP075. A expectativa \u00e9 que tenha 4 quil\u00f4metros de extens\u00e3o, dos quais 800 metros de pista dupla e 3,2 quil\u00f4metros de pista simples.<\/p>\n\n\n\n<h2 class=\"wp-block-heading\">Projeto do Cacau Park<\/h2>\n\n\n\n<p>Inspirado pelos parques tem\u00e1ticos mais renomados do mundo, o Cacau Park ser\u00e1 um polo de entretenimento, gastronomia e experi\u00eancias, com mais de 50 atra\u00e7\u00f5es, incluindo a maior e mais r\u00e1pida montanha-russa da Am\u00e9rica Latina. Com 55 metros de altura, a montanha-russa atingir\u00e1 120 km\/h em apenas 5 segundos.<\/p>\n\n\n\n<p>O projeto inclui, al\u00e9m do parque, um centro de conven\u00e7\u00f5es e condom\u00ednios residenciais para atender \u00e0 crescente demanda por infraestrutura integrada, al\u00e9m de um centro cultural e uma galeria de arte. Tamb\u00e9m far\u00e1 parte do complexo, no futuro, um parque de aventura, um parque aqu\u00e1tico e at\u00e9 um parque dos dinossauros.<\/p>\n\n\n\n<p>\u201cN\u00f3s estamos criando algo muito relevante para o munic\u00edpio de Itu, para o munic\u00edpio de Sorocaba, e por que n\u00e3o dizer, para o Brasil\u201d, afirmou Al\u00ea Costa, CEO da Cacau Show.<\/p>\n\n\n\n<p><\/p>\n","protected":false},"excerpt":{"rendered":"<p>Cacau Park, que ser\u00e1 constru\u00eddo em Itu, deve gerar um impacto econ\u00f4mico de R$ 35 bilh\u00f5es na regi\u00e3o em dez anos; empreendimento criar\u00e1 9 mil empregos diretos e indiretos O governador Tarc\u00edsio de Freitas participou nesta segunda-feira (2), no Pal\u00e1cio dos Bandeirantes, do an\u00fancio oficial do Cacau Park, parque tem\u00e1tico da Cacau Show que ser\u00e1 [&hellip;]<\/p>\n","protected":false},"author":7,"featured_media":25085,"comment_status":"closed","ping_status":"open","sticky":false,"template":"","format":"standard","meta":{"rop_custom_images_group":[],"rop_custom_messages_group":[],"rop_publish_now":"initial","rop_publish_now_accounts":[],"rop_publish_now_history":[],"rop_publish_now_status":"pending","footnotes":""},"categories":[195],"tags":[],"class_list":["post-25084","post","type-post","status-publish","format-standard","has-post-thumbnail","hentry","category-sao-paulo"],"amp_enabled":true,"_links":{"self":[{"href":"https:\/\/imais.online\/portal\/wp-json\/wp\/v2\/posts\/25084","targetHints":{"allow":["GET"]}}],"collection":[{"href":"https:\/\/imais.online\/portal\/wp-json\/wp\/v2\/posts"}],"about":[{"href":"https:\/\/imais.online\/portal\/wp-json\/wp\/v2\/types\/post"}],"author":[{"embeddable":true,"href":"https:\/\/imais.online\/portal\/wp-json\/wp\/v2\/users\/7"}],"replies":[{"embeddable":true,"href":"https:\/\/imais.online\/portal\/wp-json\/wp\/v2\/comments?post=25084"}],"version-history":[{"count":1,"href":"https:\/\/imais.online\/portal\/wp-json\/wp\/v2\/posts\/25084\/revisions"}],"predecessor-version":[{"id":25086,"href":"https:\/\/imais.online\/portal\/wp-json\/wp\/v2\/posts\/25084\/revisions\/25086"}],"wp:featuredmedia":[{"embeddable":true,"href":"https:\/\/imais.online\/portal\/wp-json\/wp\/v2\/media\/25085"}],"wp:attachment":[{"href":"https:\/\/imais.online\/portal\/wp-json\/wp\/v2\/media?parent=25084"}],"wp:term":[{"taxonomy":"category","embeddable":true,"href":"https:\/\/imais.online\/portal\/wp-json\/wp\/v2\/categories?post=25084"},{"taxonomy":"post_tag","embeddable":true,"href":"https:\/\/imais.online\/portal\/wp-json\/wp\/v2\/tags?post=25084"}],"curies":[{"name":"wp","href":"https:\/\/api.w.org\/{rel}","templated":true}]}}