{"id":25100,"date":"2024-12-06T08:54:58","date_gmt":"2024-12-06T11:54:58","guid":{"rendered":"https:\/\/imais.online\/portal\/?p=25100"},"modified":"2024-12-06T08:54:59","modified_gmt":"2024-12-06T11:54:59","slug":"transporte-coletivo-tera-linhas-especiais-para-inauguracao-do-rei-pele-no-domingo-8-12","status":"publish","type":"post","link":"https:\/\/imais.online\/portal\/transporte-coletivo-tera-linhas-especiais-para-inauguracao-do-rei-pele-no-domingo-8-12\/","title":{"rendered":"Transporte coletivo ter\u00e1 linhas especiais para inaugura\u00e7\u00e3o do &#8220;Rei Pel\u00e9&#8221; no domingo (8\/12)"},"content":{"rendered":"<div class=\"imais-before-content-placement\" id=\"imais-2601116126\"><script async src=\"\/\/pagead2.googlesyndication.com\/pagead\/js\/adsbygoogle.js?client=ca-pub-8787528412751566\" crossorigin=\"anonymous\"><\/script><ins class=\"adsbygoogle\" style=\"display:block;\" data-ad-client=\"ca-pub-8787528412751566\" \ndata-ad-slot=\"\" \ndata-ad-format=\"auto\"><\/ins>\n<script> \n(adsbygoogle = window.adsbygoogle || []).push({}); \n<\/script>\n<\/div>\n<p><em><small>Tr\u00eas linhas de \u00f4nibus ter\u00e3o itiner\u00e1rio modificado para atender o p\u00fablico do evento<\/small><\/em><\/p>\n\n\n\n<p>O Departamento de Transporte da Secretaria Municipal de Administra\u00e7\u00e3o e a SOU Indaiatuba informam que neste domingo (8\/12) tr\u00eas linhas do transporte coletivo de passageiros ter\u00e3o itiner\u00e1rio especial para atender o evento de inaugura\u00e7\u00e3o do Centro Esportivo Jardim Morada do Sol \u201cRei Pel\u00e9\u201d. Linha 307 far\u00e1 o trajeto Centro-Rei Pel\u00e9 at\u00e9 \u00e0s 16h30, e as linhas 328 e 331 come\u00e7am a operar no local a partir das 15h.<\/p>\n\n\n\n<p>No domingo, a linha 307 far\u00e1 a liga\u00e7\u00e3o do Terminal Central, na regi\u00e3o central da cidade, ao Centro Esportivo localizado na Estrada General Motors, no per\u00edodo das 7h30 \u00e0s 16h30, com viagens a cada 60 minutos. O atendimento especial pela linha 307, contar\u00e1 com um total de dez viagens, sendo cinco em cada sentido &#8211; Centro x \u201cRei Pel\u00e9\u201d e \u201cRei Pel\u00e9\u201d x Centro.&nbsp;<\/p>\n\n\n\n<p>Para o show do cantor sertanejo Michel Tel\u00f3 o transporte coletivo ser\u00e1 disponibilizado a partir das 15h. O local do evento ser\u00e1 atendido pelas linhas 328, ligando o Campo Bonito ao local, e 331, que sair\u00e1 do Terminal Central e passar\u00e1 pelo Jardim Morada do Sol. O show que est\u00e1 previsto para as 16h marcar\u00e1 o encerramento da festa de inaugura\u00e7\u00e3o do Centro Esportivo, e faz parte da programa\u00e7\u00e3o de Natal promovida pela Secretaria Municipal da Cultura.<\/p>\n\n\n\n<p>Os usu\u00e1rios poder\u00e3o consultar hor\u00e1rios do atendimento especial para o evento de inaugura\u00e7\u00e3o do Centro Esportivo \u201cRei Pel\u00e9\u201d no site www.souindaiatuba.com.br, ou no aplicativo de celular SOU Indaiatuba.<\/p>\n\n\n\n<p><\/p>\n","protected":false},"excerpt":{"rendered":"<p>Tr\u00eas linhas de \u00f4nibus ter\u00e3o itiner\u00e1rio modificado para atender o p\u00fablico do evento O Departamento de Transporte da Secretaria Municipal de Administra\u00e7\u00e3o e a SOU Indaiatuba informam que neste domingo (8\/12) tr\u00eas linhas do transporte coletivo de passageiros ter\u00e3o itiner\u00e1rio especial para atender o evento de inaugura\u00e7\u00e3o do Centro Esportivo Jardim Morada do Sol \u201cRei [&hellip;]<\/p>\n","protected":false},"author":8,"featured_media":25101,"comment_status":"closed","ping_status":"open","sticky":false,"template":"","format":"standard","meta":{"rop_custom_images_group":[],"rop_custom_messages_group":[],"rop_publish_now":"initial","rop_publish_now_accounts":[],"rop_publish_now_history":[],"rop_publish_now_status":"pending","footnotes":""},"categories":[188],"tags":[],"class_list":["post-25100","post","type-post","status-publish","format-standard","has-post-thumbnail","hentry","category-indaiatuba"],"amp_enabled":true,"_links":{"self":[{"href":"https:\/\/imais.online\/portal\/wp-json\/wp\/v2\/posts\/25100","targetHints":{"allow":["GET"]}}],"collection":[{"href":"https:\/\/imais.online\/portal\/wp-json\/wp\/v2\/posts"}],"about":[{"href":"https:\/\/imais.online\/portal\/wp-json\/wp\/v2\/types\/post"}],"author":[{"embeddable":true,"href":"https:\/\/imais.online\/portal\/wp-json\/wp\/v2\/users\/8"}],"replies":[{"embeddable":true,"href":"https:\/\/imais.online\/portal\/wp-json\/wp\/v2\/comments?post=25100"}],"version-history":[{"count":1,"href":"https:\/\/imais.online\/portal\/wp-json\/wp\/v2\/posts\/25100\/revisions"}],"predecessor-version":[{"id":25102,"href":"https:\/\/imais.online\/portal\/wp-json\/wp\/v2\/posts\/25100\/revisions\/25102"}],"wp:featuredmedia":[{"embeddable":true,"href":"https:\/\/imais.online\/portal\/wp-json\/wp\/v2\/media\/25101"}],"wp:attachment":[{"href":"https:\/\/imais.online\/portal\/wp-json\/wp\/v2\/media?parent=25100"}],"wp:term":[{"taxonomy":"category","embeddable":true,"href":"https:\/\/imais.online\/portal\/wp-json\/wp\/v2\/categories?post=25100"},{"taxonomy":"post_tag","embeddable":true,"href":"https:\/\/imais.online\/portal\/wp-json\/wp\/v2\/tags?post=25100"}],"curies":[{"name":"wp","href":"https:\/\/api.w.org\/{rel}","templated":true}]}}