{"id":25169,"date":"2024-12-15T17:19:24","date_gmt":"2024-12-15T20:19:24","guid":{"rendered":"https:\/\/imais.online\/portal\/?p=25169"},"modified":"2024-12-15T17:19:25","modified_gmt":"2024-12-15T20:19:25","slug":"meu-tio-poderia-estar-vivo-essas-pessoas-sao-monstros-diz-sobrinha-de-homem-que-morreu-sentado-em-cadeira-de-upa","status":"publish","type":"post","link":"https:\/\/imais.online\/portal\/meu-tio-poderia-estar-vivo-essas-pessoas-sao-monstros-diz-sobrinha-de-homem-que-morreu-sentado-em-cadeira-de-upa\/","title":{"rendered":"&#8216;Meu tio poderia estar vivo. Essas pessoas s\u00e3o monstros&#8217;, diz sobrinha de homem que morreu sentado em cadeira de UPA"},"content":{"rendered":"<div class=\"imais-before-content-placement\" id=\"imais-1125045560\"><script async src=\"\/\/pagead2.googlesyndication.com\/pagead\/js\/adsbygoogle.js?client=ca-pub-8787528412751566\" crossorigin=\"anonymous\"><\/script><ins class=\"adsbygoogle\" style=\"display:block;\" data-ad-client=\"ca-pub-8787528412751566\" \ndata-ad-slot=\"\" \ndata-ad-format=\"auto\"><\/ins>\n<script> \n(adsbygoogle = window.adsbygoogle || []).push({}); \n<\/script>\n<\/div>\n<h2 class=\"wp-block-heading\">Ao saber da morte de Jos\u00e9 Augusto Mota da Silva, fam\u00edlia pensou que era trote e ficou chocada com v\u00eddeos do caso<\/h2>\n\n\n\n<p>A \u00faltima vez que o gar\u00e7om e artes\u00e3o Jos\u00e9 Augusto Mota da Silva, de 32 anos, falou com a fam\u00edlia, que vive em Mogi Gua\u00e7u, no interior de S\u00e3o Paulo foi na quarta-feira. Depois de perguntar se todos estavam bem, contou para uma das irm\u00e3s, Meiriane Mota da Silva, de 38 anos, que estava com fortes dores no est\u00f4mago e tinha marcado uma consulta numa cl\u00ednica da fam\u00edlia com um especialista. No in\u00edcio da madrugada de s\u00e1bado (14), outra liga\u00e7\u00e3o trouxe a not\u00edcia que todos pensaram inicialmente que fosse um trote. Um amigo de Jos\u00e9 Augusto localizou parentes dele pelas redes sociais e contou que\u00a0<a class=\"\" href=\"https:\/\/oglobo.globo.com\/rio\/noticia\/2024\/12\/14\/funcionarios-do-plantao-que-homem-morreu-esperando-atendimento-serao-demitidos-inadmissivel-nao-perceberem-a-gravidade-do-caso-diz-sms.ghtml\">ele morrera sentado em uma cadeira na UPA da Cidade de Deus<\/a>, na Zona Oeste do Rio. Jos\u00e9 Augusto passara pela triagem, e a equipe de sa\u00fade parece n\u00e3o ter percebido a gravidade do caso:<\/p>\n\n\n\n<blockquote class=\"wp-block-quote is-layout-flow wp-block-quote-is-layout-flow\">\n<p>\u2014 Ele poderia estar vivo. Essas pessoas que estavam de plant\u00e3o na UPA s\u00e3o monstros. Vamos processar a prefeitura. A gente retornou as liga\u00e7\u00f5es desse amigo para confirmar que n\u00e3o era mentira. Foi quando come\u00e7aram a circular os v\u00eddeos em que mostram meu tio morto. Ficamos chocados \u2014 diz a funcion\u00e1ria de almoxarifado Emily Larissa, de 19 anos, filha de Meiriane.<\/p>\n<\/blockquote>\n\n\n\n<figure class=\"wp-block-image\"><img decoding=\"async\" src=\"https:\/\/s2-oglobo.glbimg.com\/bnQOSrG4urTTri2dotpSRd5IuGs=\/0x0:640x1136\/984x0\/smart\/filters:strip_icc()\/i.s3.glbimg.com\/v1\/AUTH_da025474c0c44edd99332dddb09cabe8\/internal_photos\/bs\/2024\/t\/v\/nzJA3ZRSib0TXygsKjAw\/img-20241215-wa0022-1-.jpg\" alt=\"Jos\u00e9 Augusto que morreu em uma cadeira na Upa da Cidade de Deus com a sobrinha Emily \u2014 Foto: \u00c1lbum de fam\u00edlia\"\/><figcaption class=\"wp-element-caption\">Jos\u00e9 Augusto que morreu em uma cadeira na Upa da Cidade de Deus com a sobrinha Emily \u2014 Foto: \u00c1lbum de fam\u00edlia<\/figcaption><\/figure>\n\n\n\n<p>Em um dos v\u00eddeos, uma mulher aparece e comenta:<\/p>\n\n\n\n<blockquote class=\"wp-block-quote is-layout-flow wp-block-quote-is-layout-flow\">\n<p>&#8220;O homem chegou aqui gritando de dor, e s\u00f3 o atenderam depois que ele morreu. Isso \u00e9 uma ruindade, uma ruindade, todos s\u00e3o culpados&#8221;.<\/p>\n<\/blockquote>\n\n\n\n<p>Pelas redes sociais, o secret\u00e1rio municipal de Sa\u00fade, Daniel Soranz informou que foi aberta sindic\u00e2ncia e que toda a equipe de plant\u00e3o na UPA ser\u00e1 demitida:<\/p>\n\n\n\n<p>&#8221;Todos os profissionais que estavam no plant\u00e3o da UPA da Cidade de Deus, na noite de ontem, ser\u00e3o demitidos, responder\u00e3o sindic\u00e2ncia e ser\u00e3o denunciados nos seus respectivos conselhos de classe. \u00c9 inadmiss\u00edvel n\u00e3o perceberem a gravidade do caso&#8221;, disse Soranz pelas redes sociais.<\/p>\n\n\n\n<p>A sobrinha e a irm\u00e3 de Jos\u00e9 Augusto chegaram no inicio da noite de s\u00e1bado ao Rio de \u00f4nibus para liberar o corpo e j\u00e1 retornaram. O enterro ser\u00e1 em Mogi Gua\u00e7u. O atestado emitido pelo Instituto M\u00e9dico-Legal foi inconclusivo. Os peritos aguardam exames laboratoriais que podem apontar a causa da morte do gar\u00e7om.<\/p>\n\n\n\n<p>Nascido em uma fam\u00edlia de cinco irm\u00e3os, Jos\u00e9 Augusto morava no Rio desde 2012. De dia vendia artesanato na praia e \u00e0 noite trabalhava como gar\u00e7om em um restaurante na Rua Oleg\u00e1rio Maciel, na Barra da Tijuca. Nos \u00faltimos meses, morava sozinho em Rio das Pedras, depois de romper com uma namorada.<\/p>\n\n\n\n<p>\u2014 Ele decidiu morar do Rio depois de ficar muito triste com a morte da m\u00e3e \u2014 disse Larissa<\/p>\n\n\n\n<p>Em dificuldades financeiras, Jos\u00e9 Augusto chegou a morar nas ruas de Copacabana. Quem conta \u00e9 o porteiro Douglas Batista da Silva, o mesmo amigo que o levou para a Upa da Cidade de Deus. Ele definiu a situa\u00e7\u00e3o como absurda e que alertou funcion\u00e1rios da unidade que o caso do amigo parecia ser muito grave.<\/p>\n\n\n\n<p>\u2014 Ele me ligou pedindo ajuda para procurar uma emerg\u00eancia. Quando o encontrei, ele estava se queixando de muitas dores e vomitava. Fomos de Van at\u00e9 a Cidade de Deus. Eu mesmo falei na recep\u00e7\u00e3o que se tratava de uma emerg\u00eancia. Voltei para casa para ficar com meu filho. No in\u00edcio da madrugada come\u00e7aram a aparecer imagens nas redes sociais de algu\u00e9m morreu na UPA. Voltei para UPA, reconheci o corpo e falei com a fam\u00edlia \u2014 disse Douglas.<\/p>\n\n\n\n<p>Fonte O Globo<\/p>\n","protected":false},"excerpt":{"rendered":"<p>Ao saber da morte de Jos\u00e9 Augusto Mota da Silva, fam\u00edlia pensou que era trote e ficou chocada com v\u00eddeos do caso A \u00faltima vez que o gar\u00e7om e artes\u00e3o Jos\u00e9 Augusto Mota da Silva, de 32 anos, falou com a fam\u00edlia, que vive em Mogi Gua\u00e7u, no interior de S\u00e3o Paulo foi na quarta-feira. [&hellip;]<\/p>\n","protected":false},"author":8,"featured_media":25170,"comment_status":"closed","ping_status":"open","sticky":false,"template":"","format":"standard","meta":{"rop_custom_images_group":[],"rop_custom_messages_group":[],"rop_publish_now":"initial","rop_publish_now_accounts":[],"rop_publish_now_history":[],"rop_publish_now_status":"pending","footnotes":""},"categories":[199],"tags":[],"class_list":["post-25169","post","type-post","status-publish","format-standard","has-post-thumbnail","hentry","category-policia"],"amp_enabled":true,"_links":{"self":[{"href":"https:\/\/imais.online\/portal\/wp-json\/wp\/v2\/posts\/25169","targetHints":{"allow":["GET"]}}],"collection":[{"href":"https:\/\/imais.online\/portal\/wp-json\/wp\/v2\/posts"}],"about":[{"href":"https:\/\/imais.online\/portal\/wp-json\/wp\/v2\/types\/post"}],"author":[{"embeddable":true,"href":"https:\/\/imais.online\/portal\/wp-json\/wp\/v2\/users\/8"}],"replies":[{"embeddable":true,"href":"https:\/\/imais.online\/portal\/wp-json\/wp\/v2\/comments?post=25169"}],"version-history":[{"count":1,"href":"https:\/\/imais.online\/portal\/wp-json\/wp\/v2\/posts\/25169\/revisions"}],"predecessor-version":[{"id":25171,"href":"https:\/\/imais.online\/portal\/wp-json\/wp\/v2\/posts\/25169\/revisions\/25171"}],"wp:featuredmedia":[{"embeddable":true,"href":"https:\/\/imais.online\/portal\/wp-json\/wp\/v2\/media\/25170"}],"wp:attachment":[{"href":"https:\/\/imais.online\/portal\/wp-json\/wp\/v2\/media?parent=25169"}],"wp:term":[{"taxonomy":"category","embeddable":true,"href":"https:\/\/imais.online\/portal\/wp-json\/wp\/v2\/categories?post=25169"},{"taxonomy":"post_tag","embeddable":true,"href":"https:\/\/imais.online\/portal\/wp-json\/wp\/v2\/tags?post=25169"}],"curies":[{"name":"wp","href":"https:\/\/api.w.org\/{rel}","templated":true}]}}