{"id":25184,"date":"2024-12-16T09:11:43","date_gmt":"2024-12-16T12:11:43","guid":{"rendered":"https:\/\/imais.online\/portal\/?p=25184"},"modified":"2024-12-16T09:11:44","modified_gmt":"2024-12-16T12:11:44","slug":"melhores-do-ano-globo-e-sbt-entram-ao-vivo-juntas-em-homenagem-a-silvio-santos","status":"publish","type":"post","link":"https:\/\/imais.online\/portal\/melhores-do-ano-globo-e-sbt-entram-ao-vivo-juntas-em-homenagem-a-silvio-santos\/","title":{"rendered":"Melhores do Ano: Globo e SBT entram ao vivo juntas em homenagem a Silvio Santos"},"content":{"rendered":"<div class=\"imais-before-content-placement\" id=\"imais-2636038047\"><script async src=\"\/\/pagead2.googlesyndication.com\/pagead\/js\/adsbygoogle.js?client=ca-pub-8787528412751566\" crossorigin=\"anonymous\"><\/script><ins class=\"adsbygoogle\" style=\"display:block;\" data-ad-client=\"ca-pub-8787528412751566\" \ndata-ad-slot=\"\" \ndata-ad-format=\"auto\"><\/ins>\n<script> \n(adsbygoogle = window.adsbygoogle || []).push({}); \n<\/script>\n<\/div>\n<h2 class=\"wp-block-heading\">No palco do Doming\u00e3o, Patr\u00edcia Abravanel e Daniela Beyruti, duas das seis filhas do apresentador, receberam o tr\u00f3feu &#8216;Melhor dos Melhores&#8217; em nome do pai, que nos deixou em agosto deste ano<\/h2>\n\n\n\n<p>Al\u00e9m de&nbsp;<a class=\"\" href=\"https:\/\/gshow.globo.com\/tv\/domingao-com-huck\/melhores-do-ano\/2024\/noticia\/vencedores-do-melhores-do-ano-2024-veja-a-lista-completa.ghtml\">premiar as produ\u00e7\u00f5es e personalidades que marcaram o ano<\/a>, o&nbsp;<strong>Melhores do Ano 2024<\/strong>&nbsp;n\u00e3o podia deixar de celebrar o maior nome da hist\u00f3ria da TV brasileira:&nbsp;<strong>Silvio Santos<\/strong>. O apresentador nos deixou em agosto deste ano,&nbsp;<a class=\"\" href=\"https:\/\/gshow.globo.com\/cultura-pop\/famosos\/noticia\/morre-silvio-santos-aos-93-anos.ghtml\">aos 93 anos, por complica\u00e7\u00f5es causadas ap\u00f3s uma infec\u00e7\u00e3o<\/a>&nbsp;por Influenza.<\/p>\n\n\n\n<p>Para honrar a hist\u00f3ria e a carreira de um dos maiores comunicadores do Brasil,&nbsp;<strong>Luciano Huck<\/strong>&nbsp;entregou o trof\u00e9u &#8220;Melhor dos Melhores&#8221;, recebido por duas das filhas do apresentador:&nbsp;<strong>Patr\u00edcia Abravanel<\/strong>&nbsp;e&nbsp;<strong>Daniela Beyruti<\/strong>.<\/p>\n\n\n\n<p>&#8220;Ai, que alegria, gente! Que acolhimento! Quanto amor! Quanta gente maravilhosa! Todos n\u00f3s aqui, a gente tem a mesma miss\u00e3o, n\u00e9? Que \u00e9 levar alegria a milh\u00f5es de brasileiros, e a gente faz parte disso. Nossa alegria est\u00e1 em levar alegria e sorriso para a casa dos brasileiros. \u00c9 incr\u00edvel estar aqui nesse palco com Luciano na Rede Globo e SBT juntas nesse momento&#8221;, celebrou Patr\u00edcia.<\/p>\n\n\n\n<figure class=\"wp-block-image\"><img decoding=\"async\" src=\"https:\/\/s2-gshow.glbimg.com\/GCn39iQy2lO4-h97ADGaGm0Yvms=\/0x0:2560x1707\/1008x0\/smart\/filters:strip_icc()\/i.s3.glbimg.com\/v1\/AUTH_e84042ef78cb4708aeebdf1c68c6cbd6\/internal_photos\/bs\/2024\/H\/k\/2S1cogRU6qqwxlXHDm8A\/whatsapp-image-2024-12-15-at-19.50.37.jpeg\" alt=\"Luciano Huck e Patricia Abravanel, apresentadora e filha de Silvio Santos, na homenagem ao apresentador, no Melhores do Ano \u2014 Foto: Globo\/Beatriz Damy\"\/><\/figure>\n\n\n\n<p>Luciano Huck e Patricia Abravanel, apresentadora e filha de Silvio Santos, na homenagem ao apresentador, no Melhores do Ano \u2014 Foto: Globo\/Beatriz Damy<\/p>\n\n\n\n<p>A homenagem tamb\u00e9m marcou uma ocasi\u00e3o especial: um link ao vivo simult\u00e2neo entre a Globo e o SBT, emissora fundada por Silvio. Luciano refor\u00e7ou a import\u00e2ncia e o simbolismo desse momento:<\/p>\n\n\n\n<p>&#8220;Eu gostaria de refor\u00e7ar que isso \u00e9 muito mais do que um simples gesto de duas vizinhan\u00e7as, ou de cortesia, ou de rever\u00eancia, embora seja tudo isso tamb\u00e9m,\u00a0<em>t\u00e1?<\/em>\u00a0Esse momento \u00e9 um momento de celebra\u00e7\u00e3o, acho que \u00e9 algo maior, algo que move a todos. A gente que faz televis\u00e3o, que \u00e9 apaixonado por televis\u00e3o, \u00e9 uma profiss\u00e3o de f\u00e9 na for\u00e7a que a TV tem, de conectar as pessoas, de entrar na casa das pessoas, de divertir, de informar, de emocionar, de tocar o cora\u00e7\u00e3o de cada brasileiro. E, l\u00e1 atr\u00e1s, o senhor Santos mostrou ao Brasil como \u00e9 poss\u00edvel unir pais, filhos, av\u00f3s, tias, cachorros, periquito, papagaio, na frente do sof\u00e1, no mesmo domingo, na mesma hora&#8221;, ponderou o apresentador.<\/p>\n\n\n\n<figure class=\"wp-block-image\"><img decoding=\"async\" src=\"https:\/\/s2-gshow.glbimg.com\/-PEiQDuFWU_gG68LUnqUbzAuNX4=\/0x0:2560x1707\/1008x0\/smart\/filters:strip_icc()\/i.s3.glbimg.com\/v1\/AUTH_e84042ef78cb4708aeebdf1c68c6cbd6\/internal_photos\/bs\/2024\/A\/1\/RepYLaRs2JNAaKSFTgpA\/whatsapp-image-2024-12-15-at-19.50.36.jpeg\" alt=\"Luciano Huck e Patricia Abravanel, apresentadora e filha de Silvio Santos, na homenagem ao apresentador, no Melhores do Ano \u2014 Foto: Globo\/Beatriz Damy\"\/><\/figure>\n\n\n\n<p>Luciano Huck e Patricia Abravanel, apresentadora e filha de Silvio Santos, na homenagem ao apresentador, no Melhores do Ano \u2014 Foto: Globo\/Beatriz Damy<\/p>\n\n\n\n<p>&#8220;Ele foi pioneiro em fazer televis\u00e3o e fazer da televis\u00e3o um ponto de encontro das fam\u00edlias brasileiras, e com o passar do tempo, com as novas tecnologias, com as transforma\u00e7\u00f5es todas, acho que essa ess\u00eancia continua a viver, por isso que a gente est\u00e1 aqui. Isso que eu defendo com paix\u00e3o no Doming\u00e3o, que \u00e9 a for\u00e7a da TV de unir as pessoas, de nos lembrar que o que realmente importa nessa vida s\u00e3o as coisas simples. Nesse domingo \u00e0 noite, unidos num \u00fanico sinal, que \u00e9 muito mais do que um sinal de transmiss\u00e3o, acho que \u00e9 um sinal de que, sim, a gente pode estar sempre buscando o que nos conecta, o que nos une e n\u00e3o o que nos separa. Essa \u00e9 a TV que eu acredito. E, mais do que isso, esse \u00e9 o Brasil que eu acredito&#8221;, complementou Huck.<\/p>\n\n\n\n<p>Essa, no entanto,\u00a0<a class=\"\" href=\"https:\/\/gshow.globo.com\/cultura-pop\/noticia\/faustao-e-gugu-se-encontraram-ao-vivo-em-2003-em-um-momento-encontro-historico-da-tv.ghtml\">n\u00e3o foi a primeira vez que houve um &#8220;crossover&#8221; entre os canais<\/a>: em 2003, Faust\u00e3o e Gugu Liberato, que \u00e0 \u00e9poca disputavam os \u00edndices de audi\u00eancia, promoveram um &#8220;encontro&#8221; transmitido ao mesmo tempo pela Globo e pelo SBT.<\/p>\n\n\n\n<p>Fonte Gshow<\/p>\n","protected":false},"excerpt":{"rendered":"<p>No palco do Doming\u00e3o, Patr\u00edcia Abravanel e Daniela Beyruti, duas das seis filhas do apresentador, receberam o tr\u00f3feu &#8216;Melhor dos Melhores&#8217; em nome do pai, que nos deixou em agosto deste ano Al\u00e9m de&nbsp;premiar as produ\u00e7\u00f5es e personalidades que marcaram o ano, o&nbsp;Melhores do Ano 2024&nbsp;n\u00e3o podia deixar de celebrar o maior nome da hist\u00f3ria [&hellip;]<\/p>\n","protected":false},"author":8,"featured_media":25185,"comment_status":"closed","ping_status":"open","sticky":false,"template":"","format":"standard","meta":{"rop_custom_images_group":[],"rop_custom_messages_group":[],"rop_publish_now":"initial","rop_publish_now_accounts":[],"rop_publish_now_history":[],"rop_publish_now_status":"pending","footnotes":""},"categories":[16],"tags":[],"class_list":["post-25184","post","type-post","status-publish","format-standard","has-post-thumbnail","hentry","category-entertainment"],"amp_enabled":true,"_links":{"self":[{"href":"https:\/\/imais.online\/portal\/wp-json\/wp\/v2\/posts\/25184","targetHints":{"allow":["GET"]}}],"collection":[{"href":"https:\/\/imais.online\/portal\/wp-json\/wp\/v2\/posts"}],"about":[{"href":"https:\/\/imais.online\/portal\/wp-json\/wp\/v2\/types\/post"}],"author":[{"embeddable":true,"href":"https:\/\/imais.online\/portal\/wp-json\/wp\/v2\/users\/8"}],"replies":[{"embeddable":true,"href":"https:\/\/imais.online\/portal\/wp-json\/wp\/v2\/comments?post=25184"}],"version-history":[{"count":1,"href":"https:\/\/imais.online\/portal\/wp-json\/wp\/v2\/posts\/25184\/revisions"}],"predecessor-version":[{"id":25186,"href":"https:\/\/imais.online\/portal\/wp-json\/wp\/v2\/posts\/25184\/revisions\/25186"}],"wp:featuredmedia":[{"embeddable":true,"href":"https:\/\/imais.online\/portal\/wp-json\/wp\/v2\/media\/25185"}],"wp:attachment":[{"href":"https:\/\/imais.online\/portal\/wp-json\/wp\/v2\/media?parent=25184"}],"wp:term":[{"taxonomy":"category","embeddable":true,"href":"https:\/\/imais.online\/portal\/wp-json\/wp\/v2\/categories?post=25184"},{"taxonomy":"post_tag","embeddable":true,"href":"https:\/\/imais.online\/portal\/wp-json\/wp\/v2\/tags?post=25184"}],"curies":[{"name":"wp","href":"https:\/\/api.w.org\/{rel}","templated":true}]}}