{"id":25228,"date":"2024-12-21T10:22:10","date_gmt":"2024-12-21T13:22:10","guid":{"rendered":"https:\/\/imais.online\/portal\/?p=25228"},"modified":"2024-12-21T10:22:11","modified_gmt":"2024-12-21T13:22:11","slug":"drones-misteriosos-provocam-preocupacao-e-medo-nos-eua","status":"publish","type":"post","link":"https:\/\/imais.online\/portal\/drones-misteriosos-provocam-preocupacao-e-medo-nos-eua\/","title":{"rendered":"Drones misteriosos provocam preocupa\u00e7\u00e3o e medo nos EUA"},"content":{"rendered":"<div class=\"imais-before-content-placement\" id=\"imais-2979388763\"><script async src=\"\/\/pagead2.googlesyndication.com\/pagead\/js\/adsbygoogle.js?client=ca-pub-8787528412751566\" crossorigin=\"anonymous\"><\/script><ins class=\"adsbygoogle\" style=\"display:block;\" data-ad-client=\"ca-pub-8787528412751566\" \ndata-ad-slot=\"\" \ndata-ad-format=\"auto\"><\/ins>\n<script> \n(adsbygoogle = window.adsbygoogle || []).push({}); \n<\/script>\n<\/div>\n<h2 class=\"wp-block-heading\">O FBI, que \u00e9 a Pol\u00edcia Federal americana, investiga o caso e ainda n\u00e3o explicou de onde v\u00eam, a quem pertencem e nem por que est\u00e3o nos c\u00e9us americanos.<\/h2>\n\n\n\n<p>Nos&nbsp;<a class=\"\" href=\"https:\/\/g1.globo.com\/tudo-sobre\/estados-unidos\/\">Estados Unidos<\/a>, apari\u00e7\u00f5es misteriosas de drones viraram assunto nesta segunda-feira (16) na Casa Branca.<\/p>\n\n\n\n<p>Um v\u00eddeo foi feito por um morador do estado de Nova Jersey, e um outro pela brasileira Fernanda Lopes, que tamb\u00e9m mora l\u00e1.<\/p>\n\n\n\n<blockquote class=\"wp-block-quote is-layout-flow wp-block-quote-is-layout-flow\">\n<p>&#8220;\u00c9 estranho porque a gente n\u00e3o sabe o que est\u00e1 acontecendo. \u2018Ah, liga pro&nbsp;<a class=\"\" href=\"https:\/\/g1.globo.com\/tudo-sobre\/fbi\/\">FBI<\/a>\u2019. Mas ningu\u00e9m sabe o que est\u00e1 acontecendo. As suspeitas s\u00e3o v\u00e1rias: \u00e9 da China, \u00e9 um E.T. que est\u00e1 chegando\u201d, diz.<\/p>\n<\/blockquote>\n\n\n\n<p>As primeiras apari\u00e7\u00f5es foram em 18 de novembro, segundo a Ag\u00eancia de Avia\u00e7\u00e3o Civil dos Estados Unidos.\u00a0Al\u00e9m de Nova Jersey, h\u00e1 relatos de drones voando em estados como Nova York, Maryland, Delaware, Virg\u00ednia, Pensilv\u00e2nia, Connecticut, Ohio e Fl\u00f3rida. Primeiro, em bairros residenciais.<\/p>\n\n\n\n<p>Testemunhas afirmam que objetos voadores tamb\u00e9m foram vistos sobre o campo de golfe do presidente eleito\u00a0<a class=\"\" href=\"https:\/\/g1.globo.com\/tudo-sobre\/donald-trump\/\">Donald Trump<\/a>.<\/p>\n\n\n\n<p>Nesta segunda-feira (16), a hist\u00f3ria virou manchete de capa de um jornal de Nova York, que diz: &#8220;ca\u00e7a aos drones&#8221;. Ainda nesta segunda-feira, a Casa Branca afirmou que n\u00e3o representam uma amea\u00e7a \u00e0 seguran\u00e7a nacional e que n\u00e3o h\u00e1 viola\u00e7\u00e3o de nenhuma lei.<\/p>\n\n\n\n<p>O FBI, que \u00e9 a Pol\u00edcia Federal americana, investiga o caso e ainda n\u00e3o explicou de onde v\u00eam, a quem pertencem e nem por que esses drones est\u00e3o sobrevoando os c\u00e9us dos Estados Unidos.<\/p>\n\n\n\n<figure class=\"wp-block-image\"><img decoding=\"async\" src=\"https:\/\/s2-g1.glbimg.com\/3D-1GoemA35BKnscuISgw_lvtg8=\/0x0:1920x1080\/984x0\/smart\/filters:strip_icc()\/i.s3.glbimg.com\/v1\/AUTH_59edd422c0c84a879bd37670ae4f538a\/internal_photos\/bs\/2024\/I\/j\/325f6xS6uMjzBkbl2EiQ\/globo-canal-5-20241216-1800-frame-301862.jpeg\" alt=\"Drones misteriosos provocam preocupa\u00e7\u00e3o e medo nos EUA \u2014 Foto: Reprodu\u00e7\u00e3o\/TV Globo\"\/><\/figure>\n\n\n\n<p>Drones misteriosos provocam preocupa\u00e7\u00e3o e medo nos EUA \u2014 Foto: Reprodu\u00e7\u00e3o\/TV Globo<\/p>\n\n\n\n<p>Fonte G1 <\/p>\n","protected":false},"excerpt":{"rendered":"<p>O FBI, que \u00e9 a Pol\u00edcia Federal americana, investiga o caso e ainda n\u00e3o explicou de onde v\u00eam, a quem pertencem e nem por que est\u00e3o nos c\u00e9us americanos. Nos&nbsp;Estados Unidos, apari\u00e7\u00f5es misteriosas de drones viraram assunto nesta segunda-feira (16) na Casa Branca. Um v\u00eddeo foi feito por um morador do estado de Nova Jersey, [&hellip;]<\/p>\n","protected":false},"author":8,"featured_media":25229,"comment_status":"closed","ping_status":"open","sticky":false,"template":"","format":"standard","meta":{"rop_custom_images_group":[],"rop_custom_messages_group":[],"rop_publish_now":"initial","rop_publish_now_accounts":[],"rop_publish_now_history":[],"rop_publish_now_status":"pending","footnotes":""},"categories":[212],"tags":[],"class_list":["post-25228","post","type-post","status-publish","format-standard","has-post-thumbnail","hentry","category-internacional"],"amp_enabled":true,"_links":{"self":[{"href":"https:\/\/imais.online\/portal\/wp-json\/wp\/v2\/posts\/25228","targetHints":{"allow":["GET"]}}],"collection":[{"href":"https:\/\/imais.online\/portal\/wp-json\/wp\/v2\/posts"}],"about":[{"href":"https:\/\/imais.online\/portal\/wp-json\/wp\/v2\/types\/post"}],"author":[{"embeddable":true,"href":"https:\/\/imais.online\/portal\/wp-json\/wp\/v2\/users\/8"}],"replies":[{"embeddable":true,"href":"https:\/\/imais.online\/portal\/wp-json\/wp\/v2\/comments?post=25228"}],"version-history":[{"count":1,"href":"https:\/\/imais.online\/portal\/wp-json\/wp\/v2\/posts\/25228\/revisions"}],"predecessor-version":[{"id":25230,"href":"https:\/\/imais.online\/portal\/wp-json\/wp\/v2\/posts\/25228\/revisions\/25230"}],"wp:featuredmedia":[{"embeddable":true,"href":"https:\/\/imais.online\/portal\/wp-json\/wp\/v2\/media\/25229"}],"wp:attachment":[{"href":"https:\/\/imais.online\/portal\/wp-json\/wp\/v2\/media?parent=25228"}],"wp:term":[{"taxonomy":"category","embeddable":true,"href":"https:\/\/imais.online\/portal\/wp-json\/wp\/v2\/categories?post=25228"},{"taxonomy":"post_tag","embeddable":true,"href":"https:\/\/imais.online\/portal\/wp-json\/wp\/v2\/tags?post=25228"}],"curies":[{"name":"wp","href":"https:\/\/api.w.org\/{rel}","templated":true}]}}