{"id":25231,"date":"2024-12-21T10:24:11","date_gmt":"2024-12-21T13:24:11","guid":{"rendered":"https:\/\/imais.online\/portal\/?p=25231"},"modified":"2024-12-21T10:31:01","modified_gmt":"2024-12-21T13:31:01","slug":"acidente-com-onibus-carreta-e-carro-deixa-ao-menos-22-mortos-em-minas-gerais-video","status":"publish","type":"post","link":"https:\/\/imais.online\/portal\/acidente-com-onibus-carreta-e-carro-deixa-ao-menos-22-mortos-em-minas-gerais-video\/","title":{"rendered":"Acidente com \u00f4nibus, carreta e carro deixa ao menos 22 mortos em Minas Gerais"},"content":{"rendered":"<div class=\"imais-before-content-placement\" id=\"imais-2702501439\"><script async src=\"\/\/pagead2.googlesyndication.com\/pagead\/js\/adsbygoogle.js?client=ca-pub-8787528412751566\" crossorigin=\"anonymous\"><\/script><ins class=\"adsbygoogle\" style=\"display:block;\" data-ad-client=\"ca-pub-8787528412751566\" \ndata-ad-slot=\"\" \ndata-ad-format=\"auto\"><\/ins>\n<script> \n(adsbygoogle = window.adsbygoogle || []).push({}); \n<\/script>\n<\/div>\n<h2 class=\"wp-block-heading\">Ve\u00edculo perdeu controle e invadiu pista vizinha ap\u00f3s pneu estourar e colidir contra carreta que carregava pedras; PMMG diz que h\u00e1 possibilidade do n\u00famero de mortos aumentar<\/h2>\n\n\n\n<p>Pelo menos 22 pessoas morreram em um acidente ocorrido por volta das 3h30 da madrugada deste s\u00e1bado, na BR-116, na altura da Lajinha, zona rural de Te\u00f3filo Otoni, em Minas Gerais. O \u00f4nibus, da empresa ENTRAM, havia sa\u00eddo de S\u00e3o Paulo com destino a Jequi\u00e9, na Bahia, e ao todo transportava 45 passageiros quando o motorista perdeu o controle da dire\u00e7\u00e3o ap\u00f3s um pneu estourar.<\/p>\n\n\n\n<p>Segundo informa\u00e7\u00f5es da PMMG, o ve\u00edculo invadiu a contram\u00e3o da BR-116, e colidiu contra uma carreta carregada de pedras. Ap\u00f3s a batida, o \u00f4nibus pegou fogo e saiu da pista, 13 pessoas sa\u00edram com vida do acidente e foram levadas para atendimento m\u00e9dico pelo Samu. H\u00e1 possibilidade de que o n\u00famero de mortos seja maior. De acordo com a PRF, a maioria dos corpos foi carbonizada.<\/p>\n\n\n\n<p>Um ve\u00edculo de passeio que vinha atr\u00e1s tamb\u00e9m colidiu com o \u00f4nibus, mas os tr\u00eas ocupantes sa\u00edram com vida.<\/p>\n\n\n\n<p>Equipes de bombeiros, PRF e per\u00edcia est\u00e3o no local, com a per\u00edcia de Governador Valadares a caminho para apoiar os trabalhos. Informa\u00e7\u00e3o foi confirmada ao GLOBO pela Pol\u00edcia Militar de Minas Gerais.<\/p>\n\n\n\n<figure class=\"wp-block-image\"><img decoding=\"async\" src=\"https:\/\/s2-oglobo.glbimg.com\/thQ3o3_N3fcyYCbg079tnT1V6O4=\/0x0:1280x960\/984x0\/smart\/filters:strip_icc()\/i.s3.glbimg.com\/v1\/AUTH_da025474c0c44edd99332dddb09cabe8\/internal_photos\/bs\/2024\/w\/L\/3dg6FWTgiGKR7WNv5SEQ\/6fb480c5-7d3d-45c7-ad6b-5c9e43abb107.jpg\" alt=\"Acidente deixa ao menos 21 pessoas mortas em Minas Gerais \u2014 Foto: Reprodu\u00e7\u00e3o\/CBMG\"\/><figcaption class=\"wp-element-caption\">Acidente deixa ao menos 21 pessoas mortas em Minas Gerais \u2014 Foto: Reprodu\u00e7\u00e3o\/CBMG<\/figcaption><\/figure>\n\n\n\n<p>Agora os militares aguardam o guincho para destombar o \u00f4nibus e acessar o fundo do ve\u00edculo.<\/p>\n\n\n\n<p>Devido ao acidente, a pista na altura do KM 285 da BR-116, em Te\u00f3filo Otoni, est\u00e1 totalmente interditada. Sem previs\u00e3o de libera\u00e7\u00e3o.<\/p>\n\n\n\n<p>A trag\u00e9dia ocorreu em uma rodovia que lidera o ranking de fatalidades no Brasil. De acordo com a Pol\u00edcia Rodovi\u00e1ria Federal, a BR-116 foi a mais letal do pa\u00eds em 2023, com 559 mortes registradas. Destas, 155 ocorreram em Minas Gerais.<\/p>\n\n\n\n<p>Fonte O Globo <\/p>\n","protected":false},"excerpt":{"rendered":"<p>Ve\u00edculo perdeu controle e invadiu pista vizinha ap\u00f3s pneu estourar e colidir contra carreta que carregava pedras; PMMG diz que h\u00e1 possibilidade do n\u00famero de mortos aumentar Pelo menos 22 pessoas morreram em um acidente ocorrido por volta das 3h30 da madrugada deste s\u00e1bado, na BR-116, na altura da Lajinha, zona rural de Te\u00f3filo Otoni, [&hellip;]<\/p>\n","protected":false},"author":8,"featured_media":25232,"comment_status":"closed","ping_status":"open","sticky":false,"template":"","format":"standard","meta":{"rop_custom_images_group":[],"rop_custom_messages_group":[],"rop_publish_now":"initial","rop_publish_now_accounts":[],"rop_publish_now_history":[],"rop_publish_now_status":"pending","footnotes":""},"categories":[189],"tags":[73],"class_list":["post-25231","post","type-post","status-publish","format-standard","has-post-thumbnail","hentry","category-brasil","tag-featured"],"amp_enabled":true,"_links":{"self":[{"href":"https:\/\/imais.online\/portal\/wp-json\/wp\/v2\/posts\/25231","targetHints":{"allow":["GET"]}}],"collection":[{"href":"https:\/\/imais.online\/portal\/wp-json\/wp\/v2\/posts"}],"about":[{"href":"https:\/\/imais.online\/portal\/wp-json\/wp\/v2\/types\/post"}],"author":[{"embeddable":true,"href":"https:\/\/imais.online\/portal\/wp-json\/wp\/v2\/users\/8"}],"replies":[{"embeddable":true,"href":"https:\/\/imais.online\/portal\/wp-json\/wp\/v2\/comments?post=25231"}],"version-history":[{"count":2,"href":"https:\/\/imais.online\/portal\/wp-json\/wp\/v2\/posts\/25231\/revisions"}],"predecessor-version":[{"id":25237,"href":"https:\/\/imais.online\/portal\/wp-json\/wp\/v2\/posts\/25231\/revisions\/25237"}],"wp:featuredmedia":[{"embeddable":true,"href":"https:\/\/imais.online\/portal\/wp-json\/wp\/v2\/media\/25232"}],"wp:attachment":[{"href":"https:\/\/imais.online\/portal\/wp-json\/wp\/v2\/media?parent=25231"}],"wp:term":[{"taxonomy":"category","embeddable":true,"href":"https:\/\/imais.online\/portal\/wp-json\/wp\/v2\/categories?post=25231"},{"taxonomy":"post_tag","embeddable":true,"href":"https:\/\/imais.online\/portal\/wp-json\/wp\/v2\/tags?post=25231"}],"curies":[{"name":"wp","href":"https:\/\/api.w.org\/{rel}","templated":true}]}}