{"id":25234,"date":"2024-12-21T10:27:09","date_gmt":"2024-12-21T13:27:09","guid":{"rendered":"https:\/\/imais.online\/portal\/?p=25234"},"modified":"2024-12-21T10:27:10","modified_gmt":"2024-12-21T13:27:10","slug":"cancer-de-pele-como-saber-quais-manchas-podem-ser-perigosas","status":"publish","type":"post","link":"https:\/\/imais.online\/portal\/cancer-de-pele-como-saber-quais-manchas-podem-ser-perigosas\/","title":{"rendered":"C\u00e2ncer de pele: como saber quais manchas podem ser perigosas?"},"content":{"rendered":"<div class=\"imais-before-content-placement\" id=\"imais-3049462681\"><script async src=\"\/\/pagead2.googlesyndication.com\/pagead\/js\/adsbygoogle.js?client=ca-pub-8787528412751566\" crossorigin=\"anonymous\"><\/script><ins class=\"adsbygoogle\" style=\"display:block;\" data-ad-client=\"ca-pub-8787528412751566\" \ndata-ad-slot=\"\" \ndata-ad-format=\"auto\"><\/ins>\n<script> \n(adsbygoogle = window.adsbygoogle || []).push({}); \n<\/script>\n<\/div>\n<p>Esse \u00e9 o tumor mais frequente no Brasil, segundo o Instituto Nacional do C\u00e2ncer (Inca), e o diagn\u00f3stico precoce aumenta as chances de cura<\/p>\n\n\n\n<p>A gerente de enfermagem, Renata, recebeu a recomenda\u00e7\u00e3o de realizar acompanhamentos m\u00e9dicos anuais ap\u00f3s detectarem uma les\u00e3o pr\u00e9-cancer\u00edgena em sua pele, mas acabou negligenciando a orienta\u00e7\u00e3o. Posteriormente, procurou uma nova consulta devido a uma mancha em seu rosto, que foi considerada inofensiva, mas a m\u00e9dica detectou uma pinta que se revelou ser um\u00a0<strong>melanoma<\/strong>\u00a0em est\u00e1gio inicial.<\/p>\n\n\n\n<p>\u201cFoi por insist\u00eancia da m\u00e9dica, que decidiu examinar minha pele por completo, que o diagn\u00f3stico foi feito. Uma les\u00e3o que eu jamais suspeitaria acabou revelando o c\u00e2ncer mais agressivo de pele\u201d, conta Renata. A detec\u00e7\u00e3o e remo\u00e7\u00e3o r\u00e1pidas garantiram um desfecho positivo e transformaram sua vis\u00e3o sobre os cuidados com a sa\u00fade.<\/p>\n\n\n\n<p>A hist\u00f3ria de Renata destaca a import\u00e2ncia do diagn\u00f3stico precoce do&nbsp;<a href=\"https:\/\/www.cnnbrasil.com.br\/saude\/conheca-os-diferentes-tipos-de-cancer-de-pele-e-os-principais-sintomas\/\" target=\"_blank\" rel=\"noreferrer noopener\">c\u00e2ncer de pele<\/a>, o tipo de tumor mais frequente no Brasil, segundo o Instituto Nacional do C\u00e2ncer (Inca). Detectar precocemente a doen\u00e7a \u00e9 fundamental para aumentar as chances de cura, especialmente no caso do melanoma, o tipo mais raro e agressivo do c\u00e2ncer de pele, de acordo com Marina Sahade, oncologista do Hospital S\u00edrio-Liban\u00eas.<\/p>\n\n\n\n<p>\u201cOs principais sinais de alerta do c\u00e2ncer de pele s\u00e3o altera\u00e7\u00f5es de pintas ou manchas pr\u00e9-existentes, como mudan\u00e7a de cor, tamanho, textura, ou o surgimento de sangramento ou coceira sobre a les\u00e3o. Por isso \u00e9 t\u00e3o importante conhecer e observar sempre a pr\u00f3pria pele, para que as eventuais mudan\u00e7as sejam notadas\u201d, ressalta.<\/p>\n\n\n\n<h2 class=\"wp-block-heading\">Como identificar quais manchas podem ser sinais de c\u00e2ncer?<\/h2>\n\n\n\n<p>De acordo com Lu\u00edsa Juliatto, dermatologista do Alta Diagn\u00f3sticos, laborat\u00f3rio pertencente \u00e0 Dasa, \u00e9 importante ficar atento a pintas novas, em crescimento, com diferentes cores ou com formato irregular, al\u00e9m de pintas antigas que podem ter sofrido mudan\u00e7as.<\/p>\n\n\n\n<p>\u201cFeridas que n\u00e3o cicatrizam tamb\u00e9m devem ser avaliadas. Les\u00f5es com sangramento, dor e crescimento r\u00e1pido tamb\u00e9m precisam ser avaliadas e isso pode ser indicativo de les\u00e3o mais agressiva\u201d, afirma.<\/p>\n\n\n\n<p>Para confirmar se a mancha ou les\u00e3o \u00e9 cancer\u00edgena, \u00e9 necess\u00e1rio passar por uma s\u00e9rie de exames. Um deles \u00e9 a dermatoscopia, um exame dermatol\u00f3gico feito em consult\u00f3rio.<\/p>\n\n\n\n<p>\u201cO mapeamento corporal de nevos [pintas] com dermatoscopia digital pode ser solicitado para fazer a avalia\u00e7\u00e3o na totalidade da pele. Em casos de les\u00f5es maiores ou mais profundas, o ultrassom dermatol\u00f3gico pode ser indicado. Em um caso de suspeita, o exame anatomopatol\u00f3gico ap\u00f3s bi\u00f3psia de pele far\u00e1 o diagn\u00f3stico final\u201d, afirma Juliatto.<\/p>\n\n\n\n<p>Para garantir o\u00a0<a rel=\"noreferrer noopener\" href=\"https:\/\/www.cnnbrasil.com.br\/saude\/diagnostico-precoce-e-reducao-de-riscos-como-ia-pode-ser-usada-na-medicina\/\" target=\"_blank\">diagn\u00f3stico precoce<\/a>, \u00e9 importante consultar o dermatologista com recorr\u00eancia \u2014 pelo menos, uma vez por ano, se n\u00e3o h\u00e1 hist\u00f3rico de c\u00e2ncer anterior ou na fam\u00edlia. \u201cSe tiver algum hist\u00f3rico, antecedente pessoal ou familiar de c\u00e2ncer de pele, pode haver a necessidade de um acompanhamento mais espec\u00edfico, ou mais pr\u00f3ximo do m\u00e9dico. O dermatologista ir\u00e1 indicar a melhor conduta\u201d, completa.<\/p>\n\n\n\n<h2 class=\"wp-block-heading\">Quais manchas e pintas n\u00e3o s\u00e3o perigosas?<\/h2>\n\n\n\n<p>De acordo com Juliatto, nem sempre uma mancha na pele ser\u00e1 sinal de c\u00e2ncer.<\/p>\n\n\n\n<p>\u201cTemos v\u00e1rios tipos de manchas que podem ser inofensivas, como, por exemplo, as manchas solares, as ef\u00e9lides (sardas, manchas na pele causadas pelo aumento da produ\u00e7\u00e3o de melanina), ceratoses seborreicas e melasma, que n\u00e3o s\u00e3o preocupantes\u201d, afirma. \u201cTemos tamb\u00e9m os nevos comuns\u201d, relembra.<\/p>\n\n\n\n<h2 class=\"wp-block-heading\">Exposi\u00e7\u00e3o solar \u00e9 o principal fator de risco<\/h2>\n\n\n\n<p>De acordo com Sahade, o principal fator de risco para o c\u00e2ncer de pele \u00e9 a&nbsp;<a href=\"https:\/\/www.cnnbrasil.com.br\/saude\/existe-bronzeado-saudavel-entenda-e-veja-como-proteger-a-pele\/?hidemenu=true\" target=\"_blank\" rel=\"noreferrer noopener\">exposi\u00e7\u00e3o solar<\/a>&nbsp;prolongada e repetitiva, especialmente durante a inf\u00e2ncia e a adolesc\u00eancia. No entanto, outros fatores merecem aten\u00e7\u00e3o.<\/p>\n\n\n\n<p>\u201cPessoas com pele, olhos e cabelos claros, que se queimam facilmente, t\u00eam maior predisposi\u00e7\u00e3o, mas \u00e9 fundamental lembrar que pessoas negras tamb\u00e9m podem desenvolver a doen\u00e7a. Al\u00e9m disso, imunossuprimidos, indiv\u00edduos com hist\u00f3rico familiar de c\u00e2ncer de pele e aqueles que utilizam c\u00e2maras de bronzeamento artificial est\u00e3o no grupo de risco\u201d, alerta.<\/p>\n\n\n\n<p>No caso de Renata, fatores como a pele clara e o hist\u00f3rico familiar \u2013 seu pai teve c\u00e2ncer de pele e carcinoma espinocelular \u2013 podem ter contribu\u00eddo para o desenvolvimento da condi\u00e7\u00e3o. Ap\u00f3s o diagn\u00f3stico, a enfermeira iniciou acompanhamentos m\u00e9dicos regulares e passou a adotar uma rotina ainda mais rigorosa em rela\u00e7\u00e3o \u00e0 exposi\u00e7\u00e3o solar.<\/p>\n\n\n\n<p>\u201cEvito ao m\u00e1ximo a exposi\u00e7\u00e3o ao sol, principalmente nos hor\u00e1rios de maior intensidade de radia\u00e7\u00e3o. Uso bloqueadores solares diariamente e, quando sei que estarei mais exposta, recorro a roupas especiais, chap\u00e9u e a uma medica\u00e7\u00e3o espec\u00edfica que preciso tomar dois dias antes\u201d, relata.<\/p>\n\n\n\n<p>Para prevenir o surgimento do c\u00e2ncer de pele, Juliatto indica as seguintes medidas:<\/p>\n\n\n\n<ul class=\"wp-block-list\">\n<li>Aplica\u00e7\u00e3o do protetor solar a cada duas horas, com fator de prote\u00e7\u00e3o solar (FPS) de, pelo menos, 30;<\/li>\n\n\n\n<li>Evitar exposi\u00e7\u00e3o solar no hor\u00e1rio de pico (entre 10 horas e 15 horas);<\/li>\n\n\n\n<li>Usar barreiras f\u00edsicas, como camisetas com tratamento UV, bon\u00e9, \u00f3culos de sol e barracas\/guarda-sol.<\/li>\n<\/ul>\n\n\n\n<p>Fonte CNN Brasil <\/p>\n","protected":false},"excerpt":{"rendered":"<p>Esse \u00e9 o tumor mais frequente no Brasil, segundo o Instituto Nacional do C\u00e2ncer (Inca), e o diagn\u00f3stico precoce aumenta as chances de cura A gerente de enfermagem, Renata, recebeu a recomenda\u00e7\u00e3o de realizar acompanhamentos m\u00e9dicos anuais ap\u00f3s detectarem uma les\u00e3o pr\u00e9-cancer\u00edgena em sua pele, mas acabou negligenciando a orienta\u00e7\u00e3o. Posteriormente, procurou uma nova consulta [&hellip;]<\/p>\n","protected":false},"author":8,"featured_media":25235,"comment_status":"closed","ping_status":"open","sticky":false,"template":"","format":"standard","meta":{"rop_custom_images_group":[],"rop_custom_messages_group":[],"rop_publish_now":"initial","rop_publish_now_accounts":[],"rop_publish_now_history":[],"rop_publish_now_status":"pending","footnotes":""},"categories":[205],"tags":[],"class_list":["post-25234","post","type-post","status-publish","format-standard","has-post-thumbnail","hentry","category-saude"],"amp_enabled":true,"_links":{"self":[{"href":"https:\/\/imais.online\/portal\/wp-json\/wp\/v2\/posts\/25234","targetHints":{"allow":["GET"]}}],"collection":[{"href":"https:\/\/imais.online\/portal\/wp-json\/wp\/v2\/posts"}],"about":[{"href":"https:\/\/imais.online\/portal\/wp-json\/wp\/v2\/types\/post"}],"author":[{"embeddable":true,"href":"https:\/\/imais.online\/portal\/wp-json\/wp\/v2\/users\/8"}],"replies":[{"embeddable":true,"href":"https:\/\/imais.online\/portal\/wp-json\/wp\/v2\/comments?post=25234"}],"version-history":[{"count":1,"href":"https:\/\/imais.online\/portal\/wp-json\/wp\/v2\/posts\/25234\/revisions"}],"predecessor-version":[{"id":25236,"href":"https:\/\/imais.online\/portal\/wp-json\/wp\/v2\/posts\/25234\/revisions\/25236"}],"wp:featuredmedia":[{"embeddable":true,"href":"https:\/\/imais.online\/portal\/wp-json\/wp\/v2\/media\/25235"}],"wp:attachment":[{"href":"https:\/\/imais.online\/portal\/wp-json\/wp\/v2\/media?parent=25234"}],"wp:term":[{"taxonomy":"category","embeddable":true,"href":"https:\/\/imais.online\/portal\/wp-json\/wp\/v2\/categories?post=25234"},{"taxonomy":"post_tag","embeddable":true,"href":"https:\/\/imais.online\/portal\/wp-json\/wp\/v2\/tags?post=25234"}],"curies":[{"name":"wp","href":"https:\/\/api.w.org\/{rel}","templated":true}]}}