{"id":25262,"date":"2024-12-26T16:42:57","date_gmt":"2024-12-26T19:42:57","guid":{"rendered":"https:\/\/imais.online\/portal\/?p=25262"},"modified":"2024-12-26T16:42:58","modified_gmt":"2024-12-26T19:42:58","slug":"as-fotos-mais-impressionantes-feitas-pelos-astronautas-da-estacao-espacial-internacional-em-2024","status":"publish","type":"post","link":"https:\/\/imais.online\/portal\/as-fotos-mais-impressionantes-feitas-pelos-astronautas-da-estacao-espacial-internacional-em-2024\/","title":{"rendered":"As fotos mais impressionantes feitas pelos astronautas da Esta\u00e7\u00e3o Espacial Internacional em 2024"},"content":{"rendered":"<div class=\"imais-before-content-placement\" id=\"imais-1180970786\"><script async src=\"\/\/pagead2.googlesyndication.com\/pagead\/js\/adsbygoogle.js?client=ca-pub-8787528412751566\" crossorigin=\"anonymous\"><\/script><ins class=\"adsbygoogle\" style=\"display:block;\" data-ad-client=\"ca-pub-8787528412751566\" \ndata-ad-slot=\"\" \ndata-ad-format=\"auto\"><\/ins>\n<script> \n(adsbygoogle = window.adsbygoogle || []).push({}); \n<\/script>\n<\/div>\n<h2 class=\"wp-block-heading\">Todos os anos, a Esta\u00e7\u00e3o Espacial Internacional produz algumas das melhores fotografias do mundo: muitos deles s\u00e3o fot\u00f3grafos habilidosos, e eles contam com a vista gloriosa do espa\u00e7o enquanto circulam nosso planeta a cada 90 minutos<\/h2>\n\n\n\n<p>Todos os anos, a Esta\u00e7\u00e3o Espacial Internacional produz algumas das melhores fotografias do mundo. Os astronautas tendem a ser tecnicamente habilidosos com uma c\u00e2mera, sim. Muitos deles s\u00e3o engenheiros, afinal.<\/p>\n\n\n\n<p>Sua verdadeira vantagem na fotografia, no entanto, \u00e9 a vista gloriosa do espa\u00e7o enquanto eles circulam nosso planeta a cada 90 minutos. De cometas azuis e luzes do norte rosa a vulc\u00f5es nevados e rios sinuosos, a vista a 250 milhas acima da Terra n\u00e3o decepciona.<\/p>\n\n\n\n<p>Confira aqui as melhores fotos de 2024 da esta\u00e7\u00e3o espacial, segundo reportagem da&nbsp;<a class=\"\" href=\"https:\/\/www.businessinsider.com\/astronauts-best-photos-from-space-station-this-year-2024-12\" target=\"_blank\" rel=\"noreferrer noopener\">Business Insider<\/a>.<\/p>\n\n\n\n<p><strong>N\u00e3o d\u00e1 para superar as vistas da Esta\u00e7\u00e3o Espacial Internacional.<\/strong><\/p>\n\n\n\n<figure class=\"wp-block-image\"><img decoding=\"async\" src=\"https:\/\/s2-epocanegocios.glbimg.com\/9HHEnDKRbD7h32QRi0uU6IzZQ3w=\/0x0:1110x739\/984x0\/smart\/filters:strip_icc()\/i.s3.glbimg.com\/v1\/AUTH_e536e40f1baf4c1a8bf1ed12d20577fd\/internal_photos\/bs\/2024\/B\/B\/taPATXTLqC1rBMXh7zzw\/nasa2.jpg\" alt=\"Um lago gelado na regi\u00e3o do planalto sudoeste da China, ao norte do Himalaia \u2014 Foto: Nasa\"\/><figcaption class=\"wp-element-caption\">Um lago gelado na regi\u00e3o do planalto sudoeste da China, ao norte do Himalaia \u2014 Foto: Nasa<\/figcaption><\/figure>\n\n\n\n<p><strong>Por isso, eles tiram centenas de fotos a cada ano.<\/strong><\/p>\n\n\n\n<figure class=\"wp-block-image\"><img decoding=\"async\" src=\"https:\/\/s2-epocanegocios.glbimg.com\/V3bGeAER_KbOPTxwLl0tVM197gU=\/0x0:1105x733\/984x0\/smart\/filters:strip_icc()\/i.s3.glbimg.com\/v1\/AUTH_e536e40f1baf4c1a8bf1ed12d20577fd\/internal_photos\/bs\/2024\/R\/F\/LRvbaHQeGXruBd3sJAbw\/nasa3.jpg\" alt=\"A Ilha Onekotan coberta de neve, parte das Ilhas Curilas da R\u00fassia, abriga o estratovulc\u00e3o Caldera Tao-Rusyr nesta fotografia \u2014 Foto: Nasa\"\/><figcaption class=\"wp-element-caption\">A Ilha Onekotan coberta de neve, parte das Ilhas Curilas da R\u00fassia, abriga o estratovulc\u00e3o Caldera Tao-Rusyr nesta fotografia \u2014 Foto: Nasa<\/figcaption><\/figure>\n\n\n\n<p><strong>&#8220;Seria impos\u00edvel n\u00e3o querer fotografar tudo isso e compartilhar isso com o resto da humanidade&#8221;, disse Matt Dominick \u00e0 ABC News Radio em agosto.<\/strong><\/p>\n\n\n\n<figure class=\"wp-block-image\"><img decoding=\"async\" src=\"https:\/\/s2-epocanegocios.glbimg.com\/3ZSXZB7WedTx58sTs9yH0WgNoCk=\/0x0:1102x741\/984x0\/smart\/filters:strip_icc()\/i.s3.glbimg.com\/v1\/AUTH_e536e40f1baf4c1a8bf1ed12d20577fd\/internal_photos\/bs\/2024\/t\/b\/D6DosIRnWTV9sYrsYPOA\/nasa4.jpg\" alt=\"O rio S\u00e3o Francisco, no estado brasileiro de Minas Gerais \u2014 Foto: Nasa\"\/><figcaption class=\"wp-element-caption\">O rio S\u00e3o Francisco, no estado brasileiro de Minas Gerais \u2014 Foto: Nasa<\/figcaption><\/figure>\n\n\n\n<p><strong>Este ano trouxe um presente especial: o brilhante Cometa Tsuchinshan-ATLAS, ou Cometa A3.<\/strong><\/p>\n\n\n\n<figure class=\"wp-block-image\"><img decoding=\"async\" src=\"https:\/\/s2-epocanegocios.glbimg.com\/JMyD3xH4JuKFXqXg-2FlooqKmrw=\/0x0:1107x720\/984x0\/smart\/filters:strip_icc()\/i.s3.glbimg.com\/v1\/AUTH_e536e40f1baf4c1a8bf1ed12d20577fd\/internal_photos\/bs\/2024\/E\/z\/qsM7tcQUmP2KmJqjENBw\/nasa5.jpg\" alt=\"Cometa C\/2023 A3 (Tsuchinshan-ATLAS), a aproximadamente 77 milh\u00f5es de quil\u00f4metros de dist\u00e2ncia da Terra no momento desta foto \u2014 Foto: Nasa\"\/><figcaption class=\"wp-element-caption\">Cometa C\/2023 A3 (Tsuchinshan-ATLAS), a aproximadamente 77 milh\u00f5es de quil\u00f4metros de dist\u00e2ncia da Terra no momento desta foto \u2014 Foto: Nasa<\/figcaption><\/figure>\n\n\n\n<p><strong>Claro, os astronautas tamb\u00e9m t\u00eam assentos na primeira fila para a aurora boreal.<\/strong><\/p>\n\n\n\n<figure class=\"wp-block-image\"><img decoding=\"async\" src=\"https:\/\/s2-epocanegocios.glbimg.com\/BddPgQPaeVpRBJcgmo3kqqo81os=\/0x0:1114x733\/984x0\/smart\/filters:strip_icc()\/i.s3.glbimg.com\/v1\/AUTH_e536e40f1baf4c1a8bf1ed12d20577fd\/internal_photos\/bs\/2024\/o\/b\/QPtFxySUArkMRbwscPNg\/nasa7.jpg\" alt=\"Uma aurora irradia acima do Oceano \u00cdndico, ao redor da nave tripulada Soyuz MS-25 atracada na ISS \u2014 Foto: Nasa\"\/><figcaption class=\"wp-element-caption\">Uma aurora irradia acima do Oceano \u00cdndico, ao redor da nave tripulada Soyuz MS-25 atracada na ISS \u2014 Foto: Nasa<\/figcaption><\/figure>\n\n\n\n<p><strong>Em abril, eles observaram a sombra da lua se arrastar pelos EUA durante o eclipse solar total.<\/strong><\/p>\n\n\n\n<figure class=\"wp-block-image\"><img decoding=\"async\" src=\"https:\/\/s2-epocanegocios.glbimg.com\/cKbGZfDWYrznOKkw4Ds-6ll3VR0=\/0x0:1107x736\/984x0\/smart\/filters:strip_icc()\/i.s3.glbimg.com\/v1\/AUTH_e536e40f1baf4c1a8bf1ed12d20577fd\/internal_photos\/bs\/2024\/L\/D\/FBBF9CSZyoTrrV2yx1Sg\/nasa8.jpg\" alt=\"A sombra da lua cobre partes de Quebec, New Brunswick e Maine durante o eclipse solar em 8 de abril de 2024 \u2014 Foto: Nasa\"\/><figcaption class=\"wp-element-caption\">A sombra da lua cobre partes de Quebec, New Brunswick e Maine durante o eclipse solar em 8 de abril de 2024 \u2014 Foto: Nasa<\/figcaption><\/figure>\n\n\n\n<p><strong>A atmosfera da Terra oferece outros espet\u00e1culos \u00fanicos, como p\u00f4r do sol e nascer do sol coloridos.<\/strong><\/p>\n\n\n\n<figure class=\"wp-block-image\"><img decoding=\"async\" src=\"https:\/\/s2-epocanegocios.glbimg.com\/6ruUeeQClVwYaDEcqbPpZe5M7mU=\/0x0:1099x721\/984x0\/smart\/filters:strip_icc()\/i.s3.glbimg.com\/v1\/AUTH_e536e40f1baf4c1a8bf1ed12d20577fd\/internal_photos\/bs\/2024\/x\/z\/K8s0haTza3reBXAzTpaw\/nasa9.jpg\" alt=\"A astronauta da NASA Jeanette Epps usou configura\u00e7\u00f5es de c\u00e2mera de longa exposi\u00e7\u00e3o para capturar uma variedade de cores no horizonte da Terra \u2014 Foto: Nasa\"\/><figcaption class=\"wp-element-caption\">A astronauta da NASA Jeanette Epps usou configura\u00e7\u00f5es de c\u00e2mera de longa exposi\u00e7\u00e3o para capturar uma variedade de cores no horizonte da Terra \u2014 Foto: Nasa<\/figcaption><\/figure>\n\n\n\n<p><strong>Estas s\u00e3o forma\u00e7\u00f5es de cristais de gelo extremamente raras, muito mais altas na atmosfera do que qualquer outra nuvem.<\/strong><\/p>\n\n\n\n<figure class=\"wp-block-image\"><img decoding=\"async\" src=\"https:\/\/s2-epocanegocios.glbimg.com\/SlgmRg8AjvL-6wX9PBNMgDoevNs=\/0x0:1096x739\/984x0\/smart\/filters:strip_icc()\/i.s3.glbimg.com\/v1\/AUTH_e536e40f1baf4c1a8bf1ed12d20577fd\/internal_photos\/bs\/2024\/U\/P\/qUA3cDTZKryvB1o2TpxQ\/nasa10.jpg\" alt=\"Nuvens noctilucentes t\u00eanues na atmosfera superior da Terra s\u00e3o iluminadas pela luz do sol logo ap\u00f3s o p\u00f4r do sol acima do Oceano Pac\u00edfico Sul \u2014 Foto: Nasa\"\/><figcaption class=\"wp-element-caption\">Nuvens noctilucentes t\u00eanues na atmosfera superior da Terra s\u00e3o iluminadas pela luz do sol logo ap\u00f3s o p\u00f4r do sol acima do Oceano Pac\u00edfico Sul \u2014 Foto: Nasa<\/figcaption><\/figure>\n\n\n\n<p><strong>Mesmo essas fotos lindas n\u00e3o fazem justi\u00e7a \u00e0s vistas reais, de acordo com Dominick. &#8220;Passei um bom tempo tentando capturar o que posso ver com meus olhos. Ainda n\u00e3o consegui&#8221;, disse ele.<\/strong><\/p>\n\n\n\n<figure class=\"wp-block-image\"><img decoding=\"async\" src=\"https:\/\/s2-epocanegocios.glbimg.com\/TyoU2cABJWgAaownriHVn8-1m5U=\/0x0:1108x738\/984x0\/smart\/filters:strip_icc()\/i.s3.glbimg.com\/v1\/AUTH_e536e40f1baf4c1a8bf1ed12d20577fd\/internal_photos\/bs\/2024\/N\/E\/GrjQpEQGAAdBFWODTVrQ\/nasa11.jpg\" alt=\"Lago Rakshastal (esquerda) e Lago Manasarovar (direita) no Tibete \u2014 Foto: Nasa\"\/><figcaption class=\"wp-element-caption\">Lago Rakshastal (esquerda) e Lago Manasarovar (direita) no Tibete \u2014 Foto: Nasa<\/figcaption><\/figure>\n\n\n\n<p><strong>Nem todas as vistas s\u00e3o divertidas ou reconfortantes. Os astronautas podem ver inc\u00eandios florestais claramente.<\/strong><\/p>\n\n\n\n<figure class=\"wp-block-image\"><img decoding=\"async\" src=\"https:\/\/s2-epocanegocios.glbimg.com\/lVpvNne6e_QxDZUF3EWdUZFnpEs=\/0x0:1111x744\/984x0\/smart\/filters:strip_icc()\/i.s3.glbimg.com\/v1\/AUTH_e536e40f1baf4c1a8bf1ed12d20577fd\/internal_photos\/bs\/2024\/o\/j\/GJyCjFTUqsRJOvtOAwsw\/nasa12.jpg\" alt=\"Inc\u00eandios florestais na Grande Escarpa da \u00c1frica do Sul, perto da costa do Oceano \u00cdndico \u2014 Foto: Nasa\"\/><figcaption class=\"wp-element-caption\">Inc\u00eandios florestais na Grande Escarpa da \u00c1frica do Sul, perto da costa do Oceano \u00cdndico \u2014 Foto: Nasa<\/figcaption><\/figure>\n\n\n\n<p><strong>Todo ano, eles tamb\u00e9m t\u00eam uma vis\u00e3o panor\u00e2mica dos furac\u00f5es.<\/strong><\/p>\n\n\n\n<figure class=\"wp-block-image\"><img decoding=\"async\" src=\"https:\/\/s2-epocanegocios.glbimg.com\/Rptl-7PyGUI_3Rs9YkWBb00rRBk=\/0x0:1207x681\/984x0\/smart\/filters:strip_icc()\/i.s3.glbimg.com\/v1\/AUTH_e536e40f1baf4c1a8bf1ed12d20577fd\/internal_photos\/bs\/2024\/V\/z\/dUUvUXSrWqCYg8W9DBRg\/nasa13.jpg\" alt=\"Furac\u00e3o Helene acima do Golfo do M\u00e9xico, na costa do Mississippi, em 25 de setembro de 2024 \u2014 Foto: Nasa\"\/><figcaption class=\"wp-element-caption\">Furac\u00e3o Helene acima do Golfo do M\u00e9xico, na costa do Mississippi, em 25 de setembro de 2024 \u2014 Foto: Nasa<\/figcaption><\/figure>\n\n\n\n<p><strong>Estendendo-se por centenas de quil\u00f4metros, furac\u00f5es como Helene e Milton parecem engolir o mundo.<\/strong><\/p>\n\n\n\n<figure class=\"wp-block-image\"><img decoding=\"async\" src=\"https:\/\/s2-epocanegocios.glbimg.com\/PxVCzBWCrGH6XOXZrur9dPZi0BI=\/0x0:1104x741\/984x0\/smart\/filters:strip_icc()\/i.s3.glbimg.com\/v1\/AUTH_e536e40f1baf4c1a8bf1ed12d20577fd\/internal_photos\/bs\/2024\/S\/y\/QvkmWORQatV9naBU6XOw\/nasa14.jpg\" alt=\"O furac\u00e3o Milton, uma tempestade de categoria 5 no momento desta fotografia, agita o Golfo do M\u00e9xico em 8 de outubro de 2024 \u2014 Foto: Nasa\"\/><figcaption class=\"wp-element-caption\">O furac\u00e3o Milton, uma tempestade de categoria 5 no momento desta fotografia, agita o Golfo do M\u00e9xico em 8 de outubro de 2024 \u2014 Foto: Nasa<\/figcaption><\/figure>\n\n\n\n<p><strong>Os astronautas h\u00e1 muito descrevem uma profunda mudan\u00e7a de perspectiva quando veem a Terra de cima pela primeira vez. \u00c9 chamado de &#8220;Efeito Vis\u00e3o Geral&#8221;.<\/strong><\/p>\n\n\n\n<figure class=\"wp-block-image\"><img decoding=\"async\" src=\"https:\/\/s2-epocanegocios.glbimg.com\/pnfhKN7htb_SohsfrP3eeSumXvw=\/0x0:1101x742\/984x0\/smart\/filters:strip_icc()\/i.s3.glbimg.com\/v1\/AUTH_e536e40f1baf4c1a8bf1ed12d20577fd\/internal_photos\/bs\/2024\/h\/v\/jaMosMSXOVGueXt7fQPA\/nasa16.jpg\" alt=\"A costa sul da \u00c1frica brilha atrav\u00e9s da c\u00fapula da Esta\u00e7\u00e3o Espacial Internacional, tamb\u00e9m conhecida como &quot;janela para o mundo&quot; \u2014 Foto: Nasa\"\/><figcaption class=\"wp-element-caption\">A costa sul da \u00c1frica brilha atrav\u00e9s da c\u00fapula da Esta\u00e7\u00e3o Espacial Internacional, tamb\u00e9m conhecida como &#8220;janela para o mundo&#8221; \u2014 Foto: Nasa<\/figcaption><\/figure>\n\n\n\n<p><strong>Eles falam sobre sentimentos avassaladores de admira\u00e7\u00e3o, unidade e uma sensa\u00e7\u00e3o de fragilidade da Terra.<\/strong><\/p>\n\n\n\n<figure class=\"wp-block-image\"><img decoding=\"async\" src=\"https:\/\/s2-epocanegocios.glbimg.com\/TuWkO4a0sRAlcf23UOHxMopIWoY=\/0x0:1108x739\/984x0\/smart\/filters:strip_icc()\/i.s3.glbimg.com\/v1\/AUTH_e536e40f1baf4c1a8bf1ed12d20577fd\/internal_photos\/bs\/2024\/p\/r\/vxIBbDStqE9OphDO7xgA\/nasa17.jpg\" alt=\"Uma Ilha Ge\u00f3rgia do Sul coberta de neve no sul do Oceano Atl\u00e2ntico \u2014 Foto: Nasa\"\/><figcaption class=\"wp-element-caption\">Uma Ilha Ge\u00f3rgia do Sul coberta de neve no sul do Oceano Atl\u00e2ntico \u2014 Foto: Nasa<\/figcaption><\/figure>\n\n\n\n<p><strong>O ator William Shatner descreveu isso ap\u00f3s seu voo espacial de 2021 com Jeff Bezos: &#8220;H\u00e1 o azul l\u00e1 embaixo e o preto l\u00e1 em cima. H\u00e1 a M\u00e3e Terra e o conforto, e h\u00e1&#8230;h\u00e1 morte? N\u00e3o sei.&#8221;<\/strong><\/p>\n\n\n\n<figure class=\"wp-block-image\"><img decoding=\"async\" src=\"https:\/\/s2-epocanegocios.glbimg.com\/8wPPQVKJFHVkdPxcyLHD8H2OfPI=\/0x0:1102x742\/984x0\/smart\/filters:strip_icc()\/i.s3.glbimg.com\/v1\/AUTH_e536e40f1baf4c1a8bf1ed12d20577fd\/internal_photos\/bs\/2024\/G\/N\/qB7NhFQ9mvxQ9BItBryw\/nasa18.jpg\" alt=\"O Himalaia se estende pela curvatura da Terra \u2014 Foto: Nasa\"\/><figcaption class=\"wp-element-caption\">O Himalaia se estende pela curvatura da Terra \u2014 Foto: Nasa<\/figcaption><\/figure>\n\n\n\n<p><strong>&#8220;\u00c9 realmente dif\u00edcil para mim entender por que as pessoas na Terra n\u00e3o se d\u00e3o bem&#8221;, disse a astronauta da NASA Suni Williams aos rep\u00f3rteres em setembro. &#8220;Isso simplesmente muda sua perspectiva.&#8221;<\/strong><\/p>\n\n\n\n<figure class=\"wp-block-image\"><img decoding=\"async\" src=\"https:\/\/s2-epocanegocios.glbimg.com\/x931jQzarNbDoSWtUdpZUVo0Y98=\/0x0:1108x732\/984x0\/smart\/filters:strip_icc()\/i.s3.glbimg.com\/v1\/AUTH_e536e40f1baf4c1a8bf1ed12d20577fd\/internal_photos\/bs\/2024\/R\/W\/VGoLt6ReSpG8LkZFWMbg\/nasa19.jpg\" alt=\"As luzes noturnas da civiliza\u00e7\u00e3o destacam o Rio Nilo e delineiam vagamente as margens do Mar Vermelho, o Golfo de Suez e o Golfo de Aqaba por volta da meia-noite \u2014 Foto: Nasa\"\/><figcaption class=\"wp-element-caption\">As luzes noturnas da civiliza\u00e7\u00e3o destacam o Rio Nilo e delineiam vagamente as margens do Mar Vermelho, o Golfo de Suez e o Golfo de Aqaba por volta da meia-noite \u2014 Foto: Nasa<\/figcaption><\/figure>\n\n\n\n<p><strong>Williams e seu companheiro de tripula\u00e7\u00e3o, Butch Wilmore, est\u00e3o presos na esta\u00e7\u00e3o espacial h\u00e1 meses.<\/strong><\/p>\n\n\n\n<figure class=\"wp-block-image\"><img decoding=\"async\" src=\"https:\/\/s2-epocanegocios.glbimg.com\/pqRaBElf_LjsGJsB_F239ZdL59I=\/0x0:1110x747\/984x0\/smart\/filters:strip_icc()\/i.s3.glbimg.com\/v1\/AUTH_e536e40f1baf4c1a8bf1ed12d20577fd\/internal_photos\/bs\/2024\/7\/e\/eDLUWzT8esc2yxHHVI3w\/nasa20.jpg\" alt=\"Suni Williams e Butch Wilmore (no centro) posam com seus colegas astronautas Mike Barratt (extrema esquerda) e Tracy C. Dyson (extrema direita) \u2014 Foto: Nasa\"\/><figcaption class=\"wp-element-caption\">Suni Williams e Butch Wilmore (no centro) posam com seus colegas astronautas Mike Barratt (extrema esquerda) e Tracy C. Dyson (extrema direita) \u2014 Foto: Nasa<\/figcaption><\/figure>\n\n\n\n<p><strong>Eles foram as primeiras pessoas a voar na nave espacial Starliner da Boeing para um voo de aproximadamente uma semana em julho. A Starliner retornou \u00e0 Terra sem eles ap\u00f3s problemas no motor deixarem os oficiais da NASA preocupados com sua seguran\u00e7a. Agora, Williams e Wilmore devem retornar \u00e0 Terra a bordo da nave espacial Crew Dragon da SpaceX em mar\u00e7o.<\/strong><\/p>\n\n\n\n<figure class=\"wp-block-image\"><img decoding=\"async\" src=\"https:\/\/s2-epocanegocios.glbimg.com\/yL3Dqqi_rkXSrOunb8ritLkWgrA=\/0x0:492x709\/984x0\/smart\/filters:strip_icc()\/i.s3.glbimg.com\/v1\/AUTH_e536e40f1baf4c1a8bf1ed12d20577fd\/internal_photos\/bs\/2024\/c\/E\/ADhmkESXWgbNjbntLzeQ\/nasa21.jpg\" alt=\"A nave espacial Starliner se aproxima da Esta\u00e7\u00e3o Espacial Internacional carregando os astronautas Butch Wilmore e Suni Williams \u2014 Foto: Nasa\"\/><figcaption class=\"wp-element-caption\">A nave espacial Starliner se aproxima da Esta\u00e7\u00e3o Espacial Internacional carregando os astronautas Butch Wilmore e Suni Williams \u2014 Foto: Nasa<\/figcaption><\/figure>\n\n\n\n<p><strong>Os dias da esta\u00e7\u00e3o espacial est\u00e3o contados, no entanto. Ela chegar\u00e1 ao fim de sua vida operacional em 2030.<\/strong><\/p>\n\n\n\n<figure class=\"wp-block-image\"><img decoding=\"async\" src=\"https:\/\/s2-epocanegocios.glbimg.com\/rNfY1ByR3FTzt9TwGJc5suYj3-s=\/0x0:1101x739\/984x0\/smart\/filters:strip_icc()\/i.s3.glbimg.com\/v1\/AUTH_e536e40f1baf4c1a8bf1ed12d20577fd\/internal_photos\/bs\/2024\/B\/V\/zmnDEBSzu9F6tmYB5ogQ\/nasa23.jpg\" alt=\"O Rio Paraguai separa as na\u00e7\u00f5es da Argentina e do Paraguai \u2014 Foto: Nasa\"\/><figcaption class=\"wp-element-caption\">O Rio Paraguai separa as na\u00e7\u00f5es da Argentina e do Paraguai \u2014 Foto: Nas<\/figcaption><\/figure>\n\n\n\n<p><strong>A NASA pediu \u00e0 SpaceX para projetar um ve\u00edculo capaz de tirar a ISS da \u00f3rbita e lan\u00e7\u00e1-la no Oceano Pac\u00edfico. A ISS ter\u00e1 um &#8220;grande legado&#8221;, disse Dominick. &#8220;Veja o que a humanidade pode fazer quando se une e resolve trabalhar em conjunto.&#8221;<\/strong><\/p>\n\n\n\n<figure class=\"wp-block-image\"><img decoding=\"async\" src=\"https:\/\/s2-epocanegocios.glbimg.com\/tEp0jQBOrq3pdGwCarwyFK_oTZA=\/0x0:1192x670\/984x0\/smart\/filters:strip_icc()\/i.s3.glbimg.com\/v1\/AUTH_e536e40f1baf4c1a8bf1ed12d20577fd\/internal_photos\/bs\/2024\/T\/u\/6o2VxcRGWbHMMBonXfmA\/nasa24.jpg\" alt=\"Os estados mexicanos de Baja California e Baja California Sur se estendem entre o Oceano Pac\u00edfico e o Golfo da Calif\u00f3rnia \u2014 Foto: Nasa\"\/><figcaption class=\"wp-element-caption\">Os estados mexicanos de Baja California e Baja California Sur se estendem entre o Oceano Pac\u00edfico e o Golfo da Calif\u00f3rnia \u2014 Foto: Nasa<\/figcaption><\/figure>\n\n\n\n<p>Fonte Epoca Neg\u00f3cios <\/p>\n","protected":false},"excerpt":{"rendered":"<p>Todos os anos, a Esta\u00e7\u00e3o Espacial Internacional produz algumas das melhores fotografias do mundo: muitos deles s\u00e3o fot\u00f3grafos habilidosos, e eles contam com a vista gloriosa do espa\u00e7o enquanto circulam nosso planeta a cada 90 minutos Todos os anos, a Esta\u00e7\u00e3o Espacial Internacional produz algumas das melhores fotografias do mundo. Os astronautas tendem a ser [&hellip;]<\/p>\n","protected":false},"author":8,"featured_media":25263,"comment_status":"closed","ping_status":"open","sticky":false,"template":"","format":"standard","meta":{"rop_custom_images_group":[],"rop_custom_messages_group":[],"rop_publish_now":"initial","rop_publish_now_accounts":[],"rop_publish_now_history":[],"rop_publish_now_status":"pending","footnotes":""},"categories":[212],"tags":[],"class_list":["post-25262","post","type-post","status-publish","format-standard","has-post-thumbnail","hentry","category-internacional"],"amp_enabled":true,"_links":{"self":[{"href":"https:\/\/imais.online\/portal\/wp-json\/wp\/v2\/posts\/25262","targetHints":{"allow":["GET"]}}],"collection":[{"href":"https:\/\/imais.online\/portal\/wp-json\/wp\/v2\/posts"}],"about":[{"href":"https:\/\/imais.online\/portal\/wp-json\/wp\/v2\/types\/post"}],"author":[{"embeddable":true,"href":"https:\/\/imais.online\/portal\/wp-json\/wp\/v2\/users\/8"}],"replies":[{"embeddable":true,"href":"https:\/\/imais.online\/portal\/wp-json\/wp\/v2\/comments?post=25262"}],"version-history":[{"count":1,"href":"https:\/\/imais.online\/portal\/wp-json\/wp\/v2\/posts\/25262\/revisions"}],"predecessor-version":[{"id":25264,"href":"https:\/\/imais.online\/portal\/wp-json\/wp\/v2\/posts\/25262\/revisions\/25264"}],"wp:featuredmedia":[{"embeddable":true,"href":"https:\/\/imais.online\/portal\/wp-json\/wp\/v2\/media\/25263"}],"wp:attachment":[{"href":"https:\/\/imais.online\/portal\/wp-json\/wp\/v2\/media?parent=25262"}],"wp:term":[{"taxonomy":"category","embeddable":true,"href":"https:\/\/imais.online\/portal\/wp-json\/wp\/v2\/categories?post=25262"},{"taxonomy":"post_tag","embeddable":true,"href":"https:\/\/imais.online\/portal\/wp-json\/wp\/v2\/tags?post=25262"}],"curies":[{"name":"wp","href":"https:\/\/api.w.org\/{rel}","templated":true}]}}