{"id":25305,"date":"2025-01-02T09:38:39","date_gmt":"2025-01-02T12:38:39","guid":{"rendered":"https:\/\/imais.online\/portal\/?p=25305"},"modified":"2025-01-02T09:38:40","modified_gmt":"2025-01-02T12:38:40","slug":"conta-de-luz-mais-barata-janeiro-de-2025-tera-desconto-de-ate-r-49-e-bandeira-tarifaria-verde","status":"publish","type":"post","link":"https:\/\/imais.online\/portal\/conta-de-luz-mais-barata-janeiro-de-2025-tera-desconto-de-ate-r-49-e-bandeira-tarifaria-verde\/","title":{"rendered":"Conta de luz mais barata: janeiro de 2025 ter\u00e1 desconto de at\u00e9 R$ 49 e bandeira tarif\u00e1ria verde"},"content":{"rendered":"<div class=\"imais-before-content-placement\" id=\"imais-1644853547\"><script async src=\"\/\/pagead2.googlesyndication.com\/pagead\/js\/adsbygoogle.js?client=ca-pub-8787528412751566\" crossorigin=\"anonymous\"><\/script><ins class=\"adsbygoogle\" style=\"display:block;\" data-ad-client=\"ca-pub-8787528412751566\" \ndata-ad-slot=\"\" \ndata-ad-format=\"auto\"><\/ins>\n<script> \n(adsbygoogle = window.adsbygoogle || []).push({}); \n<\/script>\n<\/div>\n<h2 class=\"wp-block-heading\">Previs\u00e3o para o m\u00eas leva em conta aumento na produ\u00e7\u00e3o energ\u00e9tica e previs\u00e3o de desconto por lucro da Itaipu<\/h2>\n\n\n\n<p>O ano de 2025 come\u00e7ou com a\u00a0<a rel=\"noreferrer noopener\" href=\"https:\/\/www.r7.com\/aclr\/bandeira-verde-conta-de-luz-mais-barata-e-alivio-para-os-consumidores-jornal-paranaiba-25122024\/\" target=\"_blank\">conta de luz<\/a>\u00a0mais barata. Mais de 78 milh\u00f5es de consumidores receber\u00e3o um desconto na tarifa de janeiro pelo \u201c<a rel=\"noreferrer noopener\" href=\"https:\/\/noticias.r7.com\/brasilia\/aneel-aprova-repasse-de-r-13-bilhao-de-bonus-de-itaipu-para-reduzir-conta-de-luz-26112024\/\" target=\"_blank\">b\u00f4nus Itaipu<\/a>\u201d, que vai diminuir valores com base na quantidade de energia consumida em cada resid\u00eancia em 2023. O al\u00edvio na conta pode chegar a quase R$ 49.<\/p>\n\n\n\n<p>Os consumidores receber\u00e3o desconto pelos meses que consumiram at\u00e9 350 quilowatts-hora (kWh). Ser\u00e3o beneficiados clientes das \u00e1reas urbana e rural. Segundo a Itaipu, o al\u00edvio na conta de luz ser\u00e1 de R$ 16,66 em m\u00e9dia, visto que o consumo m\u00e9dio mensal de energia nas casas do pa\u00eds \u00e9 de 120 kWh.<\/p>\n\n\n\n<p>A tarifa-b\u00f4nus de Itaipu referente a 2023 foi aprovada pela Aneel (Ag\u00eancia Nacional de Energia El\u00e9trica) com o valor de R$ 0,011648844 por kWh. \u201cPara que o consumidor entenda quanto vai receber, deve multiplicar o valor da Tarifa-B\u00f4nus pelo quantitativo em kWh informado na fatura de energia em cada m\u00eas de 2023 em que o consumo tenha sido inferior a 350 kWh \u2014 o valor do b\u00f4nus para o consumidor ser\u00e1 a soma desses resultados mensais\u201d, explicou a Aneel.<\/p>\n\n\n\n<p>Al\u00e9m disso, a Aneel confirmou que o m\u00eas de janeiro ser\u00e1\u00a0<a rel=\"noreferrer noopener\" href=\"https:\/\/noticias.r7.com\/economia\/janeiro-de-2025-tera-bandeira-tarifaria-verde-sem-custo-adicional-aponta-aneel-27122024\/\" target=\"_blank\">medido pela bandeira tarif\u00e1ria verde<\/a>, o que retira cobran\u00e7as adicionais da conta de luz.<\/p>\n\n\n\n<p>A medida valeu para a conta de dezembro e foi renovada pelo aumento na produ\u00e7\u00e3o de energia. Segundo a Aneel, houve equil\u00edbrio de contas por gera\u00e7\u00e3o em usinas hidrel\u00e9tricas, energia solar e e\u00f3lica. O aumento de chuvas tamb\u00e9m foi apontado como fator para a bandeira tarif\u00e1ria.<\/p>\n\n\n\n<p>Os benef\u00edcios v\u00e3o funcionar simultaneamente no fechamento das cobran\u00e7as deste m\u00eas.<\/p>\n\n\n\n<h3 class=\"wp-block-heading\">De onde vem o b\u00f4nus de Itaipu<\/h3>\n\n\n\n<p>O b\u00f4nus de Itaipu \u00e9 um valor referente ao b\u00f4nus de comercializa\u00e7\u00e3o da parte brasileira da Usina Hidrel\u00e9trica Itaipu Binacional.<\/p>\n\n\n\n<p>Para abater a conta de luz dos brasileiros, ser\u00e3o usados R$ 1,3 bilh\u00e3o desse b\u00f4nus. Esse valor \u00e9 formado por:<\/p>\n\n\n\n<ul class=\"wp-block-list\">\n<li>R$ 399 milh\u00f5es de saldo positivo da conta em 2023;<\/li>\n\n\n\n<li>R$ 842 milh\u00f5es de devolu\u00e7\u00e3o das distribuidoras em 2023 &#8211; provenientes de apoio tarif\u00e1rio concedido em 2020 e 2021;<\/li>\n\n\n\n<li>R$ 65 milh\u00f5es de rendimentos de aplica\u00e7\u00f5es banc\u00e1rias at\u00e9 30\/09\/2024;<\/li>\n\n\n\n<li>Retirada de R$ 610 mil para repasse \u00e0 Celesc (Centrais El\u00e9tricas de Santa Catarina), referentes a um ajuste no b\u00f4nus de Itaipu em 2019.<\/li>\n<\/ul>\n\n\n\n<p>Fonte R7<\/p>\n","protected":false},"excerpt":{"rendered":"<p>Previs\u00e3o para o m\u00eas leva em conta aumento na produ\u00e7\u00e3o energ\u00e9tica e previs\u00e3o de desconto por lucro da Itaipu O ano de 2025 come\u00e7ou com a\u00a0conta de luz\u00a0mais barata. Mais de 78 milh\u00f5es de consumidores receber\u00e3o um desconto na tarifa de janeiro pelo \u201cb\u00f4nus Itaipu\u201d, que vai diminuir valores com base na quantidade de energia [&hellip;]<\/p>\n","protected":false},"author":8,"featured_media":25306,"comment_status":"closed","ping_status":"open","sticky":false,"template":"","format":"standard","meta":{"rop_custom_images_group":[],"rop_custom_messages_group":[],"rop_publish_now":"initial","rop_publish_now_accounts":[],"rop_publish_now_history":[],"rop_publish_now_status":"pending","footnotes":""},"categories":[192],"tags":[],"class_list":["post-25305","post","type-post","status-publish","format-standard","has-post-thumbnail","hentry","category-economia"],"amp_enabled":true,"_links":{"self":[{"href":"https:\/\/imais.online\/portal\/wp-json\/wp\/v2\/posts\/25305","targetHints":{"allow":["GET"]}}],"collection":[{"href":"https:\/\/imais.online\/portal\/wp-json\/wp\/v2\/posts"}],"about":[{"href":"https:\/\/imais.online\/portal\/wp-json\/wp\/v2\/types\/post"}],"author":[{"embeddable":true,"href":"https:\/\/imais.online\/portal\/wp-json\/wp\/v2\/users\/8"}],"replies":[{"embeddable":true,"href":"https:\/\/imais.online\/portal\/wp-json\/wp\/v2\/comments?post=25305"}],"version-history":[{"count":1,"href":"https:\/\/imais.online\/portal\/wp-json\/wp\/v2\/posts\/25305\/revisions"}],"predecessor-version":[{"id":25307,"href":"https:\/\/imais.online\/portal\/wp-json\/wp\/v2\/posts\/25305\/revisions\/25307"}],"wp:featuredmedia":[{"embeddable":true,"href":"https:\/\/imais.online\/portal\/wp-json\/wp\/v2\/media\/25306"}],"wp:attachment":[{"href":"https:\/\/imais.online\/portal\/wp-json\/wp\/v2\/media?parent=25305"}],"wp:term":[{"taxonomy":"category","embeddable":true,"href":"https:\/\/imais.online\/portal\/wp-json\/wp\/v2\/categories?post=25305"},{"taxonomy":"post_tag","embeddable":true,"href":"https:\/\/imais.online\/portal\/wp-json\/wp\/v2\/tags?post=25305"}],"curies":[{"name":"wp","href":"https:\/\/api.w.org\/{rel}","templated":true}]}}