{"id":25380,"date":"2025-01-12T14:57:35","date_gmt":"2025-01-12T17:57:35","guid":{"rendered":"https:\/\/imais.online\/portal\/?p=25380"},"modified":"2025-01-12T14:57:35","modified_gmt":"2025-01-12T17:57:35","slug":"renato-aragao-celebra-90-anos-em-missa-no-cristo-redentor","status":"publish","type":"post","link":"https:\/\/imais.online\/portal\/renato-aragao-celebra-90-anos-em-missa-no-cristo-redentor\/","title":{"rendered":"Renato Arag\u00e3o celebra 90 anos em missa no Cristo Redentor"},"content":{"rendered":"<div class=\"imais-before-content-placement\" id=\"imais-751466242\"><script async src=\"\/\/pagead2.googlesyndication.com\/pagead\/js\/adsbygoogle.js?client=ca-pub-8787528412751566\" crossorigin=\"anonymous\"><\/script><ins class=\"adsbygoogle\" style=\"display:block;\" data-ad-client=\"ca-pub-8787528412751566\" \ndata-ad-slot=\"\" \ndata-ad-format=\"auto\"><\/ins>\n<script> \n(adsbygoogle = window.adsbygoogle || []).push({}); \n<\/script>\n<\/div>\n<p>Ator e comediante brasileiro comemorou mais um ano de vida ao lado de esposa e filha<\/p>\n\n\n\n<p>O ator e comediante\u00a0<strong>Renato Arag\u00e3o\u00a0<\/strong>completa 90 anos na segunda-feira, dia 13 de janeiro. Neste domingo (12), ele celebrou o anivers\u00e1rio em uma missa no Cristo Redentor, no Rio de Janeiro.<\/p>\n\n\n\n<p>Em um v\u00eddeo publicado pela&nbsp;<a href=\"https:\/\/www.cnnbrasil.com.br\/entretenimento\/esposa-de-renato-aragao-diz-ter-se-apaixonado-por-ele-aos-seis-anos\/\">esposa, Lilian<\/a>, o artista brasileiro estava emocionado. A&nbsp;<a href=\"https:\/\/www.cnnbrasil.com.br\/entretenimento\/alem-de-zeze-di-camargo-veja-famosos-que-foram-pais-depois-dos-60-anos\/\">filha do casal<\/a>,&nbsp;<a href=\"https:\/\/www.cnnbrasil.com.br\/entretenimento\/filha-de-didi-chama-fernanda-torres-de-nepo-baby-e-se-justifica-apos-criticas\/\">L\u00edvian<\/a>, tamb\u00e9m esteve presente na cerim\u00f4nia.<\/p>\n\n\n<div class=\"wp-block-image\">\n<figure class=\"alignleft\" id=\"attachment_12092524\"><img decoding=\"async\" src=\"https:\/\/www.cnnbrasil.com.br\/wp-content\/uploads\/sites\/12\/2025\/01\/lilian-livian-renato-aragao.jpg?w=819\" alt=\"\" class=\"wp-image-12092524\"\/><figcaption class=\"wp-element-caption\">L\u00edlian, Renato e L\u00edvian Arag\u00e3o \u2022 Reprodu\u00e7\u00e3o\/L\u00edlian Arag\u00e3o<\/figcaption><\/figure>\n<\/div>\n\n\n<h2 class=\"wp-block-heading\"><\/h2>\n","protected":false},"excerpt":{"rendered":"<p>Ator e comediante brasileiro comemorou mais um ano de vida ao lado de esposa e filha O ator e comediante\u00a0Renato Arag\u00e3o\u00a0completa 90 anos na segunda-feira, dia 13 de janeiro. Neste domingo (12), ele celebrou o anivers\u00e1rio em uma missa no Cristo Redentor, no Rio de Janeiro. Em um v\u00eddeo publicado pela&nbsp;esposa, Lilian, o artista brasileiro [&hellip;]<\/p>\n","protected":false},"author":8,"featured_media":25381,"comment_status":"closed","ping_status":"open","sticky":false,"template":"","format":"standard","meta":{"rop_custom_images_group":[],"rop_custom_messages_group":[],"rop_publish_now":"initial","rop_publish_now_accounts":[],"rop_publish_now_history":[],"rop_publish_now_status":"pending","footnotes":""},"categories":[16],"tags":[],"class_list":["post-25380","post","type-post","status-publish","format-standard","has-post-thumbnail","hentry","category-entertainment"],"amp_enabled":true,"_links":{"self":[{"href":"https:\/\/imais.online\/portal\/wp-json\/wp\/v2\/posts\/25380","targetHints":{"allow":["GET"]}}],"collection":[{"href":"https:\/\/imais.online\/portal\/wp-json\/wp\/v2\/posts"}],"about":[{"href":"https:\/\/imais.online\/portal\/wp-json\/wp\/v2\/types\/post"}],"author":[{"embeddable":true,"href":"https:\/\/imais.online\/portal\/wp-json\/wp\/v2\/users\/8"}],"replies":[{"embeddable":true,"href":"https:\/\/imais.online\/portal\/wp-json\/wp\/v2\/comments?post=25380"}],"version-history":[{"count":1,"href":"https:\/\/imais.online\/portal\/wp-json\/wp\/v2\/posts\/25380\/revisions"}],"predecessor-version":[{"id":25382,"href":"https:\/\/imais.online\/portal\/wp-json\/wp\/v2\/posts\/25380\/revisions\/25382"}],"wp:featuredmedia":[{"embeddable":true,"href":"https:\/\/imais.online\/portal\/wp-json\/wp\/v2\/media\/25381"}],"wp:attachment":[{"href":"https:\/\/imais.online\/portal\/wp-json\/wp\/v2\/media?parent=25380"}],"wp:term":[{"taxonomy":"category","embeddable":true,"href":"https:\/\/imais.online\/portal\/wp-json\/wp\/v2\/categories?post=25380"},{"taxonomy":"post_tag","embeddable":true,"href":"https:\/\/imais.online\/portal\/wp-json\/wp\/v2\/tags?post=25380"}],"curies":[{"name":"wp","href":"https:\/\/api.w.org\/{rel}","templated":true}]}}