{"id":25383,"date":"2025-01-12T15:02:53","date_gmt":"2025-01-12T18:02:53","guid":{"rendered":"https:\/\/imais.online\/portal\/?p=25383"},"modified":"2025-01-12T15:02:54","modified_gmt":"2025-01-12T18:02:54","slug":"chico-bento-e-a-goiabeira-maraviosa-elenco-mirim-fofissimo-conquista-com-importante-mensagem","status":"publish","type":"post","link":"https:\/\/imais.online\/portal\/chico-bento-e-a-goiabeira-maraviosa-elenco-mirim-fofissimo-conquista-com-importante-mensagem\/","title":{"rendered":"Chico Bento e a Goiabeira Maravi\u00f3sa \u2013 Elenco Mirim Fof\u00edssimo Conquista com Importante Mensagem"},"content":{"rendered":"<div class=\"imais-before-content-placement\" id=\"imais-2087838598\"><script async src=\"\/\/pagead2.googlesyndication.com\/pagead\/js\/adsbygoogle.js?client=ca-pub-8787528412751566\" crossorigin=\"anonymous\"><\/script><ins class=\"adsbygoogle\" style=\"display:block;\" data-ad-client=\"ca-pub-8787528412751566\" \ndata-ad-slot=\"\" \ndata-ad-format=\"auto\"><\/ins>\n<script> \n(adsbygoogle = window.adsbygoogle || []).push({}); \n<\/script>\n<\/div>\n<p>Centenas de milhares de brasileiros cresceram lendo os quadrinhos da\u00a0<strong><a href=\"https:\/\/cinepop.com.br\/tag\/turma-da-monica\/\">Turma da M\u00f4nica<\/a><\/strong>\u00a0e dos outros universos criados por\u00a0<strong><a href=\"https:\/\/cinepop.com.br\/tag\/mauricio-de-sousa\/\">Mauricio de Sousa<\/a><\/strong>. O primeiro filme da turminha estrou em 2019 e foi um enorme sucesso; agora, abrindo a temporada\u00a0<strong><a href=\"https:\/\/cinepop.com.br\/tag\/2025\/\">2025<\/a><\/strong>\u00a0com alto n\u00edvel, j\u00e1 est\u00e1 em exibi\u00e7\u00e3o nos cinemas do Brasil o filme \u2018<strong><a href=\"https:\/\/cinepop.com.br\/tag\/chico-bento-e-a-goiabeira-maraviosa\/\">Chico Bento e a Goiabeira Maravi\u00f3sa<\/a><\/strong>\u2019.<\/p>\n\n\n\n<figure class=\"wp-block-image\"><a href=\"data:image\/svg+xml,%3Csvg%20xmlns=\"><img decoding=\"async\" src=\"https:\/\/cinepop.com.br\/wp-content\/uploads\/2024\/12\/chico-bento-e-a-goiabeira-maraviosa-2.jpg\" alt=\"\" class=\"wp-image-621612\"\/><\/a><\/figure>\n\n\n\n<p>Desde que nasceu,&nbsp;<strong>Chico Bento<\/strong>&nbsp;(<strong><a href=\"https:\/\/cinepop.com.br\/tag\/isaac-amendoim\/\">Isaac Amendoim<\/a><\/strong>, a grande revela\u00e7\u00e3o dos cinemas dos \u00faltimos tempos!) tem uma liga\u00e7\u00e3o muito pessoal com a goiabeira do&nbsp;<strong>Nh\u00f4 Lau<\/strong>&nbsp;(<strong>Luis Lobianco<\/strong>). Mesmo com o fazendeiro fazendo cara feia pro menino toda vez que ele entra em seu terreno para roubar goiabas junto com seu amigo&nbsp;<strong>Z\u00e9 Lel\u00e9<\/strong>&nbsp;(<strong><a href=\"https:\/\/cinepop.com.br\/tag\/pedro-dantas\/\">Pedro Dantas<\/a><\/strong>), os dois o consideram um grande amigo. Por\u00e9m, quando&nbsp;<strong>Dot\u00f4 Agripino<\/strong>&nbsp;(<strong><a href=\"https:\/\/cinepop.com.br\/tag\/augusto-madeira\/\">Augusto Madeira<\/a><\/strong>, que participou de \u2018<strong><a href=\"https:\/\/cinepop.com.br\/tag\/turma-da-monica\/\">Turma da M\u00f4nica<\/a>: Li\u00e7\u00f5es<\/strong>\u2019) e seu filho&nbsp;<strong>Genesinho<\/strong>&nbsp;(<strong><a href=\"https:\/\/cinepop.com.br\/tag\/enzo-henrique\/\">Enzo Henrique<\/a><\/strong>) comunicam que querem asfaltar as estradas da Vila Abobrinha e abrir novos caminhos \u2013 e, para isso, precisariam derrubar a goiabeira do&nbsp;<strong>Nh\u00f4 Lau<\/strong>&nbsp;\u2013,&nbsp;<strong>Chico Bento<\/strong>,&nbsp;<strong>Z\u00e9 Lel\u00e9<\/strong>,&nbsp;<strong>Rosinha<\/strong>&nbsp;(<strong><a href=\"https:\/\/cinepop.com.br\/tag\/anna-julia-dias\/\">Anna Julia Dias<\/a><\/strong>) e seus amigos se juntam para defender a \u00e1rvore, afinal,&nbsp;<strong>Chico Bento<\/strong>&nbsp;n\u00e3o consegue imaginar sua vida sem goiabas.<\/p>\n\n\n\n<p>A sequ\u00eancia de abertura \u00e9 a grande aposta do filme, e ele mostra a que veio. Em duas cenas o menino\u00a0<strong><a href=\"https:\/\/cinepop.com.br\/tag\/isaac-amendoim\/\">Isaac Amendoim<\/a><\/strong>\u00a0conquista o p\u00fablico com seu jeitinho muito sincero e muito inteligente de ser. H\u00e1 naturalidade e l\u00f3gica em absolutamente tudo que ele faz e fala, e a graciosidade com que narra o filme simplesmente faz derreter o cora\u00e7\u00e3o do espectador. Em quinze minutos temos todo o hist\u00f3rico do protagonista apresentado de maneira carinhosa e hil\u00e1ria, e toda a sequ\u00eancia do\u00a0<strong>Chico Bento<\/strong>, do\u00a0<strong>Z\u00e9 Lel\u00e9<\/strong>\u00a0e do\u00a0<strong>Nh\u00f4 Lau<\/strong>\u00a0\u00e9 t\u00e3o ador\u00e1vel quanto engra\u00e7ada.<\/p>\n\n\n\n<figure class=\"wp-block-image\"><a href=\"data:image\/svg+xml,%3Csvg%20xmlns=\"><img decoding=\"async\" src=\"https:\/\/cinepop.com.br\/wp-content\/uploads\/2024\/12\/chico-bento-e-a-goiabeira-maraviosa-3.jpg\" alt=\"\" class=\"wp-image-621614\"\/><\/a><\/figure>\n\n\n\n<p>Tamb\u00e9m logo de in\u00edcio nossos olhos mergulham numa Vila Abobrinha envolta numa atmosfera l\u00fadica, embora real. Carregado em cores quentes, a fotografia de&nbsp;<strong><a href=\"https:\/\/cinepop.com.br\/tag\/gustavo-hadba\/\">Gustavo Hadba<\/a><\/strong>&nbsp;uma vez mais (s\u00f3 esse ano ele fotografou \u2018<strong><a href=\"https:\/\/cinepop.com.br\/tag\/grande-sertao\/\">Grande Sert\u00e3o<\/a><\/strong>\u2019 e \u2018<strong><a href=\"https:\/\/cinepop.com.br\/tag\/o-auto-da-compadecida-2\/\">O Auto da Compadecida 2<\/a><\/strong>\u2019, duas belezuras de filmes!) \u00e9 um deleite para o espectador, imprimindo riso ao enquadrar uma semente, uma goiaba ou um rosto de jumento. Atrav\u00e9s de uma ilumina\u00e7\u00e3o constante, o filme ganha atemporalidade atrav\u00e9s da fotografia, e \u00e9 palp\u00e1vel como o menino&nbsp;<strong>Isaac<\/strong>&nbsp;conquistou a c\u00e2mera, porque ambos andam em sincronia o tempo todo.<\/p>\n\n\n\n<p>O elenco, afiado e em sintonia, conseguiu absorver a atmosfera do que seria o viver na ro\u00e7a criado por&nbsp;<strong>Mauricio<\/strong>. Claro que como em todas as hist\u00f3rias da turminha, os adultos ficam em segundo plano, mas&nbsp;<strong>Lobianco<\/strong>&nbsp;d\u00e1 um show sendo driblado pelos meninos, e&nbsp;<strong><a href=\"https:\/\/cinepop.com.br\/tag\/debora-falabella\/\">D\u00e9bora Falabella<\/a><\/strong>&nbsp;como&nbsp;<strong>Professora Marocas<\/strong>&nbsp;\u00e9 uma gra\u00e7a. Temos ainda&nbsp;<strong>Ta\u00eds Ara\u00fajo<\/strong>&nbsp;num papel muito especial e muito emocionante, e \u00e9 palp\u00e1vel o quanto a atriz sentiu o que sua personagem sentiu. Suas cenas comovem e enternecem.<\/p>\n\n\n\n<figure class=\"wp-block-image\"><a href=\"data:image\/svg+xml,%3Csvg%20xmlns=\"><img decoding=\"async\" src=\"https:\/\/cinepop.com.br\/wp-content\/uploads\/2024\/12\/chico-bento-e-a-goiabeira-maraviosa-4.jpg\" alt=\"\" class=\"wp-image-621615\"\/><\/a><\/figure>\n\n\n\n<p>Se tudo isso funciona \u00e9 gra\u00e7as a um roteiro maravi\u00f3so, de&nbsp;<strong><a href=\"https:\/\/cinepop.com.br\/tag\/elena-altherman\/\">Elena Altherman<\/a><\/strong>,&nbsp;<strong><a href=\"https:\/\/cinepop.com.br\/tag\/fernando-fraiha\/\">Fernando Fraiha<\/a><\/strong>&nbsp;e&nbsp;<strong><a href=\"https:\/\/cinepop.com.br\/tag\/raul-chequer\/\">Raul Chequer<\/a><\/strong>&nbsp;(do \u2018<strong><a href=\"https:\/\/cinepop.com.br\/tag\/choque-de-cultura\/\">Choque de Cultura<\/a><\/strong>\u2019), que conseguiu transpor para a telona toda a ambienta\u00e7\u00e3o das travessuras da meninada, da sabedoria infantil, em conson\u00e2ncia com a urg\u00eancia da realidade, bebendo na fonte das pautas ambientais e ind\u00edgenas para conversar com a molecada sobre a import\u00e2ncia do meio-ambiente. N\u00e3o tinha como ser diferente esse filme. A forma como eles constroem o arco narrativo para que essa mensagem seja passada \u00e9 t\u00e3o linda, t\u00e3o bem-feita, que d\u00e1 um orgulho danado.<\/p>\n\n\n\n<p>No comando de \u2018<strong><a href=\"https:\/\/cinepop.com.br\/tag\/chico-bento-e-a-goiabeira-maraviosa\/\">Chico Bento e a Goiabeira Maravi\u00f3sa<\/a><\/strong>\u2019, o \u00f3timo diretor&nbsp;<strong><a href=\"https:\/\/cinepop.com.br\/tag\/fernando-fraiha\/\">Fernando Fraiha<\/a><\/strong>&nbsp;(que j\u00e1 tinha deslumbrado a gente com \u2018<strong>Bem-vinda, Violeta<\/strong>\u2019) mostra todo o seu dom\u00ednio de set e entrega ao p\u00fablico um filme leve, emocionante, divertid\u00edssimo e \u00fanico. Para os curiosos de plant\u00e3o, sim, temos duas participa\u00e7\u00f5es muit\u00edssimos especiais no filme: a de um personagem de outro universo e tamb\u00e9m do pr\u00f3prio criador,&nbsp;<strong><a href=\"https:\/\/cinepop.com.br\/tag\/mauricio-de-sousa\/\">Mauricio de Sousa<\/a><\/strong>, numa cena de ternura. Entretanto, n\u00e3o temos p\u00f3s-cr\u00e9ditos.<\/p>\n\n\n\n<p><strong><a href=\"https:\/\/cinepop.com.br\/tag\/isaac-amendoim\/\">Isaac Amendoim<\/a><\/strong>&nbsp;nasceu para ser&nbsp;<strong>Chico Bento<\/strong>, e ainda bem que&nbsp;<strong><a href=\"https:\/\/cinepop.com.br\/tag\/fernando-fraiha\/\">Fernando Fraiha<\/a><\/strong>&nbsp;o encontrou e o trouxe para a gente. \u2018<strong><a href=\"https:\/\/cinepop.com.br\/tag\/chico-bento-e-a-goiabeira-maraviosa\/\">Chico Bento e a Goiabeira Maravi\u00f3sa<\/a><\/strong>\u2019 \u00e9 o filme das f\u00e9rias de ver\u00e3o e j\u00e1 \u00e9 sem d\u00favidas um dos melhores filmes de&nbsp;<a href=\"https:\/\/cinepop.com.br\/tag\/2025\/\">2025<\/a>. Para ver e rever nos cinemas com amigos, com a fam\u00edlia e at\u00e9 mesmo com o&nbsp;<strong>Nh\u00f4 Lau<\/strong>. Imperd\u00edvel!<\/p>\n\n\n\n<figure class=\"wp-block-image\"><a href=\"data:image\/svg+xml,%3Csvg%20xmlns=\"><img decoding=\"async\" src=\"https:\/\/cinepop.com.br\/wp-content\/uploads\/2024\/12\/chico-bento-e-a-goiabeira-maraviosa-1.jpg\" alt=\"\" class=\"wp-image-621617\"\/><\/a><\/figure>\n\n\n\n<p>Fonte CinePop<\/p>\n","protected":false},"excerpt":{"rendered":"<p>Centenas de milhares de brasileiros cresceram lendo os quadrinhos da\u00a0Turma da M\u00f4nica\u00a0e dos outros universos criados por\u00a0Mauricio de Sousa. O primeiro filme da turminha estrou em 2019 e foi um enorme sucesso; agora, abrindo a temporada\u00a02025\u00a0com alto n\u00edvel, j\u00e1 est\u00e1 em exibi\u00e7\u00e3o nos cinemas do Brasil o filme \u2018Chico Bento e a Goiabeira Maravi\u00f3sa\u2019. Desde [&hellip;]<\/p>\n","protected":false},"author":8,"featured_media":25384,"comment_status":"closed","ping_status":"open","sticky":false,"template":"","format":"standard","meta":{"rop_custom_images_group":[],"rop_custom_messages_group":[],"rop_publish_now":"initial","rop_publish_now_accounts":[],"rop_publish_now_history":[],"rop_publish_now_status":"pending","footnotes":""},"categories":[16],"tags":[],"class_list":["post-25383","post","type-post","status-publish","format-standard","has-post-thumbnail","hentry","category-entertainment"],"amp_enabled":true,"_links":{"self":[{"href":"https:\/\/imais.online\/portal\/wp-json\/wp\/v2\/posts\/25383","targetHints":{"allow":["GET"]}}],"collection":[{"href":"https:\/\/imais.online\/portal\/wp-json\/wp\/v2\/posts"}],"about":[{"href":"https:\/\/imais.online\/portal\/wp-json\/wp\/v2\/types\/post"}],"author":[{"embeddable":true,"href":"https:\/\/imais.online\/portal\/wp-json\/wp\/v2\/users\/8"}],"replies":[{"embeddable":true,"href":"https:\/\/imais.online\/portal\/wp-json\/wp\/v2\/comments?post=25383"}],"version-history":[{"count":1,"href":"https:\/\/imais.online\/portal\/wp-json\/wp\/v2\/posts\/25383\/revisions"}],"predecessor-version":[{"id":25385,"href":"https:\/\/imais.online\/portal\/wp-json\/wp\/v2\/posts\/25383\/revisions\/25385"}],"wp:featuredmedia":[{"embeddable":true,"href":"https:\/\/imais.online\/portal\/wp-json\/wp\/v2\/media\/25384"}],"wp:attachment":[{"href":"https:\/\/imais.online\/portal\/wp-json\/wp\/v2\/media?parent=25383"}],"wp:term":[{"taxonomy":"category","embeddable":true,"href":"https:\/\/imais.online\/portal\/wp-json\/wp\/v2\/categories?post=25383"},{"taxonomy":"post_tag","embeddable":true,"href":"https:\/\/imais.online\/portal\/wp-json\/wp\/v2\/tags?post=25383"}],"curies":[{"name":"wp","href":"https:\/\/api.w.org\/{rel}","templated":true}]}}