{"id":25460,"date":"2025-01-19T15:43:06","date_gmt":"2025-01-19T18:43:06","guid":{"rendered":"https:\/\/imais.online\/portal\/?p=25460"},"modified":"2025-01-19T15:43:07","modified_gmt":"2025-01-19T18:43:07","slug":"5-curiosidades-sobre-o-figurino-de-maria-cinebiografia-estrelada-por-angelina-jolie","status":"publish","type":"post","link":"https:\/\/imais.online\/portal\/5-curiosidades-sobre-o-figurino-de-maria-cinebiografia-estrelada-por-angelina-jolie\/","title":{"rendered":"5 curiosidades sobre o figurino de &#8216;Maria&#8217;, cinebiografia estrelada por Angelina Jolie"},"content":{"rendered":"<div class=\"imais-before-content-placement\" id=\"imais-3135371947\"><script async src=\"\/\/pagead2.googlesyndication.com\/pagead\/js\/adsbygoogle.js?client=ca-pub-8787528412751566\" crossorigin=\"anonymous\"><\/script><ins class=\"adsbygoogle\" style=\"display:block;\" data-ad-client=\"ca-pub-8787528412751566\" \ndata-ad-slot=\"\" \ndata-ad-format=\"auto\"><\/ins>\n<script> \n(adsbygoogle = window.adsbygoogle || []).push({}); \n<\/script>\n<\/div>\n<h2 class=\"wp-block-heading\">Longa que remonta os \u00faltimos dias da lend\u00e1ria soprano greco-americana estreia nos cinemas brasileiros nesta quinta-feira (16), e apresenta uma \u00f3pera de figurinos e joias exuberantes<\/h2>\n\n\n\n<p>Mais um filme que est\u00e1 agitando a temporada de premia\u00e7\u00f5es internacionais chega aos cinemas brasileiros. &#8220;Maria&#8221;, longa que remonta os dias finais de Maria Callas, lend\u00e1ria soprano greco-americana que atingiu fama mundial \u00e9 estrelado por&nbsp;<a class=\"\" href=\"https:\/\/vogue.globo.com\/moda\/tapete-vermelho\/noticia\/2025\/01\/globo-de-ouro-2025-angelina-jolie-surge-no-tapete-vermelho-ao-lado-da-filha-zahara.ghtml\">Angelina Jolie<\/a>, e dirigido por Pablo Larra\u00edn.<\/p>\n\n\n\n<p>O filme \u00e9 o \u00faltimo da trilogia de Pablo que conta a hist\u00f3ria de mulheres ic\u00f4nicas (<a class=\"\" href=\"https:\/\/vogue.globo.com\/cultura\/noticia\/2015\/08\/triangulo-amoroso-vivido-por-jackie-kennedy-e-aristoteles-onassis-vira-livro.ghtml\">Jackie Onassis Kennedy<\/a>, no longa &#8220;Jackie&#8221;, interpretado por\u00a0<a class=\"\" href=\"https:\/\/vogue.globo.com\/moda\/noticia\/2024\/09\/desfile-na-pfw-reune-fila-a-estrelada-com-jennifer-garner-anya-taylor-joy-e-natalie-portman.ghtml\">Natalie Portman<\/a>, e a\u00a0<a class=\"\" href=\"https:\/\/vogue.globo.com\/atualidades\/noticia\/2024\/11\/ex-motorista-da-princesa-diana-revela-como-acusacoes-falsas-destruiram-sua-carreira.ghtml\">Princesa Diana<\/a>, em &#8220;Spencer&#8221;, vivida por\u00a0<a class=\"\" href=\"https:\/\/vogue.globo.com\/cultura\/noticia\/2024\/08\/dia-nacional-da-visibilidade-lesbica-11-filmes-sobre-amor-entre-mulheres.ghtml\">Kristen Stewart<\/a>\u00a0s\u00e3o os outros). Em &#8220;Maria&#8221;, Larra\u00edn foi novamente meticuloso ao remontar a hist\u00f3ria, em especial quando o assunto s\u00e3o as roupas e joias luxuosas de Callas, estas que ajudaram a criar a reputa\u00e7\u00e3o de uma das cantoras mais conhecidas do mundo. Abaixo, confira 5 curiosidades sobre a cria\u00e7\u00e3o do figurino do filme.<\/p>\n\n\n\n<h2 class=\"wp-block-heading\">1. O maestro do figurino<\/h2>\n\n\n\n<p>O figurinista escolhido para o longa, o italiano&nbsp;<strong>Massimo Cantini Parrini<\/strong>&nbsp;possui um dos maiores e mais impressionantes acervos de toda a Europa, com cerca de 5 mil pe\u00e7as (sem contar os acess\u00f3rios), os quais ele coleciona desde os 13 anos de idade. A sua liga\u00e7\u00e3o pessoal com os itens fez com que o profissional tivesse um olhar apurado para trabalhar com pe\u00e7as luxuosas de arquivo, algo indispens\u00e1vel para contar a hist\u00f3ria de Maria Callas.<\/p>\n\n\n\n<figure class=\"wp-block-image\"><img decoding=\"async\" src=\"https:\/\/s2-vogue.glbimg.com\/VnKopZSNPXqkpXNq0gqI5xLZdd0=\/0x0:1600x2263\/984x0\/smart\/filters:strip_icc()\/i.s3.glbimg.com\/v1\/AUTH_5dfbcf92c1a84b20a5da5024d398ff2f\/internal_photos\/bs\/2025\/8\/x\/Ns4EiuQIAqWSOoK2PMDg\/maria-callas-costumi-film-6-.webp\" alt=\"Roup\u00e3o em l\u00e3 que Cantini Parrini desenhou para o ambiente dom\u00e9stico, uma esp\u00e9cie de \u201carmadura\u201d que a protege do mundo exterior. \u2014 Foto: Cortesia de Massimo Cantini Parrini\"\/><figcaption class=\"wp-element-caption\">Roup\u00e3o em l\u00e3 que Cantini Parrini desenhou para o ambiente dom\u00e9stico, uma esp\u00e9cie de \u201carmadura\u201d que a protege do mundo exterior. \u2014 Foto: Cortesia de Massimo Cantini Parrini<\/figcaption><\/figure>\n\n\n\n<figure class=\"wp-block-image is-resized\"><img decoding=\"async\" src=\"https:\/\/s2-vogue.glbimg.com\/FSLS_4dw6FDwTsogWiYub0jMAlg=\/0x0:1600x865\/984x0\/smart\/filters:strip_icc()\/i.s3.glbimg.com\/v1\/AUTH_5dfbcf92c1a84b20a5da5024d398ff2f\/internal_photos\/bs\/2025\/e\/4\/v0fnVQRG2Xf8bdAr3dfA\/maria-u-00-44-46-11-r6.webp\" alt=\"Angelina Jolie como Maria Callas em &quot;Maria&quot; \u2014 Foto: Divulga\u00e7\u00e3o\/Pablo Larra\u00edn\/Netflix\" style=\"aspect-ratio:1.849624060150376;width:740px;height:auto\"\/><figcaption class=\"wp-element-caption\">Angelina Jolie como Maria Callas em &#8220;Maria&#8221; \u2014 Foto: Divulga\u00e7\u00e3o\/Pablo Larra\u00edn\/Netflix<br><\/figcaption><\/figure>\n\n\n\n<h2 class=\"wp-block-heading\">2. O &#8220;\u00faltimo estilista&#8221; de Maria Callas<\/h2>\n\n\n\n<p>O profissional e sua equipe tiveram como desafio imaginar o que a cantora usou nos dias que antecederam sua morte repentina aos 53 anos, um per\u00edodo o qual, nas palavras de Massimo, ela quis \u201cser invis\u00edvel\u201d. \u201cExistem muitas fotos de Callas, mas muito poucas de seus \u00faltimos dias. Encontramos uma, onde ela est\u00e1 vestindo um casaco de pele e cobrindo o rosto de um paparazzi, que se tornou a nossa refer\u00eancia\u201d, contou \u00e0 Vogue It\u00e1lia.<\/p>\n\n\n\n<figure class=\"wp-block-image\"><img decoding=\"async\" src=\"https:\/\/s2-vogue.glbimg.com\/L5J9R7v25tk8gQhxCuAP4h87Yuw=\/0x0:1600x2263\/984x0\/smart\/filters:strip_icc()\/i.s3.glbimg.com\/v1\/AUTH_5dfbcf92c1a84b20a5da5024d398ff2f\/internal_photos\/bs\/2025\/r\/d\/ZFOFAtQBabGyVv2Oy7fw\/maria-callas-costumi-film-4-.webp\" alt=\"Seu &quot;\u00faltimo casaco de pele&quot;, em 1977: Este casaco de pele foi recriado com peles vintage baseado no modelo real usado por Callas em suas \u00faltimas fotos de 1977, ela est\u00e1 usando o famoso &quot;chap\u00e9u espanhol&quot; preto que ela tanto amava. \u2014 Foto: Cortesia de Massimo Cantini Parrini\"\/><figcaption class=\"wp-element-caption\">Seu &#8220;\u00faltimo casaco de pele&#8221;, em 1977: Este casaco de pele foi recriado com peles vintage baseado no modelo real usado por Callas em suas \u00faltimas fotos de 1977, ela est\u00e1 usando o famoso &#8220;chap\u00e9u espanhol&#8221; preto que ela tanto amava. \u2014 Foto: Cortesia de Massimo Cantini Parrini<\/figcaption><\/figure>\n\n\n\n<figure class=\"wp-block-image\"><img decoding=\"async\" src=\"https:\/\/s2-vogue.glbimg.com\/jH7c96syAyKt04qqHRNCWm4Wwu0=\/0x0:1600x1067\/984x0\/smart\/filters:strip_icc()\/i.s3.glbimg.com\/v1\/AUTH_5dfbcf92c1a84b20a5da5024d398ff2f\/internal_photos\/bs\/2025\/9\/A\/Px8qRaTEmibDNpZfledw\/maria-l1090138-r.webp\" alt=\"Angelina Jolie como Maria Callas em &quot;Maria&quot; \u2014 Foto: Divulga\u00e7\u00e3o\/Pablo Larra\u00edn\/Netflix\"\/><figcaption class=\"wp-element-caption\">Angelina Jolie como Maria Callas em &#8220;Maria&#8221; \u2014 Foto: Divulga\u00e7\u00e3o\/Pablo Larra\u00edn\/Netflix<\/figcaption><\/figure>\n\n\n\n<h2 class=\"wp-block-heading\">3. Reinterpreta\u00e7\u00f5es luxuosas<\/h2>\n\n\n\n<p>Mais de 200 croquis e 60 trajes foram desenvolvidos para Jolie, incluindo algumas recria\u00e7\u00f5es meticulosas, como o vestido que ela usou no anivers\u00e1rio de&nbsp;<a class=\"\" href=\"https:\/\/vogue.globo.com\/noiva\/noticia\/2024\/08\/giulia-fica-noiva-de-conor-kennedy-em-los-angeles.ghtml\">John F. Kennedy<\/a>&nbsp;e o traje que vestiu ao retornar a<a class=\"\" href=\"https:\/\/vogue.globo.com\/cultura\/arte\/noticia\/2025\/01\/5-exposicoes-de-moda-para-visitar-em-londres-em-2025.ghtml\">&nbsp;Londres<\/a>&nbsp;em 1973. A cantora era pr\u00f3xima de grandes estilistas de sua \u00e9poca, como&nbsp;<a class=\"\" href=\"https:\/\/vogue.globo.com\/desfiles\/noticia\/2024\/09\/christian-dior-or-paris-or-verao-2025.ghtml\">Christian Dior&nbsp;<\/a>e&nbsp;<a class=\"\" href=\"https:\/\/vogue.globo.com\/cultura\/arte\/noticia\/2024\/09\/exposicao-as-flores-de-yves-saint-laurent-abre-em-paris.ghtml\">Yves Saint Laurent<\/a>, no entanto, com a dificuldade de acesso \u00e0s pe\u00e7as originais, a equipe de figurino se dedicou a honrar seus trajes da forma mais perfeccionista poss\u00edvel.<\/p>\n\n\n\n<figure class=\"wp-block-image\"><img decoding=\"async\" src=\"https:\/\/s2-vogue.glbimg.com\/bEHgZyqwDEvGT1daMd8OnmVquIA=\/0x0:1600x2263\/984x0\/smart\/filters:strip_icc()\/i.s3.glbimg.com\/v1\/AUTH_5dfbcf92c1a84b20a5da5024d398ff2f\/internal_photos\/bs\/2025\/y\/v\/qUImsGSWm9oeJfbemksw\/maria-callas-costumi-film-5-.webp\" alt=\"Vestido para a apresenta\u00e7\u00e3o em Londres de 1973: este maravilhoso vestido em shantung de seda marfim e capa de chiffon azul meia-noite \u00e9 um dos vestidos ic\u00f4nicos usados \u200b\u200bpor Callas para o concerto de 1973, certamente feito por Biki, uma costureira milanesa muito famosa que Callas adorava e que ela mudou seu estilo ao chegar \u00e0 It\u00e1lia, fazendo centenas de cria\u00e7\u00f5es para ela. \u2014 Foto: Cortesia de Massimo Cantini Parrini\"\/><figcaption class=\"wp-element-caption\">Vestido para a apresenta\u00e7\u00e3o em Londres de 1973: este maravilhoso vestido em shantung de seda marfim e capa de chiffon azul meia-noite \u00e9 um dos vestidos ic\u00f4nicos usados \u200b\u200bpor Callas para o concerto de 1973, certamente feito por Biki, uma costureira milanesa muito famosa que Callas adorava e que ela mudou seu estilo ao chegar \u00e0 It\u00e1lia, fazendo centenas de cria\u00e7\u00f5es para ela. \u2014 Foto: Cortesia de Massimo Cantini Parrini<\/figcaption><\/figure>\n\n\n\n<figure class=\"wp-block-image\"><img decoding=\"async\" src=\"https:\/\/s2-vogue.glbimg.com\/0WbuyHL3QzF04IUACnqnFwU7beg=\/0x0:1600x1068\/984x0\/smart\/filters:strip_icc()\/i.s3.glbimg.com\/v1\/AUTH_5dfbcf92c1a84b20a5da5024d398ff2f\/internal_photos\/bs\/2025\/W\/A\/2E7eqISWyOBHQLX5DD8w\/angelina-jolie-in-maria-3-photo-credit-pablo-larrain.webp\" alt=\"Angelina Jolie como Maria Callas em &quot;Maria&quot; \u2014 Foto: Divulga\u00e7\u00e3o\/Pablo Larra\u00edn\/Netflix\"\/><figcaption class=\"wp-element-caption\">Angelina Jolie como Maria Callas em &#8220;Maria&#8221; \u2014 Foto: Divulga\u00e7\u00e3o\/Pablo Larra\u00edn\/Netflix<\/figcaption><\/figure>\n\n\n\n<h2 class=\"wp-block-heading\">4. Joias para uma rainha<\/h2>\n\n\n\n<figure class=\"wp-block-image\"><img decoding=\"async\" src=\"https:\/\/s2-vogue.glbimg.com\/w6nBOnZz5fls9D5SWAYvYRyz_8g=\/0x0:980x1371\/984x0\/smart\/filters:strip_icc()\/i.s3.glbimg.com\/v1\/AUTH_5dfbcf92c1a84b20a5da5024d398ff2f\/internal_photos\/bs\/2025\/k\/e\/7G1XoCSSW2pByMYVv6Bg\/84-c-fonds-de-dotation-maria-callas-all-rights-reserved-1497283448.avif\" alt=\"Maria Callas escolhendo joias da Cartier em Mil\u00e3o, 1957 \u2014 Foto: Cortesia Fonds de Dotation Maria Callas\"\/><figcaption class=\"wp-element-caption\">Maria Callas escolhendo joias da Cartier em Mil\u00e3o, 1957 \u2014 Foto: Cortesia Fonds de Dotation Maria Callas<\/figcaption><\/figure>\n\n\n\n<figure class=\"wp-block-image\"><img decoding=\"async\" src=\"https:\/\/s2-vogue.glbimg.com\/_bnM8r0fVlfjSBg6aje3Q2tQPg8=\/0x0:1600x1200\/984x0\/smart\/filters:strip_icc()\/i.s3.glbimg.com\/v1\/AUTH_5dfbcf92c1a84b20a5da5024d398ff2f\/internal_photos\/bs\/2025\/r\/j\/Tgv5JpQvy1WNwMVEsmuw\/maria-callas-costumi-film.webp\" alt=\"Angelina Jolie como Maria Callas em &quot;Maria&quot; \u2014 Foto: Divulga\u00e7\u00e3o\/Pablo Larra\u00edn\/Netflix\"\/><figcaption class=\"wp-element-caption\">Angelina Jolie como Maria Callas em &#8220;Maria&#8221; \u2014 Foto: Divulga\u00e7\u00e3o\/Pablo Larra\u00edn\/Netflix<\/figcaption><\/figure>\n\n\n\n<p>Al\u00e9m das roupas, o figurinista n\u00e3o poderia deixar de criar r\u00e9plicas de uma das maiores paix\u00f5es da vida de Maria: sua extensa cole\u00e7\u00e3o de j\u00f3ias que incluia pe\u00e7as da&nbsp;<a class=\"\" href=\"https:\/\/vogue.globo.com\/lifestyle\/cultura\/noticia\/2019\/12\/time-nature-love-exposicao-reune-400-pecas-da-van-cleef-arpels-em-milao.html\">Van Cleef &amp; Arpels<\/a>&nbsp;e&nbsp;<a class=\"\" href=\"https:\/\/vogue.globo.com\/marcas-parceiras\/noticia\/2024\/11\/joias-e-relogios-eternos-4-presentes-infaliveis-para-o-fim-de-ano.ghtml\">Cartier<\/a>. Entre as recria\u00e7\u00f5es preciosas, h\u00e1 um colar de platina que foi presente de seu primeiro marido, o industrialista Giovanni Battista Meneghini (que foi vendido por 280 mil d\u00f3lares em 2004) e um colar de ouro com berloques que Callas guardou e usou durante toda a sua vida.<\/p>\n\n\n\n<h2 class=\"wp-block-heading\">5. Do palco \u00e0 vida real<\/h2>\n\n\n\n<p>Para honrar ainda mais o amor de Callas por joias, Angelina Jolie usou na premi\u00e8re do filme em Veneza duas das pe\u00e7as mais famosas da cole\u00e7\u00e3o pessoal da cantora, que tamb\u00e9m foram usadas nas filmagens do longa. O broche Panth\u00e8re, da Cartier, feito em 1971, que consiste em uma pantera de ouro, com esmeralda no lugar dos olhos, colocada sobre uma pedra preciosa de calced\u00f4nia branca esculpida e o broche de flores &#8220;rose ouvrante&#8221; de 1972, com diamantes, esmeraldas, safiras e rubis, que conta com um mecanismo especial que permite que as p\u00e9talas sejam abertas e fechadas.<\/p>\n\n\n\n<figure class=\"wp-block-image\"><img decoding=\"async\" src=\"https:\/\/s2-vogue.glbimg.com\/iD7_7Fb7qXDCrtINawxYUBTlWrA=\/0x0:5000x3653\/984x0\/smart\/filters:strip_icc()\/i.s3.glbimg.com\/v1\/AUTH_5dfbcf92c1a84b20a5da5024d398ff2f\/internal_photos\/bs\/2024\/G\/W\/Lri2i2S16KOBeulvs6VA\/gettyimages-2169255112.jpg\" alt=\"Angelina Jolie com o broche Panth\u00e8re, da Cartier \u2014 Foto: Getty Images\"\/><figcaption class=\"wp-element-caption\">Angelina Jolie com o broche Panth\u00e8re, da Cartier \u2014 Foto: Getty Images<\/figcaption><\/figure>\n\n\n\n<p>\u201cTamb\u00e9m fiquei encantada com a forma como ele se transformou de uma flor que ent\u00e3o floresce\u201d, conta Angelina sobre a joia. \u201cGosto de pensar que isso a fazia sorrir, esse pequeno segredo da pe\u00e7a.\u201d<\/p>\n\n\n\n<figure class=\"wp-block-image\"><img decoding=\"async\" src=\"https:\/\/s2-vogue.glbimg.com\/hqum2gGB156KUJZVJOujPmP39L4=\/0x0:3086x4056\/984x0\/smart\/filters:strip_icc()\/i.s3.glbimg.com\/v1\/AUTH_5dfbcf92c1a84b20a5da5024d398ff2f\/internal_photos\/bs\/2025\/3\/Z\/RBOejURWCPpGBZsAf3aw\/gettyimages-2168336121.jpg\" alt=\"Angelina Jolie na estreia de &quot;Maria&quot; em Veneza \u2014 Foto: Getty Images\"\/><figcaption class=\"wp-element-caption\">Angelina Jolie na estreia de &#8220;Maria&#8221; em Veneza \u2014 Foto: Getty Images<\/figcaption><\/figure>\n\n\n\n<p>Fonte Vogue<\/p>\n","protected":false},"excerpt":{"rendered":"<p>Longa que remonta os \u00faltimos dias da lend\u00e1ria soprano greco-americana estreia nos cinemas brasileiros nesta quinta-feira (16), e apresenta uma \u00f3pera de figurinos e joias exuberantes Mais um filme que est\u00e1 agitando a temporada de premia\u00e7\u00f5es internacionais chega aos cinemas brasileiros. &#8220;Maria&#8221;, longa que remonta os dias finais de Maria Callas, lend\u00e1ria soprano greco-americana que [&hellip;]<\/p>\n","protected":false},"author":8,"featured_media":25461,"comment_status":"closed","ping_status":"open","sticky":false,"template":"","format":"standard","meta":{"rop_custom_images_group":[],"rop_custom_messages_group":[],"rop_publish_now":"initial","rop_publish_now_accounts":[],"rop_publish_now_history":[],"rop_publish_now_status":"pending","footnotes":""},"categories":[16],"tags":[73],"class_list":["post-25460","post","type-post","status-publish","format-standard","has-post-thumbnail","hentry","category-entertainment","tag-featured"],"amp_enabled":true,"_links":{"self":[{"href":"https:\/\/imais.online\/portal\/wp-json\/wp\/v2\/posts\/25460","targetHints":{"allow":["GET"]}}],"collection":[{"href":"https:\/\/imais.online\/portal\/wp-json\/wp\/v2\/posts"}],"about":[{"href":"https:\/\/imais.online\/portal\/wp-json\/wp\/v2\/types\/post"}],"author":[{"embeddable":true,"href":"https:\/\/imais.online\/portal\/wp-json\/wp\/v2\/users\/8"}],"replies":[{"embeddable":true,"href":"https:\/\/imais.online\/portal\/wp-json\/wp\/v2\/comments?post=25460"}],"version-history":[{"count":1,"href":"https:\/\/imais.online\/portal\/wp-json\/wp\/v2\/posts\/25460\/revisions"}],"predecessor-version":[{"id":25462,"href":"https:\/\/imais.online\/portal\/wp-json\/wp\/v2\/posts\/25460\/revisions\/25462"}],"wp:featuredmedia":[{"embeddable":true,"href":"https:\/\/imais.online\/portal\/wp-json\/wp\/v2\/media\/25461"}],"wp:attachment":[{"href":"https:\/\/imais.online\/portal\/wp-json\/wp\/v2\/media?parent=25460"}],"wp:term":[{"taxonomy":"category","embeddable":true,"href":"https:\/\/imais.online\/portal\/wp-json\/wp\/v2\/categories?post=25460"},{"taxonomy":"post_tag","embeddable":true,"href":"https:\/\/imais.online\/portal\/wp-json\/wp\/v2\/tags?post=25460"}],"curies":[{"name":"wp","href":"https:\/\/api.w.org\/{rel}","templated":true}]}}