{"id":25499,"date":"2025-01-23T10:03:42","date_gmt":"2025-01-23T13:03:42","guid":{"rendered":"https:\/\/imais.online\/portal\/?p=25499"},"modified":"2025-01-23T10:03:42","modified_gmt":"2025-01-23T13:03:42","slug":"indicacoes-ao-oscar-2025-serao-anunciadas-hoje-saiba-como-assistir","status":"publish","type":"post","link":"https:\/\/imais.online\/portal\/indicacoes-ao-oscar-2025-serao-anunciadas-hoje-saiba-como-assistir\/","title":{"rendered":"Indica\u00e7\u00f5es ao Oscar 2025 ser\u00e3o anunciadas hoje; saiba como assistir"},"content":{"rendered":"<div class=\"imais-before-content-placement\" id=\"imais-1448102327\"><script async src=\"\/\/pagead2.googlesyndication.com\/pagead\/js\/adsbygoogle.js?client=ca-pub-8787528412751566\" crossorigin=\"anonymous\"><\/script><ins class=\"adsbygoogle\" style=\"display:block;\" data-ad-client=\"ca-pub-8787528412751566\" \ndata-ad-slot=\"\" \ndata-ad-format=\"auto\"><\/ins>\n<script> \n(adsbygoogle = window.adsbygoogle || []).push({}); \n<\/script>\n<\/div>\n<h2 class=\"wp-block-heading\">Inc\u00eandios na Calif\u00f3rnia adiaram o an\u00fancio oficial; premia\u00e7\u00e3o segue marcada para mar\u00e7o no Dolby Theatre<\/h2>\n\n\n\n<p>Com a possibilidade de indica\u00e7\u00f5es para\u00a0<a class=\"\" href=\"https:\/\/oglobo.globo.com\/tudo-sobre\/personalidade\/fernanda-torres\">Fernanda Torres<\/a>\u00a0e &#8220;<a class=\"\" href=\"https:\/\/oglobo.globo.com\/tudo-sobre\/filme\/ainda-estou-aqui\/\">Ainda estou aqui<\/a>&#8220;, os brasileiros est\u00e3o ainda mais interessados no\u00a0<a class=\"\" href=\"https:\/\/oglobo.globo.com\/tudo-sobre\/premiacao\/oscar\/\">Oscar<\/a>\u00a02025. A partir das 10h30 (hor\u00e1rio de Bras\u00edlia) desta quinta-feira (23), a Academia de Artes e Ci\u00eancias Cinematogr\u00e1ficas de Hollywood anuncia os indicados \u00e0 97\u00aa edi\u00e7\u00e3o da premia\u00e7\u00e3o. O evento, que deveria ter ocorrido no in\u00edcio do m\u00eas, foi adiado devido aos inc\u00eandios que atingiram o sul da Calif\u00f3rnia.<\/p>\n\n\n\n<p><strong>Calend\u00e1rio alterado por inc\u00eandios<\/strong><\/p>\n\n\n\n<p>Este ano, a vota\u00e7\u00e3o foi impactada pelos devastadores inc\u00eandios na Calif\u00f3rnia, o que levou a Academia de Artes e Ci\u00eancias Cinematogr\u00e1ficas a estender o prazo para envio dos votos at\u00e9 17 de janeiro.<\/p>\n\n\n\n<p>Em um comunicado, o CEO Bill Kramer e a presidente Janet Yang destacaram o compromisso da institui\u00e7\u00e3o com a comunidade cinematogr\u00e1fica durante este momento dif\u00edcil: \u201cEstamos ansiosos para homenagear nossos trabalhadores da linha de frente que ajudaram com os inc\u00eandios, reconhecendo os afetados e incentivando as pessoas a se juntarem \u00e0 Academia para apoiar os esfor\u00e7os de socorro\u201d.<\/p>\n\n\n\n<p>Os inc\u00eandios na Calif\u00f3rnia tamb\u00e9m impactaram o cronograma de eventos do Oscar 2025. O tradicional almo\u00e7o dos indicados, que seria realizado em 10 de fevereiro, foi cancelado, assim como a cerim\u00f4nia de premia\u00e7\u00e3o t\u00e9cnica e cient\u00edfica, que foi adiada para uma data ainda n\u00e3o definida.<\/p>\n\n\n\n<p>No entanto, a entrega dos pr\u00eamios segue confirmada para 2 de mar\u00e7o, no Dolby Theatre, em Hollywood.<\/p>\n\n\n\n<p><strong>Como assistir ao an\u00fancio dos indicados ao Oscar 2025<\/strong><\/p>\n\n\n\n<p>Para os f\u00e3s que n\u00e3o querem perder nenhum detalhe, a<a class=\"\" href=\"https:\/\/www.youtube.com\/live\/IrOp4ojthKM\" target=\"_blank\" rel=\"noreferrer noopener\">&nbsp;Academia transmitir\u00e1 o an\u00fancio ao vivo pelo seu canal no YouTube<\/a>. Rachel Sennott e Bowen Yang ser\u00e3o os anfitri\u00f5es da cerim\u00f4nia, realizada diretamente do Samuel Goldwyn Theatre, em Beverly Hills.<\/p>\n\n\n\n<p>No Brasil, os canais TNT e Max tamb\u00e9m exibir\u00e3o o evento ao vivo em uma live especial. Valentina Pulgar\u00edn estar\u00e1 \u00e0 frente das an\u00e1lises e curiosidades sobre os indicados. As transmiss\u00f5es poder\u00e3o ser acompanhadas no\u00a0<a class=\"\" rel=\"noreferrer noopener\" href=\"https:\/\/www.youtube.com\/watch?v=6b_ZPjn5ypg\" target=\"_blank\">YouTube da TNT Brasil\u00a0<\/a>e no\u00a0<a class=\"\" rel=\"noreferrer noopener\" href=\"https:\/\/www.tiktok.com\/@StreamMaxBR\" target=\"_blank\">TikTok da Max Brasil<\/a>.<\/p>\n\n\n\n<p>Fonte O Globo<\/p>\n","protected":false},"excerpt":{"rendered":"<p>Inc\u00eandios na Calif\u00f3rnia adiaram o an\u00fancio oficial; premia\u00e7\u00e3o segue marcada para mar\u00e7o no Dolby Theatre Com a possibilidade de indica\u00e7\u00f5es para\u00a0Fernanda Torres\u00a0e &#8220;Ainda estou aqui&#8220;, os brasileiros est\u00e3o ainda mais interessados no\u00a0Oscar\u00a02025. A partir das 10h30 (hor\u00e1rio de Bras\u00edlia) desta quinta-feira (23), a Academia de Artes e Ci\u00eancias Cinematogr\u00e1ficas de Hollywood anuncia os indicados \u00e0 [&hellip;]<\/p>\n","protected":false},"author":8,"featured_media":25500,"comment_status":"closed","ping_status":"open","sticky":false,"template":"","format":"standard","meta":{"rop_custom_images_group":[],"rop_custom_messages_group":[],"rop_publish_now":"initial","rop_publish_now_accounts":[],"rop_publish_now_history":[],"rop_publish_now_status":"pending","footnotes":""},"categories":[16],"tags":[],"class_list":["post-25499","post","type-post","status-publish","format-standard","has-post-thumbnail","hentry","category-entertainment"],"amp_enabled":true,"_links":{"self":[{"href":"https:\/\/imais.online\/portal\/wp-json\/wp\/v2\/posts\/25499","targetHints":{"allow":["GET"]}}],"collection":[{"href":"https:\/\/imais.online\/portal\/wp-json\/wp\/v2\/posts"}],"about":[{"href":"https:\/\/imais.online\/portal\/wp-json\/wp\/v2\/types\/post"}],"author":[{"embeddable":true,"href":"https:\/\/imais.online\/portal\/wp-json\/wp\/v2\/users\/8"}],"replies":[{"embeddable":true,"href":"https:\/\/imais.online\/portal\/wp-json\/wp\/v2\/comments?post=25499"}],"version-history":[{"count":1,"href":"https:\/\/imais.online\/portal\/wp-json\/wp\/v2\/posts\/25499\/revisions"}],"predecessor-version":[{"id":25501,"href":"https:\/\/imais.online\/portal\/wp-json\/wp\/v2\/posts\/25499\/revisions\/25501"}],"wp:featuredmedia":[{"embeddable":true,"href":"https:\/\/imais.online\/portal\/wp-json\/wp\/v2\/media\/25500"}],"wp:attachment":[{"href":"https:\/\/imais.online\/portal\/wp-json\/wp\/v2\/media?parent=25499"}],"wp:term":[{"taxonomy":"category","embeddable":true,"href":"https:\/\/imais.online\/portal\/wp-json\/wp\/v2\/categories?post=25499"},{"taxonomy":"post_tag","embeddable":true,"href":"https:\/\/imais.online\/portal\/wp-json\/wp\/v2\/tags?post=25499"}],"curies":[{"name":"wp","href":"https:\/\/api.w.org\/{rel}","templated":true}]}}