{"id":25512,"date":"2025-01-26T19:52:26","date_gmt":"2025-01-26T22:52:26","guid":{"rendered":"https:\/\/imais.online\/portal\/?p=25512"},"modified":"2025-01-26T19:52:27","modified_gmt":"2025-01-26T22:52:27","slug":"trump-anuncia-tarifas-a-colombia-apos-pais-negar-receber-voos-com-imigrantes-deportados","status":"publish","type":"post","link":"https:\/\/imais.online\/portal\/trump-anuncia-tarifas-a-colombia-apos-pais-negar-receber-voos-com-imigrantes-deportados\/","title":{"rendered":"Trump anuncia tarifas \u00e0 Col\u00f4mbia ap\u00f3s pa\u00eds negar receber voos com imigrantes deportados"},"content":{"rendered":"<div class=\"imais-before-content-placement\" id=\"imais-2483329883\"><script async src=\"\/\/pagead2.googlesyndication.com\/pagead\/js\/adsbygoogle.js?client=ca-pub-8787528412751566\" crossorigin=\"anonymous\"><\/script><ins class=\"adsbygoogle\" style=\"display:block;\" data-ad-client=\"ca-pub-8787528412751566\" \ndata-ad-slot=\"\" \ndata-ad-format=\"auto\"><\/ins>\n<script> \n(adsbygoogle = window.adsbygoogle || []).push({}); \n<\/script>\n<\/div>\n<h2 class=\"wp-block-heading\">Medidas foram anunciadas na rede social Truth Social ap\u00f3s o presidente colombiano, Gustavo Petro, n\u00e3o aceitar receber voos com imigrantes deportados dos EUA.<\/h2>\n\n\n\n<p>O presidente dos\u00a0Estados Unidos,\u00a0Donald Trump, anunciou que vai impor tarifas \u00e0\u00a0Col\u00f4mbia\u00a0ap\u00f3s o pa\u00eds se negar a receber voos com imigrantes ilegais deportados. O presidente colombiano, Gustavo Petro, recusou a entrada de dois avi\u00f5es militares norte-americanos que deportavam migrantes.<\/p>\n\n\n\n<p>Trump declarou que a decis\u00e3o de Petro colocou em risco a seguran\u00e7a nacional dos Estados Unidos. Em uma publica\u00e7\u00e3o na Truth Social neste domingo (26), o presidente americano afirmou que os EUA aplicar\u00e3o tarifas emergenciais de 25% sobre todos os produtos colombianos que entram no pa\u00eds, aumentando essa taxa para 50% em uma semana.<\/p>\n\n\n\n<blockquote class=\"wp-block-quote is-layout-flow wp-block-quote-is-layout-flow\">\n<p>&#8220;Essas medidas s\u00e3o apenas o come\u00e7o&#8221;, escreveu Trump na Truth Social. &#8220;N\u00e3o permitiremos que o governo colombiano viole suas obriga\u00e7\u00f5es legais em rela\u00e7\u00e3o \u00e0 aceita\u00e7\u00e3o e retorno dos criminosos que eles for\u00e7aram a entrar nos Estados Unidos!&#8221;<\/p>\n<\/blockquote>\n\n\n\n<p>Haver\u00e1 tamb\u00e9m san\u00e7\u00f5es ao Tesouro e ao setor banc\u00e1rio e financeiro da Col\u00f4mbia.<\/p>\n\n\n\n<p>Al\u00e9m disso, o presidente americano disse que vai impor san\u00e7\u00f5es a vistos de oficiais do governo colombiano, bem como seus aliados, apoiadores, membros de partidos e familiares. Todos os colombianos que entrarem nos EUA tamb\u00e9m, segundo Trump, passar\u00e3o por inspe\u00e7\u00f5es mais rigorosas.<\/p>\n\n\n\n<p><strong>As san\u00e7\u00f5es anunciadas \u00e0 Col\u00f4mbia s\u00e3o:<\/strong><\/p>\n\n\n\n<ul class=\"wp-block-list\">\n<li>Tarifas de emerg\u00eancia de 25% em todos os produtos colombianos que entram nos EUA, subindo para 50% em uma semana;<\/li>\n\n\n\n<li>Bloqueio de viagens;<\/li>\n\n\n\n<li>Inspe\u00e7\u00f5es rigorosas nas fronteiras e aeroportos na entrada de cidad\u00e3os colombianos nos EUA;<\/li>\n\n\n\n<li>Revoga\u00e7\u00e3o de vistos de autoridades do governo e aliados;<\/li>\n\n\n\n<li>San\u00e7\u00f5es ao Tesouro, ao setor banc\u00e1rio e ao setor financeiro colombianos.<\/li>\n<\/ul>\n\n\n\n<p>A recusa da Col\u00f4mbia em aceitar os voos \u00e9 o segundo caso de um pa\u00eds latino-americano rejeitando aeronaves militares norte-americanas destinadas \u00e0 deporta\u00e7\u00e3o.\u00a0A decis\u00e3o segue o M\u00e9xico, que tamb\u00e9m recusou, na semana passada, a solicita\u00e7\u00e3o para permitir o pouso de uma aeronave militar norte-americana com migrantes.<\/p>\n\n\n\n<p>Petro condenou a pr\u00e1tica, sugerindo que ela trata os migrantes como criminosos. Em uma publica\u00e7\u00e3o na plataforma de m\u00eddia social X, Petro afirmou que a Col\u00f4mbia est\u00e1 disposta a receber os imigrantes deportados em avi\u00f5es civis, ressaltando que eles devem ser &#8220;tratados com dignidade e respeito&#8221;.<\/p>\n\n\n\n<blockquote class=\"wp-block-quote is-layout-flow wp-block-quote-is-layout-flow\">\n<p>&#8220;Os Estados Unidos n\u00e3o podem tratar os migrantes colombianos como criminosos&#8221;, escreveu Petro, dizendo ainda que h\u00e1 15.660 norte-americanos em situa\u00e7\u00e3o irregular na Col\u00f4mbia.<\/p>\n<\/blockquote>\n\n\n\n<p>&#8220;Voc\u00eas nunca nos ver\u00e3o queimando uma bandeira americana ou realizando uma opera\u00e7\u00e3o para devolver imigrantes ilegais algemados aos Estados Unidos. Os verdadeiros libert\u00e1rios jamais atacaremos a liberdade humana&#8221;, disse Petro.<\/p>\n\n\n\n<p>O uso de aeronaves militares americanas para realizar voos de deporta\u00e7\u00e3o faz parte da resposta do Pent\u00e1gono \u00e0 declara\u00e7\u00e3o de emerg\u00eancia nacional sobre imigra\u00e7\u00e3o feita por Trump logo ap\u00f3s sua posse, na segunda-feira (20).<\/p>\n\n\n\n<h2 class=\"wp-block-heading\">Parceria comercial<\/h2>\n\n\n\n<p>Os Estados Unidos s\u00e3o, de longe, o principal parceiro comercial da Col\u00f4mbia. Dados do departamento nacional de estat\u00edsticas do pa\u00eds mostram que os&nbsp;<strong>norte-americanos representam quase 30% das exporta\u00e7\u00f5es dos sul-americanos<\/strong>.<\/p>\n\n\n\n<p>Enquanto isso, os colombianos n\u00e3o figuram nem entre os 15 maiores parceiros dos EUA, ficando atr\u00e1s de pa\u00edses como Irlanda, It\u00e1lia, Fran\u00e7a e Brasil.<\/p>\n\n\n\n<p>No acumulado de janeiro a novembro de 2024, a balan\u00e7a do com\u00e9rcio de bens entre os dois pa\u00edses foi positiva em&nbsp;<strong>US$ 1,031 bilh\u00e3o para os EUA<\/strong>, mostram dados oficiais. Ao todo, os norte-americanos&nbsp;<strong>exportaram US$ 17,241 bilh\u00f5es e importaram US$ 16,210 bilh\u00f5es dos colombianos<\/strong>.<\/p>\n\n\n\n<p>No mesmo per\u00edodo, os principais produtos vendidos pela Col\u00f4mbia aos Estados Unidos foram petr\u00f3leo, ouro, caf\u00e9 n\u00e3o torrado, flores, portas, janelas e molduras, segundo a Analdex, associa\u00e7\u00e3o nacional de com\u00e9rcio exterior do pa\u00eds.<\/p>\n\n\n\n<h2 class=\"wp-block-heading\">Governo brasileiro fala em &#8220;tratamento degradante&#8221;<\/h2>\n\n\n\n<p>Neste domingo, o governo brasileiro disse que um voo com imigrantes deportados dos Estados Unidos que\u00a0chegou ao Brasil na sexta-feira\u00a0(24)\u00a0&#8220;viola os termos de acordo com os EUA, que prev\u00ea o tratamento digno, respeitoso e humano dos repatriados&#8221;. Segundo o comunicado, os deportados tiveram &#8220;tratamento degradante&#8221; pois foram algemados nos p\u00e9s e nas m\u00e3os no voo de repatria\u00e7\u00e3o.<\/p>\n\n\n\n<p>Ainda segundo o governo, as autoridades brasileiras n\u00e3o autorizaram o seguimento do voo, que chegou em Manaus,\u00a0para Belo Horizonte justamente em raz\u00e3o do uso das algemas e correntes, al\u00e9m do &#8220;mau estado da aeronave, com sistema de ar condicionado em pane, entre outros problemas&#8221;.<\/p>\n\n\n\n<p>Segundo o Itamaraty, causou &#8220;revolta&#8221; nas 88 pessoas a bordo o &#8220;tratamento indigno recebido&#8221;. O minist\u00e9rio vai\u00a0encaminhar um pedido de esclarecimento da situa\u00e7\u00e3o ao governo dos Estados Unidos.<\/p>\n\n\n\n<p>&#8220;O governo brasileiro considera inaceit\u00e1vel que as condi\u00e7\u00f5es acordadas com o governo norte-americano n\u00e3o sejam respeitadas. O Brasil concordou com a realiza\u00e7\u00e3o de voos de repatria\u00e7\u00e3o, a partir de 2018, para abreviar o tempo de perman\u00eancia desses nacionais em centros de deten\u00e7\u00e3o norte-americanos, por imigra\u00e7\u00e3o irregular e j\u00e1 sem possibilidade de recurso&#8221;, diz outro trecho da nota.<\/p>\n\n\n\n<p>A Embaixada dos Estados Unidos n\u00e3o se pronunciou neste domingo at\u00e9 a \u00faltima atualiza\u00e7\u00e3o desta reportagem. No s\u00e1bado, informou que estava em contato com autoridades brasileiras.<\/p>\n\n\n\n<p>Fonte CNN Brasil <\/p>\n","protected":false},"excerpt":{"rendered":"<p>Medidas foram anunciadas na rede social Truth Social ap\u00f3s o presidente colombiano, Gustavo Petro, n\u00e3o aceitar receber voos com imigrantes deportados dos EUA. O presidente dos\u00a0Estados Unidos,\u00a0Donald Trump, anunciou que vai impor tarifas \u00e0\u00a0Col\u00f4mbia\u00a0ap\u00f3s o pa\u00eds se negar a receber voos com imigrantes ilegais deportados. O presidente colombiano, Gustavo Petro, recusou a entrada de dois [&hellip;]<\/p>\n","protected":false},"author":8,"featured_media":25513,"comment_status":"closed","ping_status":"open","sticky":false,"template":"","format":"standard","meta":{"rop_custom_images_group":[],"rop_custom_messages_group":[],"rop_publish_now":"initial","rop_publish_now_accounts":[],"rop_publish_now_history":[],"rop_publish_now_status":"pending","footnotes":""},"categories":[212],"tags":[],"class_list":["post-25512","post","type-post","status-publish","format-standard","has-post-thumbnail","hentry","category-internacional"],"amp_enabled":true,"_links":{"self":[{"href":"https:\/\/imais.online\/portal\/wp-json\/wp\/v2\/posts\/25512","targetHints":{"allow":["GET"]}}],"collection":[{"href":"https:\/\/imais.online\/portal\/wp-json\/wp\/v2\/posts"}],"about":[{"href":"https:\/\/imais.online\/portal\/wp-json\/wp\/v2\/types\/post"}],"author":[{"embeddable":true,"href":"https:\/\/imais.online\/portal\/wp-json\/wp\/v2\/users\/8"}],"replies":[{"embeddable":true,"href":"https:\/\/imais.online\/portal\/wp-json\/wp\/v2\/comments?post=25512"}],"version-history":[{"count":1,"href":"https:\/\/imais.online\/portal\/wp-json\/wp\/v2\/posts\/25512\/revisions"}],"predecessor-version":[{"id":25514,"href":"https:\/\/imais.online\/portal\/wp-json\/wp\/v2\/posts\/25512\/revisions\/25514"}],"wp:featuredmedia":[{"embeddable":true,"href":"https:\/\/imais.online\/portal\/wp-json\/wp\/v2\/media\/25513"}],"wp:attachment":[{"href":"https:\/\/imais.online\/portal\/wp-json\/wp\/v2\/media?parent=25512"}],"wp:term":[{"taxonomy":"category","embeddable":true,"href":"https:\/\/imais.online\/portal\/wp-json\/wp\/v2\/categories?post=25512"},{"taxonomy":"post_tag","embeddable":true,"href":"https:\/\/imais.online\/portal\/wp-json\/wp\/v2\/tags?post=25512"}],"curies":[{"name":"wp","href":"https:\/\/api.w.org\/{rel}","templated":true}]}}