{"id":25572,"date":"2025-02-02T16:39:28","date_gmt":"2025-02-02T19:39:28","guid":{"rendered":"https:\/\/imais.online\/portal\/?p=25572"},"modified":"2025-02-02T16:39:47","modified_gmt":"2025-02-02T19:39:47","slug":"canada-revela-lista-de-produtos-da-primeira-rodada-de-tarifas-aos-eua","status":"publish","type":"post","link":"https:\/\/imais.online\/portal\/canada-revela-lista-de-produtos-da-primeira-rodada-de-tarifas-aos-eua\/","title":{"rendered":"Canad\u00e1 revela lista de produtos da primeira rodada de tarifas aos EUA"},"content":{"rendered":"<div class=\"imais-before-content-placement\" id=\"imais-3856974451\"><script async src=\"\/\/pagead2.googlesyndication.com\/pagead\/js\/adsbygoogle.js?client=ca-pub-8787528412751566\" crossorigin=\"anonymous\"><\/script><ins class=\"adsbygoogle\" style=\"display:block;\" data-ad-client=\"ca-pub-8787528412751566\" \ndata-ad-slot=\"\" \ndata-ad-format=\"auto\"><\/ins>\n<script> \n(adsbygoogle = window.adsbygoogle || []).push({}); \n<\/script>\n<\/div>\n<p>Essa \u00e9 a primeira fase da resposta do pa\u00eds \u00e0s medidas impostas por Donald Trump<\/p>\n\n\n\n<p>O ministro das Finan\u00e7as canadense, Dominic LeBlanc, revelou no domingo (2) a lista completa de itens cobertos por tarifas sobre US$ 30 bilh\u00f5es em produtos dos Estados Unidos. Essa \u00e9 a primeira fase da\u00a0resposta do Canad\u00e1 \u00e0s tarifas dos EUA.<\/p>\n\n\n\n<p>Os bens incluem produtos americanos, \u00e1lcool, roupas, eletrodom\u00e9sticos, ferramentas e armas de fogo. Na classe de alimentos, se destacam itens como carne, leite, caf\u00e9 e trigo.<\/p>\n\n\n\n<p>As tarifas do Canad\u00e1 s\u00e3o uma retalia\u00e7\u00e3o depois que o\u00a0presidente dos EUA, Donald Trump, anunciou no s\u00e1bado\u00a0impostos abrangentes sobre o Canad\u00e1, M\u00e9xico e China.<\/p>\n\n\n\n<p>Conforme divulgado pelo governo canadense, as contramedidas entram em vigor imediatamente e permanecer\u00e3o at\u00e9 que os EUA eliminem suas tarifas contra o pa\u00eds.<\/p>\n\n\n\n<p>Fonte CNN Brasil <\/p>\n","protected":false},"excerpt":{"rendered":"<p>Essa \u00e9 a primeira fase da resposta do pa\u00eds \u00e0s medidas impostas por Donald Trump O ministro das Finan\u00e7as canadense, Dominic LeBlanc, revelou no domingo (2) a lista completa de itens cobertos por tarifas sobre US$ 30 bilh\u00f5es em produtos dos Estados Unidos. Essa \u00e9 a primeira fase da\u00a0resposta do Canad\u00e1 \u00e0s tarifas dos EUA. [&hellip;]<\/p>\n","protected":false},"author":8,"featured_media":25573,"comment_status":"closed","ping_status":"open","sticky":false,"template":"","format":"standard","meta":{"rop_custom_images_group":[],"rop_custom_messages_group":[],"rop_publish_now":"initial","rop_publish_now_accounts":[],"rop_publish_now_history":[],"rop_publish_now_status":"pending","footnotes":""},"categories":[212],"tags":[],"class_list":["post-25572","post","type-post","status-publish","format-standard","has-post-thumbnail","hentry","category-internacional"],"amp_enabled":true,"_links":{"self":[{"href":"https:\/\/imais.online\/portal\/wp-json\/wp\/v2\/posts\/25572","targetHints":{"allow":["GET"]}}],"collection":[{"href":"https:\/\/imais.online\/portal\/wp-json\/wp\/v2\/posts"}],"about":[{"href":"https:\/\/imais.online\/portal\/wp-json\/wp\/v2\/types\/post"}],"author":[{"embeddable":true,"href":"https:\/\/imais.online\/portal\/wp-json\/wp\/v2\/users\/8"}],"replies":[{"embeddable":true,"href":"https:\/\/imais.online\/portal\/wp-json\/wp\/v2\/comments?post=25572"}],"version-history":[{"count":1,"href":"https:\/\/imais.online\/portal\/wp-json\/wp\/v2\/posts\/25572\/revisions"}],"predecessor-version":[{"id":25574,"href":"https:\/\/imais.online\/portal\/wp-json\/wp\/v2\/posts\/25572\/revisions\/25574"}],"wp:featuredmedia":[{"embeddable":true,"href":"https:\/\/imais.online\/portal\/wp-json\/wp\/v2\/media\/25573"}],"wp:attachment":[{"href":"https:\/\/imais.online\/portal\/wp-json\/wp\/v2\/media?parent=25572"}],"wp:term":[{"taxonomy":"category","embeddable":true,"href":"https:\/\/imais.online\/portal\/wp-json\/wp\/v2\/categories?post=25572"},{"taxonomy":"post_tag","embeddable":true,"href":"https:\/\/imais.online\/portal\/wp-json\/wp\/v2\/tags?post=25572"}],"curies":[{"name":"wp","href":"https:\/\/api.w.org\/{rel}","templated":true}]}}