{"id":2559,"date":"2021-10-22T17:18:32","date_gmt":"2021-10-22T20:18:32","guid":{"rendered":"https:\/\/imais.online\/portal\/?p=2559"},"modified":"2021-10-22T17:18:35","modified_gmt":"2021-10-22T20:18:35","slug":"bolsonaro-garante-paulo-guedes-apesar-de-boato-sobre-saida-fica","status":"publish","type":"post","link":"https:\/\/imais.online\/portal\/bolsonaro-garante-paulo-guedes-apesar-de-boato-sobre-saida-fica\/","title":{"rendered":"Bolsonaro garante Paulo Guedes apesar de boato sobre sa\u00edda: &#8216;Fica&#8217;"},"content":{"rendered":"<div class=\"imais-before-content-placement\" id=\"imais-2304323496\"><script async src=\"\/\/pagead2.googlesyndication.com\/pagead\/js\/adsbygoogle.js?client=ca-pub-8787528412751566\" crossorigin=\"anonymous\"><\/script><ins class=\"adsbygoogle\" style=\"display:block;\" data-ad-client=\"ca-pub-8787528412751566\" \ndata-ad-slot=\"\" \ndata-ad-format=\"auto\"><\/ins>\n<script> \n(adsbygoogle = window.adsbygoogle || []).push({}); \n<\/script>\n<\/div>\n<h2 class=\"has-text-align-center wp-block-heading\">Ao blog, o presidente garantiu perman\u00eancia do superministro na Economia\u00a0mesmo diante da turbul\u00eancia do mercado financeiro<\/h2>\n\n\n\n<p>Diante dos rumores de uma poss\u00edvel sa\u00edda de Paulo Guedes do Minist\u00e9rio da Economia, o presidente Jair Bolsonaro garantiu ao blog, na tarde desta sexta-feira (22), que o ministro &#8220;fica&#8221; no comando da pasta.<\/p>\n\n\n\n<p>Questionado sobre o motivo da ida ao Minist\u00e9rio da Economia hoje \u00e0 tarde, o chefe do Executivo afirmou se tratar de uma visita de &#8220;cortesia&#8221; e ainda completou dizendo que Paulo Guedes &#8220;nunca esteve amea\u00e7ado&#8221;.<\/p>\n\n\n\n<p>Bolsonaro deixou o Pal\u00e1cio do Planalto rumo ao Minist\u00e9rio da Economia por volta das 14h20 desta sexta. Chegou pouco tempo depois, por volta das 14h30.<\/p>\n\n\n\n<p>O ministro Paulo Guedes enfrenta press\u00f5es pela condu\u00e7\u00e3o da pol\u00edtica econ\u00f4mica e a ida de Bolsonaro ao minist\u00e9rio \u00e9 uma forma de demonstrar apoio num momento de fragilidade do auxiliar.<\/p>\n\n\n\n<h3 class=\"wp-block-heading\">Mercado financeiro<\/h3>\n\n\n\n<p><em><\/em><\/p>\n\n\n\n<p>O mercado financeiro reage, nesta sexta, a uma poss\u00edvel sa\u00edda do chefe da Economia. Boatos em torno do tema mexiam com os pre\u00e7os dos ativos nesta manh\u00e3, guiando a alta do d\u00f3lar e a queda da Bolsa de Valores.<\/p>\n\n\n\n<p>Mais cedo, Guedes cancelou participa\u00e7\u00e3o que faria em evento da Abras (Associa\u00e7\u00e3o Brasileira de Supermercados) nesta sexta, segundo a assessoria de imprensa da entidade, o que ajudou a alimentar os rumores.<\/p>\n\n\n\n<p>Na quinta-feira, o secret\u00e1rio especial do Tesouro e Or\u00e7amento, Bruno Funchal, e o secret\u00e1rio do Tesouro Nacional, Jeferson Bittencourt, bem como seus adjuntos, encaminharam seu pedido de exonera\u00e7\u00e3o dos cargos.<\/p>\n\n\n\n<p>A sa\u00edda dos auxiliares de Guedes ocorreu ap\u00f3s negocia\u00e7\u00f5es do governo com o Congresso para mudan\u00e7as na regra do teto de gastos para p\u00f4r de p\u00e9 um novo Bolsa Fam\u00edlia mais robusto, chamado Aux\u00edlio Brasil.<\/p>\n\n\n\n<p>R7<\/p>\n","protected":false},"excerpt":{"rendered":"<p>Ao blog, o presidente garantiu perman\u00eancia do superministro na Economia\u00a0mesmo diante da turbul\u00eancia do mercado financeiro Diante dos rumores de uma poss\u00edvel sa\u00edda de Paulo Guedes do Minist\u00e9rio da Economia, o presidente Jair Bolsonaro garantiu ao blog, na tarde desta sexta-feira (22), que o ministro &#8220;fica&#8221; no comando da pasta. Questionado sobre o motivo da [&hellip;]<\/p>\n","protected":false},"author":8,"featured_media":2560,"comment_status":"closed","ping_status":"open","sticky":false,"template":"","format":"standard","meta":{"rop_custom_images_group":[],"rop_custom_messages_group":[],"rop_publish_now":"initial","rop_publish_now_accounts":[],"rop_publish_now_history":[],"rop_publish_now_status":"pending","footnotes":""},"categories":[192],"tags":[],"class_list":["post-2559","post","type-post","status-publish","format-standard","has-post-thumbnail","hentry","category-economia"],"amp_enabled":true,"_links":{"self":[{"href":"https:\/\/imais.online\/portal\/wp-json\/wp\/v2\/posts\/2559","targetHints":{"allow":["GET"]}}],"collection":[{"href":"https:\/\/imais.online\/portal\/wp-json\/wp\/v2\/posts"}],"about":[{"href":"https:\/\/imais.online\/portal\/wp-json\/wp\/v2\/types\/post"}],"author":[{"embeddable":true,"href":"https:\/\/imais.online\/portal\/wp-json\/wp\/v2\/users\/8"}],"replies":[{"embeddable":true,"href":"https:\/\/imais.online\/portal\/wp-json\/wp\/v2\/comments?post=2559"}],"version-history":[{"count":1,"href":"https:\/\/imais.online\/portal\/wp-json\/wp\/v2\/posts\/2559\/revisions"}],"predecessor-version":[{"id":2561,"href":"https:\/\/imais.online\/portal\/wp-json\/wp\/v2\/posts\/2559\/revisions\/2561"}],"wp:featuredmedia":[{"embeddable":true,"href":"https:\/\/imais.online\/portal\/wp-json\/wp\/v2\/media\/2560"}],"wp:attachment":[{"href":"https:\/\/imais.online\/portal\/wp-json\/wp\/v2\/media?parent=2559"}],"wp:term":[{"taxonomy":"category","embeddable":true,"href":"https:\/\/imais.online\/portal\/wp-json\/wp\/v2\/categories?post=2559"},{"taxonomy":"post_tag","embeddable":true,"href":"https:\/\/imais.online\/portal\/wp-json\/wp\/v2\/tags?post=2559"}],"curies":[{"name":"wp","href":"https:\/\/api.w.org\/{rel}","templated":true}]}}