{"id":25624,"date":"2025-02-07T12:49:25","date_gmt":"2025-02-07T15:49:25","guid":{"rendered":"https:\/\/imais.online\/portal\/?p=25624"},"modified":"2025-02-07T12:49:26","modified_gmt":"2025-02-07T15:49:26","slug":"advogado-e-piloto-sao-identificados-como-vitimas-de-queda-de-aviao-em-sao-paulo","status":"publish","type":"post","link":"https:\/\/imais.online\/portal\/advogado-e-piloto-sao-identificados-como-vitimas-de-queda-de-aviao-em-sao-paulo\/","title":{"rendered":"Advogado e piloto s\u00e3o identificados como v\u00edtimas de queda de avi\u00e3o em S\u00e3o Paulo"},"content":{"rendered":"<div class=\"imais-before-content-placement\" id=\"imais-4243447580\"><script async src=\"\/\/pagead2.googlesyndication.com\/pagead\/js\/adsbygoogle.js?client=ca-pub-8787528412751566\" crossorigin=\"anonymous\"><\/script><ins class=\"adsbygoogle\" style=\"display:block;\" data-ad-client=\"ca-pub-8787528412751566\" \ndata-ad-slot=\"\" \ndata-ad-format=\"auto\"><\/ins>\n<script> \n(adsbygoogle = window.adsbygoogle || []).push({}); \n<\/script>\n<\/div>\n<h2 class=\"wp-block-heading\">Os dois corpos foram encontrados carbonizados dentro da aeronave; destino era Porto Alegre<\/h2>\n\n\n\n<p>O advogado\u00a0<a href=\"https:\/\/ric.com.br\/seguranca\/marcio-carpena-quem-e-o-advogado-vitima-de-queda-de-aviao\/\">M\u00e1rcio Louzada Carpena<\/a>\u00a0e o piloto\u00a0<a href=\"https:\/\/ric.com.br\/seguranca\/gustavo-medeiros-quem-era-piloto-de-aviao-que-caiu-em-avenida-de-sao-paulo\/\">Gustavo Medeiros<\/a>\u00a0foram identificados como as v\u00edtimas da queda de avi\u00e3o que caiu na avenida Marqu\u00eas de S\u00e3o Vicente, na Barra Funda, na Zona Oeste de S\u00e3o Paulo, na manh\u00e3 desta sexta-feira (7). O advogado era dono da aeronave e estava a caminho de Porto Alegre.<\/p>\n\n\n\n<figure class=\"wp-block-image\"><img decoding=\"async\" src=\"https:\/\/uploads.ric.com.br\/uploads\/2025\/02\/RwOts7W7-vitimas-queda-aviao-1-1024x596.webp\" alt=\"Advogado e piloto s\u00e3o identificados como v\u00edtimas de queda de avi\u00e3o em S\u00e3o Paulo\" class=\"wp-image-2521194\"\/><\/figure>\n\n\n\n<p class=\"has-small-font-size\">A aeronave estava em manuten\u00e7\u00e3o e teria sido liberada para voo nesta manh\u00e3 (Foto: Reprodu\u00e7\u00e3o\/Instagram)<\/p>\n\n\n\n<p>M\u00e1rcio e Gustavo decolaram do Aeroporto Campo de Marte, em S\u00e3o Paulo. Uma hora antes do acidente, o advogado publicou que estava viajando para o estado ga\u00facho com a&nbsp;<a href=\"https:\/\/ric.com.br\/seguranca\/aviao-cai-em-sao-paulo-veja-o-modelo-da-aeronave\/\">aeronave<\/a>.&nbsp;<\/p>\n\n\n\n<h2 class=\"wp-block-heading\" id=\"h-vitimas-de-queda-de-aviao-em-sao-paulo-contato-com-torre-e-manutencao\">V\u00edtimas de queda de avi\u00e3o em S\u00e3o Paulo: contato com torre e manuten\u00e7\u00e3o<\/h2>\n\n\n\n<p>O \u00faltimo contato feito com a torre de comando foi feito \u00e0s 7h16, com a aeronave no ar. Dois minutos depois, uma c\u00e2mera de monitoramento da cidade registrou a\u00a0<a href=\"https:\/\/ric.com.br\/seguranca\/aviao-que-caiu-em-sao-paulo-pegou-fogo-assim-que-atingiu-solo-veja-imagens\/\">queda e uma explos\u00e3o na avenida.<\/a><\/p>\n\n\n\n<p>De acordo com o portal R7, a aeronave estava em manuten\u00e7\u00e3o e teria sido liberada para voo nesta manh\u00e3. Os dois corpos foram encontrados carbonizados dentro da aeronave. Al\u00e9m disso, 6 pessoas, que estavam em \u00f4nibus atingido pelo avi\u00e3o ou passando pela rua, ficaram feridas.<\/p>\n\n\n\n<p>Fonte R7<\/p>\n","protected":false},"excerpt":{"rendered":"<p>Os dois corpos foram encontrados carbonizados dentro da aeronave; destino era Porto Alegre O advogado\u00a0M\u00e1rcio Louzada Carpena\u00a0e o piloto\u00a0Gustavo Medeiros\u00a0foram identificados como as v\u00edtimas da queda de avi\u00e3o que caiu na avenida Marqu\u00eas de S\u00e3o Vicente, na Barra Funda, na Zona Oeste de S\u00e3o Paulo, na manh\u00e3 desta sexta-feira (7). O advogado era dono da [&hellip;]<\/p>\n","protected":false},"author":8,"featured_media":25625,"comment_status":"closed","ping_status":"open","sticky":false,"template":"","format":"standard","meta":{"rop_custom_images_group":[],"rop_custom_messages_group":[],"rop_publish_now":"initial","rop_publish_now_accounts":[],"rop_publish_now_history":[],"rop_publish_now_status":"pending","footnotes":""},"categories":[195],"tags":[],"class_list":["post-25624","post","type-post","status-publish","format-standard","has-post-thumbnail","hentry","category-sao-paulo"],"amp_enabled":true,"_links":{"self":[{"href":"https:\/\/imais.online\/portal\/wp-json\/wp\/v2\/posts\/25624","targetHints":{"allow":["GET"]}}],"collection":[{"href":"https:\/\/imais.online\/portal\/wp-json\/wp\/v2\/posts"}],"about":[{"href":"https:\/\/imais.online\/portal\/wp-json\/wp\/v2\/types\/post"}],"author":[{"embeddable":true,"href":"https:\/\/imais.online\/portal\/wp-json\/wp\/v2\/users\/8"}],"replies":[{"embeddable":true,"href":"https:\/\/imais.online\/portal\/wp-json\/wp\/v2\/comments?post=25624"}],"version-history":[{"count":1,"href":"https:\/\/imais.online\/portal\/wp-json\/wp\/v2\/posts\/25624\/revisions"}],"predecessor-version":[{"id":25626,"href":"https:\/\/imais.online\/portal\/wp-json\/wp\/v2\/posts\/25624\/revisions\/25626"}],"wp:featuredmedia":[{"embeddable":true,"href":"https:\/\/imais.online\/portal\/wp-json\/wp\/v2\/media\/25625"}],"wp:attachment":[{"href":"https:\/\/imais.online\/portal\/wp-json\/wp\/v2\/media?parent=25624"}],"wp:term":[{"taxonomy":"category","embeddable":true,"href":"https:\/\/imais.online\/portal\/wp-json\/wp\/v2\/categories?post=25624"},{"taxonomy":"post_tag","embeddable":true,"href":"https:\/\/imais.online\/portal\/wp-json\/wp\/v2\/tags?post=25624"}],"curies":[{"name":"wp","href":"https:\/\/api.w.org\/{rel}","templated":true}]}}