{"id":25661,"date":"2025-02-11T08:55:00","date_gmt":"2025-02-11T11:55:00","guid":{"rendered":"https:\/\/imais.online\/portal\/?p=25661"},"modified":"2025-02-11T08:55:01","modified_gmt":"2025-02-11T11:55:01","slug":"segunda-mega-operacao-de-limpeza-retira-mais-124-toneladas-de-residuos-das-ruas-da-cidade","status":"publish","type":"post","link":"https:\/\/imais.online\/portal\/segunda-mega-operacao-de-limpeza-retira-mais-124-toneladas-de-residuos-das-ruas-da-cidade\/","title":{"rendered":"Segunda Mega Opera\u00e7\u00e3o de Limpeza retira mais 124 toneladas de res\u00edduos das ruas da cidade"},"content":{"rendered":"<div class=\"imais-before-content-placement\" id=\"imais-121333200\"><script async src=\"\/\/pagead2.googlesyndication.com\/pagead\/js\/adsbygoogle.js?client=ca-pub-8787528412751566\" crossorigin=\"anonymous\"><\/script><ins class=\"adsbygoogle\" style=\"display:block;\" data-ad-client=\"ca-pub-8787528412751566\" \ndata-ad-slot=\"\" \ndata-ad-format=\"auto\"><\/ins>\n<script> \n(adsbygoogle = window.adsbygoogle || []).push({}); \n<\/script>\n<\/div>\n<p><em><small>Secretaria de Servi\u00e7os Urbanos recebeu refor\u00e7o da equipe de Combate \u00e0 Dengue da Secretaria de Sa\u00fade<\/small><\/em><\/p>\n\n\n\n<p>A Prefeitura de Indaiatuba promoveu no s\u00e1bado (8\/2) a segunda Mega Opera\u00e7\u00e3o de Limpeza de 2025. Desta vez, as equipes da Secretaria de Servi\u00e7os Urbanos e Meio Ambiente contaram com o refor\u00e7o da equipe de Combate \u00e0 Dengue da Secretaria de Sa\u00fade. O mutir\u00e3o de servi\u00e7os passou pelo bairro Santa Cruz, Parque Corolla, Parque do Buru e Parque das Frutas, al\u00e9m das pra\u00e7as Andrea Maria Bonachella e Acr\u00edsio de Camargo, e da rua Mafaldo Peres, na regi\u00e3o de Itaici. A opera\u00e7\u00e3o resultou na retirada de 124,56 toneladas de res\u00edduos e entulhos das ruas e \u00e1reas p\u00fablicas.&nbsp;&nbsp;<\/p>\n\n\n\n<p>A a\u00e7\u00e3o envolveu as equipes de ro\u00e7ada e ro\u00e7ada mecanizada, que trabalharam na limpeza do mato das pra\u00e7as, parques e canteiros de avenidas, e as equipes da Opera\u00e7\u00e3o Cata Bagulho, que percorreram os pontos recolhendo galhos das cal\u00e7adas e retirando m\u00f3veis velhos e materiais descartados pela popula\u00e7\u00e3o.<\/p>\n\n\n\n<p>A equipe de Combate \u00e0 Dengue foi para as ruas j\u00e1 na sexta-feira (7\/2) para realizar um trabalho pr\u00e9vio de prepara\u00e7\u00e3o nas regi\u00f5es que receberam a Mega Opera\u00e7\u00e3o de Limpeza. Foram feitas vistorias nos im\u00f3veis do Jardim Santa Cruz e regi\u00e3o do Parque Corolla, com o intuito de eliminar criadouros, fazer o tratamento com larvicidas quando necess\u00e1rio e, principalmente, para orientar os mun\u00edcipes sobre os cuidados de preven\u00e7\u00e3o \u00e0 doen\u00e7a. Na ocasi\u00e3o, os moradores tamb\u00e9m foram avisados sobre a a\u00e7\u00e3o que aconteceria no s\u00e1bado, para que limpassem seus quintais e colocassem os materiais sem uso nas cal\u00e7adas.<\/p>\n\n\n\n<figure class=\"wp-block-image size-large\"><img loading=\"lazy\" decoding=\"async\" width=\"1024\" height=\"776\" src=\"https:\/\/imais.online\/portal\/wp-content\/uploads\/2025\/02\/image-1024x776.jpeg\" alt=\"\" class=\"wp-image-25662\" srcset=\"https:\/\/imais.online\/portal\/wp-content\/uploads\/2025\/02\/image-1024x776.jpeg 1024w, https:\/\/imais.online\/portal\/wp-content\/uploads\/2025\/02\/image-300x227.jpeg 300w, https:\/\/imais.online\/portal\/wp-content\/uploads\/2025\/02\/image-768x582.jpeg 768w, https:\/\/imais.online\/portal\/wp-content\/uploads\/2025\/02\/image.jpeg 1079w\" sizes=\"auto, (max-width: 1024px) 100vw, 1024px\" \/><\/figure>\n\n\n\n<p><strong>#PraTodosVerem<\/strong>: a foto colorida mostra uma funcion\u00e1ria da Secretaria da Sa\u00fade uniformizada e de bon\u00e9, vistoriando o interior de um tambor azul escuro, aparentemente vazio. Ao lado, outros tambores cheios de garrafas PET. Ao fundo, parte do quintal com algumas plantas de folhagens verdes e parte de um muro feito de tijolos sem reboco. Fim da descri\u00e7\u00e3o<\/p>\n\n\n\n<p>A primeira Mega Opera\u00e7\u00e3o foi realizada no dia 11 de janeiro, quando foram retiradas mais de 150 toneladas de res\u00edduos e entulhos das \u00e1reas verdes do Jardim Monte Verde, da regi\u00e3o do Parque Mall, Altos da Bela Vista, Jardim Colibris e Parque Residencial Indai\u00e1. Tamb\u00e9m foram beneficiadas a alameda Filtros Mann e avenida da Fundituba.<\/p>\n\n\n\n<p>A a\u00e7\u00e3o refor\u00e7a o servi\u00e7o de limpeza urbana que \u00e9 realizado continuamente no munic\u00edpio e que \u00e9 intensificado nos per\u00edodos de chuvas frequentes, quando o mato cresce mais r\u00e1pido.<\/p>\n\n\n\n<p><\/p>\n","protected":false},"excerpt":{"rendered":"<p>Secretaria de Servi\u00e7os Urbanos recebeu refor\u00e7o da equipe de Combate \u00e0 Dengue da Secretaria de Sa\u00fade A Prefeitura de Indaiatuba promoveu no s\u00e1bado (8\/2) a segunda Mega Opera\u00e7\u00e3o de Limpeza de 2025. Desta vez, as equipes da Secretaria de Servi\u00e7os Urbanos e Meio Ambiente contaram com o refor\u00e7o da equipe de Combate \u00e0 Dengue da [&hellip;]<\/p>\n","protected":false},"author":8,"featured_media":25663,"comment_status":"closed","ping_status":"open","sticky":false,"template":"","format":"standard","meta":{"rop_custom_images_group":[],"rop_custom_messages_group":[],"rop_publish_now":"initial","rop_publish_now_accounts":[],"rop_publish_now_history":[],"rop_publish_now_status":"pending","footnotes":""},"categories":[188],"tags":[],"class_list":["post-25661","post","type-post","status-publish","format-standard","has-post-thumbnail","hentry","category-indaiatuba"],"amp_enabled":true,"_links":{"self":[{"href":"https:\/\/imais.online\/portal\/wp-json\/wp\/v2\/posts\/25661","targetHints":{"allow":["GET"]}}],"collection":[{"href":"https:\/\/imais.online\/portal\/wp-json\/wp\/v2\/posts"}],"about":[{"href":"https:\/\/imais.online\/portal\/wp-json\/wp\/v2\/types\/post"}],"author":[{"embeddable":true,"href":"https:\/\/imais.online\/portal\/wp-json\/wp\/v2\/users\/8"}],"replies":[{"embeddable":true,"href":"https:\/\/imais.online\/portal\/wp-json\/wp\/v2\/comments?post=25661"}],"version-history":[{"count":1,"href":"https:\/\/imais.online\/portal\/wp-json\/wp\/v2\/posts\/25661\/revisions"}],"predecessor-version":[{"id":25664,"href":"https:\/\/imais.online\/portal\/wp-json\/wp\/v2\/posts\/25661\/revisions\/25664"}],"wp:featuredmedia":[{"embeddable":true,"href":"https:\/\/imais.online\/portal\/wp-json\/wp\/v2\/media\/25663"}],"wp:attachment":[{"href":"https:\/\/imais.online\/portal\/wp-json\/wp\/v2\/media?parent=25661"}],"wp:term":[{"taxonomy":"category","embeddable":true,"href":"https:\/\/imais.online\/portal\/wp-json\/wp\/v2\/categories?post=25661"},{"taxonomy":"post_tag","embeddable":true,"href":"https:\/\/imais.online\/portal\/wp-json\/wp\/v2\/tags?post=25661"}],"curies":[{"name":"wp","href":"https:\/\/api.w.org\/{rel}","templated":true}]}}