{"id":25665,"date":"2025-02-11T08:56:11","date_gmt":"2025-02-11T11:56:11","guid":{"rendered":"https:\/\/imais.online\/portal\/?p=25665"},"modified":"2025-02-11T08:56:12","modified_gmt":"2025-02-11T11:56:12","slug":"secretaria-de-saude-inicia-acao-de-vacinacao-contra-a-febre-amarela-de-casa-em-casa-no-sabado-15","status":"publish","type":"post","link":"https:\/\/imais.online\/portal\/secretaria-de-saude-inicia-acao-de-vacinacao-contra-a-febre-amarela-de-casa-em-casa-no-sabado-15\/","title":{"rendered":"Secretaria de Sa\u00fade inicia a\u00e7\u00e3o de vacina\u00e7\u00e3o contra a Febre Amarela de casa em casa no s\u00e1bado (15)"},"content":{"rendered":"<div class=\"imais-before-content-placement\" id=\"imais-3988427540\"><script async src=\"\/\/pagead2.googlesyndication.com\/pagead\/js\/adsbygoogle.js?client=ca-pub-8787528412751566\" crossorigin=\"anonymous\"><\/script><ins class=\"adsbygoogle\" style=\"display:block;\" data-ad-client=\"ca-pub-8787528412751566\" \ndata-ad-slot=\"\" \ndata-ad-format=\"auto\"><\/ins>\n<script> \n(adsbygoogle = window.adsbygoogle || []).push({}); \n<\/script>\n<\/div>\n<p><em><small>Estrat\u00e9gia ser\u00e1 realizada por 33 munic\u00edpios que fazem parte de \u00e1rea ampliada de conten\u00e7\u00e3o da doen\u00e7a<\/small><\/em><\/p>\n\n\n\n<p>A Secretaria de Sa\u00fade inicia neste s\u00e1bado (15\/2) a vacina\u00e7\u00e3o contra Febre Amarela com estrat\u00e9gia de casa em casa para pessoas que ainda n\u00e3o receberam o imunizante. A princ\u00edpio a a\u00e7\u00e3o acontecer\u00e1 nos bairros com condi\u00e7\u00f5es naturais de maior risco para transmiss\u00e3o, ou seja, nas \u00e1reas rurais e periurbanas. A intensifica\u00e7\u00e3o da vacina\u00e7\u00e3o \u00e9 recomendada pela GVE 17 Campinas e a Divis\u00e3o de Imuniza\u00e7\u00e3o\/CVE\/CCS\/SES-SP para os 33 munic\u00edpios que fazem parte de \u00e1rea ampliada, que n\u00e3o tem transmiss\u00e3o da doen\u00e7a, mas est\u00e1 na regi\u00e3o de \u00e1rea afetada, onde h\u00e1 transmiss\u00e3o registrada.<\/p>\n\n\n\n<p><strong>Vacina\u00e7\u00e3o de casa em casa<\/strong><\/p>\n\n\n\n<p>No s\u00e1bado, dia 15 de fevereiro, nove equipes far\u00e3o a a\u00e7\u00e3o de imuniza\u00e7\u00e3o contra a Febre Amarela de casa em casa, das 8h \u00e0s 13h, nos bairros Jardim Brasil, Itaici, Carlos Aldrovandi e Parque Indai\u00e1. No per\u00edodo das 13h \u00e0s 17h, a estrat\u00e9gia ser\u00e1 aplicada no jardim Oliveira Camargo.<\/p>\n\n\n\n<p>A vacina\u00e7\u00e3o \u00e9 seletiva, apenas pessoas que n\u00e3o tiverem nenhuma dose ser\u00e3o vacinadas. Quem n\u00e3o tiver a comprova\u00e7\u00e3o da aplica\u00e7\u00e3o e n\u00e3o quiser receber o imunizante ter\u00e1 que assinar um termo de responsabilidade.<\/p>\n\n\n\n<p><strong>Situa\u00e7\u00e3o em Indaiatuba<\/strong><\/p>\n\n\n\n<p>Em Indaiatuba n\u00e3o faz parte dos munic\u00edpios afetados e desde 1998, quando o sistema Sinan foi regulamentado, n\u00e3o registrou caso de Febre Amarela. A recomenda\u00e7\u00e3o do Programa Nacional de Imuniza\u00e7\u00e3o \u00e9 de duas doses para crian\u00e7as com mais de nove meses e menores de cinco anos, e dose \u00fanica, v\u00e1lida para toda vida, para maiores de cinco anos. Para receber a imuniza\u00e7\u00e3o, basta comparecer \u00e0 UBS (Unidade B\u00e1sica de Sa\u00fade) mais pr\u00f3xima da resid\u00eancia com a carteirinha de vacina\u00e7\u00e3o, um documento com foto, CPF ou Cart\u00e3o SUS.&nbsp;<\/p>\n\n\n\n<p>Mun\u00edcipes que v\u00e3o viajar para \u00e1reas consideradas de maior risco de exposi\u00e7\u00e3o ao v\u00edrus, com matas, florestas, rios, cachoeiras, parques e o meio rural, devem tomar a vacina 10 dias antes do deslocamento.<\/p>\n\n\n\n<p><strong>Refor\u00e7o<\/strong><\/p>\n\n\n\n<p>A a\u00e7\u00e3o \u00e9 para aumentar a cobertura vacinal e evitar a ocorr\u00eancia de caso humano de Febre Amarela, pois h\u00e1 detec\u00e7\u00e3o da circula\u00e7\u00e3o do v\u00edrus em munic\u00edpios do Estado de S\u00e3o Paulo, localizados na regi\u00e3o de Campinas e Ribeir\u00e3o Preto, e munic\u00edpios do Estado de Minas Gerais, lim\u00edtrofes com munic\u00edpios do Estado de S\u00e3o Paulo.<\/p>\n\n\n\n<p><strong>\u00c1reas afetadas<\/strong><\/p>\n\n\n\n<p>As cidades afetadas, em que h\u00e1 registro de circula\u00e7\u00e3o do v\u00edrus, s\u00e3o: \u00c1guas de Lind\u00f3ia, Serra Negra, Bragan\u00e7a Paulista,\u00a0<strong>Joan\u00f3polis<\/strong>, Pedra Bela, Pinhalzinho, Socorro, Tuiuti e Campinas.<\/p>\n\n\n\n<p><\/p>\n","protected":false},"excerpt":{"rendered":"<p>Estrat\u00e9gia ser\u00e1 realizada por 33 munic\u00edpios que fazem parte de \u00e1rea ampliada de conten\u00e7\u00e3o da doen\u00e7a A Secretaria de Sa\u00fade inicia neste s\u00e1bado (15\/2) a vacina\u00e7\u00e3o contra Febre Amarela com estrat\u00e9gia de casa em casa para pessoas que ainda n\u00e3o receberam o imunizante. A princ\u00edpio a a\u00e7\u00e3o acontecer\u00e1 nos bairros com condi\u00e7\u00f5es naturais de maior [&hellip;]<\/p>\n","protected":false},"author":8,"featured_media":25666,"comment_status":"closed","ping_status":"open","sticky":false,"template":"","format":"standard","meta":{"rop_custom_images_group":[],"rop_custom_messages_group":[],"rop_publish_now":"initial","rop_publish_now_accounts":[],"rop_publish_now_history":[],"rop_publish_now_status":"pending","footnotes":""},"categories":[188],"tags":[73],"class_list":["post-25665","post","type-post","status-publish","format-standard","has-post-thumbnail","hentry","category-indaiatuba","tag-featured"],"amp_enabled":true,"_links":{"self":[{"href":"https:\/\/imais.online\/portal\/wp-json\/wp\/v2\/posts\/25665","targetHints":{"allow":["GET"]}}],"collection":[{"href":"https:\/\/imais.online\/portal\/wp-json\/wp\/v2\/posts"}],"about":[{"href":"https:\/\/imais.online\/portal\/wp-json\/wp\/v2\/types\/post"}],"author":[{"embeddable":true,"href":"https:\/\/imais.online\/portal\/wp-json\/wp\/v2\/users\/8"}],"replies":[{"embeddable":true,"href":"https:\/\/imais.online\/portal\/wp-json\/wp\/v2\/comments?post=25665"}],"version-history":[{"count":1,"href":"https:\/\/imais.online\/portal\/wp-json\/wp\/v2\/posts\/25665\/revisions"}],"predecessor-version":[{"id":25667,"href":"https:\/\/imais.online\/portal\/wp-json\/wp\/v2\/posts\/25665\/revisions\/25667"}],"wp:featuredmedia":[{"embeddable":true,"href":"https:\/\/imais.online\/portal\/wp-json\/wp\/v2\/media\/25666"}],"wp:attachment":[{"href":"https:\/\/imais.online\/portal\/wp-json\/wp\/v2\/media?parent=25665"}],"wp:term":[{"taxonomy":"category","embeddable":true,"href":"https:\/\/imais.online\/portal\/wp-json\/wp\/v2\/categories?post=25665"},{"taxonomy":"post_tag","embeddable":true,"href":"https:\/\/imais.online\/portal\/wp-json\/wp\/v2\/tags?post=25665"}],"curies":[{"name":"wp","href":"https:\/\/api.w.org\/{rel}","templated":true}]}}