{"id":25677,"date":"2025-02-13T10:10:50","date_gmt":"2025-02-13T13:10:50","guid":{"rendered":"https:\/\/imais.online\/portal\/?p=25677"},"modified":"2025-02-13T10:10:51","modified_gmt":"2025-02-13T13:10:51","slug":"pastor-diz-a-policia-que-matou-adolescente-porque-ela-bateu-no-rosto-dele","status":"publish","type":"post","link":"https:\/\/imais.online\/portal\/pastor-diz-a-policia-que-matou-adolescente-porque-ela-bateu-no-rosto-dele\/","title":{"rendered":"Pastor diz \u00e0 pol\u00edcia que matou adolescente porque ela bateu no rosto dele"},"content":{"rendered":"<div class=\"imais-before-content-placement\" id=\"imais-1604564384\"><script async src=\"\/\/pagead2.googlesyndication.com\/pagead\/js\/adsbygoogle.js?client=ca-pub-8787528412751566\" crossorigin=\"anonymous\"><\/script><ins class=\"adsbygoogle\" style=\"display:block;\" data-ad-client=\"ca-pub-8787528412751566\" \ndata-ad-slot=\"\" \ndata-ad-format=\"auto\"><\/ins>\n<script> \n(adsbygoogle = window.adsbygoogle || []).push({}); \n<\/script>\n<\/div>\n<h2 class=\"wp-block-heading\">Nesta quarta-feira (12), Justi\u00e7a manteve pris\u00e3o de Jo\u00e3o das Gra\u00e7as Pachola, que confessou ter matado a menina Stefany Vit\u00f3ria Teixeira Ferreira, de 13 anos.<\/h2>\n\n\n\n<p>O pastor Jo\u00e3o das Gra\u00e7as Pachola, que confessou ter&nbsp;<a class=\"\" href=\"https:\/\/g1.globo.com\/mg\/minas-gerais\/noticia\/2025\/02\/11\/policia-encontra-corpo-de-adolescente-que-estava-desaparecida-na-grande-bh-pastor-foi-preso-suspeito-do-crime.ghtml\">matado a menina Stefany Vit\u00f3ria Teixeira Ferreira, de 13 anos<\/a>, disse \u00e0 pol\u00edcia que cometeu o crime porque a adolescente teria batido no rosto dele. O corpo da v\u00edtima foi&nbsp;<a class=\"\" href=\"https:\/\/g1.globo.com\/mg\/minas-gerais\/noticia\/2025\/02\/11\/policia-encontra-corpo-de-adolescente-que-estava-desaparecida-na-grande-bh-pastor-foi-preso-suspeito-do-crime.ghtml\">encontrado nesta ter\u00e7a-feira (11)<\/a>, mesmo dia em que o homem foi detido. Nesta quarta (12), a Justi\u00e7a decidiu mant\u00ea-lo preso&nbsp;<strong><em>(leia mais abaixo)<\/em><\/strong>.<\/p>\n\n\n\n<blockquote class=\"wp-block-quote is-layout-flow wp-block-quote-is-layout-flow\">\n<p>&#8220;A motiva\u00e7\u00e3o, sem sombra de d\u00favida, \u00e9 crueldade e \u00f3dio. Agora, o que ele fala \u00e9 que ela desferiu um tapa na cara dele, ele ficou nervoso e resolveu mat\u00e1-la. [&#8230;] Ele disse que ficou nervoso e imediatamente enforcou a Stefany e levou ela para o local da desova&#8221;, afirmou a delegada Ingrid Estevam.<\/p>\n<\/blockquote>\n\n\n\n<p>Stefany estava desaparecida desde domingo (9), quando saiu de casa, por volta das 15h, dizendo que iria visitar uma amiga. No entanto, ela n\u00e3o chegou ao destino. Segundo a Pol\u00edcia Civil,&nbsp;o pastor ofereceu uma carona para a menina.<\/p>\n\n\n\n<figure class=\"wp-block-image\"><img decoding=\"async\" src=\"https:\/\/s2-g1.glbimg.com\/9ZDu7pvlaTzZPtKrMmiqkTg4wSk=\/0x0:326x421\/984x0\/smart\/filters:strip_icc()\/i.s3.glbimg.com\/v1\/AUTH_59edd422c0c84a879bd37670ae4f538a\/internal_photos\/bs\/2025\/w\/J\/RW1wk7Tm2ZT11m5fMksg\/stefany.jpg\" alt=\"Stefany Vitoria Teixeira Ferreira \u2014 Foto: Divulga\u00e7\u00e3o\/PCMG\"\/><\/figure>\n\n\n\n<p class=\"has-small-font-size\">Stefany Vitoria Teixeira Ferreira \u2014 Foto: Divulga\u00e7\u00e3o\/PCMG<\/p>\n\n\n\n<blockquote class=\"wp-block-quote is-layout-flow wp-block-quote-is-layout-flow\">\n<p>&#8220;Ele oferece uma carona e, durante esse per\u00edodo, tenta fazer alguma coisa com ela, e \u00e9 isso que a gente est\u00e1 esperando. A causa da morte n\u00e3o foi divulgada, os laudos est\u00e3o em elabora\u00e7\u00e3o&#8221;, disse a delegada.<\/p>\n<\/blockquote>\n\n\n\n<p>A pol\u00edcia&nbsp;aguarda os resultados dos exames para verificar se a adolescente foi v\u00edtima de abuso sexual.<\/p>\n\n\n\n<figure class=\"wp-block-image\"><img decoding=\"async\" src=\"https:\/\/s2-g1.glbimg.com\/dEIgCSHpylB1mf3OGLfrIjnAHtY=\/0x0:1920x1080\/984x0\/smart\/filters:strip_icc()\/i.s3.glbimg.com\/v1\/AUTH_59edd422c0c84a879bd37670ae4f538a\/internal_photos\/bs\/2025\/r\/h\/8O2VyLSRAYtv3Kxl7vRw\/coletiva-pastor-fabiano-12-feb-2025-frame-48314.jpeg\" alt=\"Coletiva da Pol\u00edcia Civil de MG sobre morte da menina Stefany Vit\u00f3ria, em Ribeir\u00e3o das Neves \u2014 Foto: TV Globo\/ Reprodu\u00e7\u00e3o\"\/><\/figure>\n\n\n\n<p class=\"has-small-font-size\">Coletiva da Pol\u00edcia Civil de MG sobre morte da menina Stefany Vit\u00f3ria, em Ribeir\u00e3o das Neves \u2014 Foto: TV Globo\/ Reprodu\u00e7\u00e3o<\/p>\n\n\n\n<h2 class=\"wp-block-heading\">V\u00edtima foi &#8216;jogada&#8217; em carro<\/h2>\n\n\n\n<p>De acordo com a delegada, uma den\u00fancia realizada por um casal de namorados foi essencial para as investiga\u00e7\u00f5es. Eles disseram que&nbsp;viram uma movimenta\u00e7\u00e3o estranha em um carro \u2014 que, mais tarde, a pol\u00edcia confirmou ser o ve\u00edculo do pastor.<\/p>\n\n\n\n<blockquote class=\"wp-block-quote is-layout-flow wp-block-quote-is-layout-flow\">\n<p>&#8220;As testemunhas informaram, durante essa den\u00fancia por telefone, que visualizaram esse carro HB20 entrando em uma estrada, e uma pessoa, que parecia ser uma mulher mais jovem, pulando do carro, caindo na beira da estrada. [&#8230;] Quando ela cai, o homem desce do ve\u00edculo, pega essa jovem totalmente com viol\u00eancia e joga ela para dentro do ve\u00edculo totalmente&#8221;, afirmou a delegada.<\/p>\n<\/blockquote>\n\n\n\n<p>Ao ser jogada para dentro do carro,&nbsp;a v\u00edtima acabou perdendo um chinelo, que a pol\u00edcia tamb\u00e9m conseguiu confirmar ser o cal\u00e7ado de Stefany.<\/p>\n\n\n\n<p>Com as informa\u00e7\u00f5es da placa do ve\u00edculo, os policiais chegaram ao nome de&nbsp;<strong>Jo\u00e3o das Gra\u00e7as Pachola<\/strong>&nbsp;e descobriram, por meio da mulher dele, que o pastor tamb\u00e9m estava desaparecido desde domingo (9).<\/p>\n\n\n\n<p>Segundo a delegada,&nbsp;a equipe ficou mais de 24 horas em busca do paradeiro do suspeito.<\/p>\n\n\n\n<blockquote class=\"wp-block-quote is-layout-flow wp-block-quote-is-layout-flow\">\n<p>&#8220;Foi quando tivemos a not\u00edcia de que, no dia 10, segunda-feira, por volta das 19h, o ve\u00edculo e o suspeito compareceram a um bairro na cidade de Contagem. [&#8230;] Essa fala da testemunha de que o suspeito estava sozinho no carro j\u00e1 me remeteu \u00e0 sensa\u00e7\u00e3o de que, infelizmente, a gente n\u00e3o estava mais procurando a desparecida, a gente estava procurando o corpo de Stefany&#8221;, afirmou Ingrid Estevam.<\/p>\n<\/blockquote>\n\n\n\n<figure class=\"wp-block-image\"><img decoding=\"async\" src=\"https:\/\/s2-g1.glbimg.com\/w4TU_angG5QzAXRtmi812cK6u0Y=\/0x0:372x288\/984x0\/smart\/filters:strip_icc()\/i.s3.glbimg.com\/v1\/AUTH_59edd422c0c84a879bd37670ae4f538a\/internal_photos\/bs\/2025\/V\/G\/9isJxRQrKh0vT8ntGl9g\/joao-gracas.jpg\" alt=\"Jo\u00e3o das Gra\u00e7as Pachola, suspeito de matar adolescente na Grande BH \u2014 Foto: Redes sociais\"\/><\/figure>\n\n\n\n<p class=\"has-small-font-size\">Jo\u00e3o das Gra\u00e7as Pachola, suspeito de matar adolescente na Grande BH \u2014 Foto: Redes sociais<\/p>\n\n\n\n<p>O homem foi&nbsp;localizado em uma casa, em Contagem, confessou o crime e indicou o local onde havia desovado o corpo da v\u00edtima, em&nbsp;<a class=\"\" href=\"https:\/\/g1.globo.com\/mg\/minas-gerais\/cidade\/ribeirao-das-neves\/\">Ribeir\u00e3o das Neves<\/a>.<\/p>\n\n\n\n<h2 class=\"wp-block-heading\">M\u00e3e da v\u00edtima frequentava igreja de pastor<\/h2>\n\n\n\n<p>Jo\u00e3o das Gra\u00e7as Pachola&nbsp;tinha uma igreja, fechada h\u00e1 cerca de um ano. A m\u00e3e de Stefany chegou a frequentar o local.<\/p>\n\n\n\n<blockquote class=\"wp-block-quote is-layout-flow wp-block-quote-is-layout-flow\">\n<p>&#8220;O que n\u00f3s conseguimos durante as entrevistas com a m\u00e3e \u00e9 que, h\u00e1 dois anos, a m\u00e3e da Stefany pediu uma ajuda para o pastor com rela\u00e7\u00e3o \u00e0 filha, porque ela estava tendo alguns pesadelos, e queria uma ajuda, e ele nega essa ajuda. [&#8230;] A m\u00e3e n\u00e3o se sente t\u00e3o confort\u00e1vel naquele ambiente e come\u00e7a a frequentar outra igreja, a\u00ed eles perdem esse v\u00ednculo&#8221;, explicou a delegada.<\/p>\n<\/blockquote>\n\n\n\n<p>Ainda conforme as investiga\u00e7\u00f5es,&nbsp;o homem tinha problemas de relacionamento com a esposa e era usu\u00e1rio de coca\u00edna. N\u00e3o h\u00e1 registros policiais anteriores contra ele.<\/p>\n\n\n\n<h2 class=\"wp-block-heading\">Pris\u00e3o mantida<\/h2>\n\n\n\n<p>O pastor passou por uma audi\u00eancia de cust\u00f3dia, na 1\u00aa Vara Criminal e do Tribunal do J\u00fari da Comarca de Ribeir\u00e3o das Neves, nesta quarta-feira (12), e teve a&nbsp;pris\u00e3o tempor\u00e1ria convertida em preventiva. Ele est\u00e1 detido no Pres\u00eddio Ant\u00f4nio Dutra Ladeira, na mesma cidade.<\/p>\n\n\n\n<p>Tamb\u00e9m nesta quarta-feira,\u00a0o corpo da v\u00edtima foi liberado do Instituto M\u00e9dico-Legal (IML) de Belo Horizonte aos familiares.<\/p>\n\n\n\n<p>Fonte G1 <\/p>\n","protected":false},"excerpt":{"rendered":"<p>Nesta quarta-feira (12), Justi\u00e7a manteve pris\u00e3o de Jo\u00e3o das Gra\u00e7as Pachola, que confessou ter matado a menina Stefany Vit\u00f3ria Teixeira Ferreira, de 13 anos. O pastor Jo\u00e3o das Gra\u00e7as Pachola, que confessou ter&nbsp;matado a menina Stefany Vit\u00f3ria Teixeira Ferreira, de 13 anos, disse \u00e0 pol\u00edcia que cometeu o crime porque a adolescente teria batido no [&hellip;]<\/p>\n","protected":false},"author":8,"featured_media":25678,"comment_status":"closed","ping_status":"open","sticky":false,"template":"","format":"standard","meta":{"rop_custom_images_group":[],"rop_custom_messages_group":[],"rop_publish_now":"initial","rop_publish_now_accounts":[],"rop_publish_now_history":[],"rop_publish_now_status":"pending","footnotes":""},"categories":[199],"tags":[],"class_list":["post-25677","post","type-post","status-publish","format-standard","has-post-thumbnail","hentry","category-policia"],"amp_enabled":true,"_links":{"self":[{"href":"https:\/\/imais.online\/portal\/wp-json\/wp\/v2\/posts\/25677","targetHints":{"allow":["GET"]}}],"collection":[{"href":"https:\/\/imais.online\/portal\/wp-json\/wp\/v2\/posts"}],"about":[{"href":"https:\/\/imais.online\/portal\/wp-json\/wp\/v2\/types\/post"}],"author":[{"embeddable":true,"href":"https:\/\/imais.online\/portal\/wp-json\/wp\/v2\/users\/8"}],"replies":[{"embeddable":true,"href":"https:\/\/imais.online\/portal\/wp-json\/wp\/v2\/comments?post=25677"}],"version-history":[{"count":1,"href":"https:\/\/imais.online\/portal\/wp-json\/wp\/v2\/posts\/25677\/revisions"}],"predecessor-version":[{"id":25679,"href":"https:\/\/imais.online\/portal\/wp-json\/wp\/v2\/posts\/25677\/revisions\/25679"}],"wp:featuredmedia":[{"embeddable":true,"href":"https:\/\/imais.online\/portal\/wp-json\/wp\/v2\/media\/25678"}],"wp:attachment":[{"href":"https:\/\/imais.online\/portal\/wp-json\/wp\/v2\/media?parent=25677"}],"wp:term":[{"taxonomy":"category","embeddable":true,"href":"https:\/\/imais.online\/portal\/wp-json\/wp\/v2\/categories?post=25677"},{"taxonomy":"post_tag","embeddable":true,"href":"https:\/\/imais.online\/portal\/wp-json\/wp\/v2\/tags?post=25677"}],"curies":[{"name":"wp","href":"https:\/\/api.w.org\/{rel}","templated":true}]}}