{"id":25687,"date":"2025-02-13T11:31:06","date_gmt":"2025-02-13T14:31:06","guid":{"rendered":"https:\/\/imais.online\/portal\/?p=25687"},"modified":"2025-02-13T11:31:07","modified_gmt":"2025-02-13T14:31:07","slug":"prefeito-do-rio-confirma-show-de-lady-gaga-em-3-de-maio","status":"publish","type":"post","link":"https:\/\/imais.online\/portal\/prefeito-do-rio-confirma-show-de-lady-gaga-em-3-de-maio\/","title":{"rendered":"Prefeito do Rio confirma show de Lady Gaga em 3 de maio"},"content":{"rendered":"<div class=\"imais-before-content-placement\" id=\"imais-416158937\"><script async src=\"\/\/pagead2.googlesyndication.com\/pagead\/js\/adsbygoogle.js?client=ca-pub-8787528412751566\" crossorigin=\"anonymous\"><\/script><ins class=\"adsbygoogle\" style=\"display:block;\" data-ad-client=\"ca-pub-8787528412751566\" \ndata-ad-slot=\"\" \ndata-ad-format=\"auto\"><\/ins>\n<script> \n(adsbygoogle = window.adsbygoogle || []).push({}); \n<\/script>\n<\/div>\n<p>Informa\u00e7\u00e3o foi dada por Eduardo Paes com exclusividade para a RedeTV nesta quarta-feira (12)<\/p>\n\n\n\n<p>O prefeito do Rio de Janeiro,\u00a0<strong>Eduardo Paes<\/strong>, confirmou nesta quarta-feira (12) que a americana<strong>\u00a0Lady Gaga far\u00e1 um megashow na capital fluminense no dia 3 de maio<\/strong>. A informa\u00e7\u00e3o foi confirmada com exclusividade para a RedeTV.<\/p>\n\n\n\n<p>\u201c<strong>Dia 3 de maio, Lady Gaga no Rio de Janeiro<\/strong>, primeira vez que eu confirmo\u201d, disse o prefeito. Em seguida, ele explicou o motivo de trazer as grandes estrelas \u00e0 capital fluminense.<\/p>\n\n\n\n<p>Eduardo Paes\u00a0declarou: \u201cEu olho para esses grandes evento dessa maneira, eles aquecem a economia, eles trazem a oportunidade, eles divulgam. O Rio \u00e9 uma cidade que vive do seu branding, da sua marca. Fizemos Madonna ano passado e esse ano, tem Lady Gaga, pronto falei\u201d.<\/p>\n\n\n\n<p>O prefeito do Rio ainda confirmou que n\u00e3o se importa em gastar dinheiro p\u00fablico com a cantora americana considerando, por exemplo, a movimenta\u00e7\u00e3o da economia ap\u00f3s o\u00a0megashow de Madonna.<\/p>\n\n\n\n<p>\u201cEnche todos os hot\u00e9is, enche todos os restaurantes, gera emprego e constr\u00f3i essa identidade. O retorno de m\u00eddia do show da Madonna na praia de Copacabana \u00e9 um neg\u00f3cio inacredit\u00e1vel no mundo inteiro\u201d, acrescentou Eduardo Paes.<\/p>\n\n\n\n<p>O prefeito acrescentou que para o pr\u00f3ximo ano, pretende trazer a banda U2 \u00e0 capital fluminense.<\/p>\n\n\n\n<h2 class=\"wp-block-heading\">Show gerava especula\u00e7\u00f5es desde 2024<\/h2>\n\n\n\n<p>Em dezembro do ano passado, o subsecret\u00e1rio de Eventos do estado Rio de Janeiro, Rodrigo Castro,\u00a0antecipou a confirma\u00e7\u00e3o da apresenta\u00e7\u00e3o da cantora americana\u00a0ao citar os principais destaques do calend\u00e1rio fluminense em 2025.<\/p>\n\n\n\n<p>\u201cTem muita novidade boa por a\u00ed. O Governo do Estado est\u00e1 investindo R$ 40 milh\u00f5es no Carnaval (\u2026), depois disso vem Lady Gaga\u201d, disse.<\/p>\n\n\n\n<p>Desde o m\u00eas de novembro, j\u00e1 circulava um rumor de que Gaga faria um megashow gratuito na praia de Copacabana, na zona sul do Rio, em maio de 2025 \u2014 nos moldes do show realizado por Madonna em maio de 2024.<\/p>\n\n\n\n<p>O boato da vinda da artista ao Brasil come\u00e7ou no X, antigo Twitter, ap\u00f3s o&nbsp;<strong>prefeito Eduardo Paes (PSD) fazer suspense sobre o assunto.&nbsp;<\/strong><\/p>\n\n\n\n<p>Depois disso, o jornal O Globo informou que o mesmo formato de contrato assinado por\u00a0Madonna\u00a0teria sido fechado pela\u00a0<strong>Prefeitura do Rio de Janeiro<\/strong>\u00a0com\u00a0Lady Gaga.<\/p>\n\n\n\n<p>A artista tamb\u00e9m foi citada pelo prefeito em uma publica\u00e7\u00e3o na qual ele pediu opini\u00f5es do p\u00fablico. Apesar dos ind\u00edcios, o prefeito afirmou que o an\u00fancio oficial s\u00f3 seria feito em 2025.<\/p>\n\n\n\n<p>O \u00faltimo \u2014 e \u00fanico \u2014 show de Lady Gaga no Brasil ocorreu em 2012. Cinco anos depois, em 2017, ela cancelou de \u00faltima hora a participa\u00e7\u00e3o dela no Rock in Rio 2017 devido a\u00a0fortes dores na coluna causadas por fibromialgia.<\/p>\n\n\n\n<p>Fonte CNN Brasil <\/p>\n","protected":false},"excerpt":{"rendered":"<p>Informa\u00e7\u00e3o foi dada por Eduardo Paes com exclusividade para a RedeTV nesta quarta-feira (12) O prefeito do Rio de Janeiro,\u00a0Eduardo Paes, confirmou nesta quarta-feira (12) que a americana\u00a0Lady Gaga far\u00e1 um megashow na capital fluminense no dia 3 de maio. A informa\u00e7\u00e3o foi confirmada com exclusividade para a RedeTV. \u201cDia 3 de maio, Lady Gaga [&hellip;]<\/p>\n","protected":false},"author":8,"featured_media":25688,"comment_status":"closed","ping_status":"open","sticky":false,"template":"","format":"standard","meta":{"rop_custom_images_group":[],"rop_custom_messages_group":[],"rop_publish_now":"initial","rop_publish_now_accounts":[],"rop_publish_now_history":[],"rop_publish_now_status":"pending","footnotes":""},"categories":[16],"tags":[],"class_list":["post-25687","post","type-post","status-publish","format-standard","has-post-thumbnail","hentry","category-entertainment"],"amp_enabled":true,"_links":{"self":[{"href":"https:\/\/imais.online\/portal\/wp-json\/wp\/v2\/posts\/25687","targetHints":{"allow":["GET"]}}],"collection":[{"href":"https:\/\/imais.online\/portal\/wp-json\/wp\/v2\/posts"}],"about":[{"href":"https:\/\/imais.online\/portal\/wp-json\/wp\/v2\/types\/post"}],"author":[{"embeddable":true,"href":"https:\/\/imais.online\/portal\/wp-json\/wp\/v2\/users\/8"}],"replies":[{"embeddable":true,"href":"https:\/\/imais.online\/portal\/wp-json\/wp\/v2\/comments?post=25687"}],"version-history":[{"count":1,"href":"https:\/\/imais.online\/portal\/wp-json\/wp\/v2\/posts\/25687\/revisions"}],"predecessor-version":[{"id":25689,"href":"https:\/\/imais.online\/portal\/wp-json\/wp\/v2\/posts\/25687\/revisions\/25689"}],"wp:featuredmedia":[{"embeddable":true,"href":"https:\/\/imais.online\/portal\/wp-json\/wp\/v2\/media\/25688"}],"wp:attachment":[{"href":"https:\/\/imais.online\/portal\/wp-json\/wp\/v2\/media?parent=25687"}],"wp:term":[{"taxonomy":"category","embeddable":true,"href":"https:\/\/imais.online\/portal\/wp-json\/wp\/v2\/categories?post=25687"},{"taxonomy":"post_tag","embeddable":true,"href":"https:\/\/imais.online\/portal\/wp-json\/wp\/v2\/tags?post=25687"}],"curies":[{"name":"wp","href":"https:\/\/api.w.org\/{rel}","templated":true}]}}