{"id":25691,"date":"2025-02-15T19:22:43","date_gmt":"2025-02-15T22:22:43","guid":{"rendered":"https:\/\/imais.online\/portal\/?p=25691"},"modified":"2025-02-15T19:22:44","modified_gmt":"2025-02-15T22:22:44","slug":"michael-cinebiografia-do-rei-do-pop-revela-cenas-gravadas-no-rancho-neverland","status":"publish","type":"post","link":"https:\/\/imais.online\/portal\/michael-cinebiografia-do-rei-do-pop-revela-cenas-gravadas-no-rancho-neverland\/","title":{"rendered":"\u2018Michael\u2019: Cinebiografia do Rei do Pop revela cenas gravadas no Rancho Neverland"},"content":{"rendered":"<div class=\"imais-before-content-placement\" id=\"imais-2523904004\"><script async src=\"\/\/pagead2.googlesyndication.com\/pagead\/js\/adsbygoogle.js?client=ca-pub-8787528412751566\" crossorigin=\"anonymous\"><\/script><ins class=\"adsbygoogle\" style=\"display:block;\" data-ad-client=\"ca-pub-8787528412751566\" \ndata-ad-slot=\"\" \ndata-ad-format=\"auto\"><\/ins>\n<script> \n(adsbygoogle = window.adsbygoogle || []).push({}); \n<\/script>\n<\/div>\n<p>A aguardada cinebiografia de&nbsp;<strong><a href=\"https:\/\/cinepop.com.br\/tag\/michael-jackson\/\">Michael Jackson<\/a><\/strong>, intitulada&nbsp;<strong>\u2018Michael\u2019<\/strong>, ganhou um toque de autenticidade ao ter cenas gravadas no lend\u00e1rio Rancho Neverland, a ic\u00f4nica propriedade do falecido Rei do Pop.<\/p>\n\n\n\n<p>Segundo \u00e0<a href=\"https:\/\/ew.com\/michael-jackson-biopic-neverland-ranch-11679956?taid=67af6ac1e6d276000146f043&amp;utm_campaign=trueAnthem%3A+New+Content+%28Feed%29&amp;utm_medium=trueAnthem&amp;utm_source=twitter\">\u00a0Entertainment Weekly<\/a>, a informa\u00e7\u00e3o foi revelada pelo ator\u00a0<strong><a href=\"https:\/\/cinepop.com.br\/tag\/miles-teller\/\">Miles Teller<\/a><\/strong>.<\/p>\n\n\n\n<p><strong>Teller<\/strong>, que interpreta&nbsp;<a href=\"https:\/\/cinepop.com.br\/tag\/john-branca\/\">John Branca<\/a>, o advogado de longa data de<strong>&nbsp;<a href=\"https:\/\/cinepop.com.br\/tag\/michael-jackson\/\">Michael Jackson<\/a><\/strong>, compartilhou detalhes sobre a experi\u00eancia de filmar no local que j\u00e1 abrigou um parque de divers\u00f5es particular.<\/p>\n\n\n\n<p><em>\u201cFilmamos em Neverland, foi surreal\u201d<\/em>, disse o ator de 37 anos.&nbsp;<em>\u201cInterpretar&nbsp;<a href=\"https:\/\/cinepop.com.br\/tag\/john-branca\/\">John Branca<\/a>&nbsp;e estar naquele lugar com toda a sua hist\u00f3ria foi uma experi\u00eancia \u00fanica\u201d.<\/em><\/p>\n\n\n\n<p>Lembrando que Neverland foi adquirida por outro propriet\u00e1rio, ap\u00f3s a morte de\u00a0<strong><a href=\"https:\/\/cinepop.com.br\/tag\/michael-jackson\/\">Michael Jackson<\/a>.\u00a0<\/strong>\u00a0No entanto, a equipe de produ\u00e7\u00e3o do longa trabalhou arduamente para recriar a atmosfera original do rancho.<\/p>\n\n\n\n<p><em>N\u00f3s decoramos o local para a produ\u00e7\u00e3o. Foi incr\u00edvel ver como a equipe conseguiu trazer de volta a magia de Neverland\u201d<\/em>, explicou&nbsp;<strong>Teller<\/strong>.<\/p>\n\n\n\n<p><strong><a href=\"https:\/\/cinepop.com.br\/tag\/miles-teller\/\">Miles Teller<\/a><\/strong>\u00a0tamb\u00e9m compartilhou sua admira\u00e7\u00e3o pelo Rei do Pop, revelando que era um grande f\u00e3 do cantor na juventude.<\/p>\n\n\n\n<p><em>Eu aprendi a fazer o moonwalk quando tinha 11 anos\u201d<\/em>, relembrou o ator.<em>&nbsp;\u201c<a href=\"https:\/\/cinepop.com.br\/tag\/michael-jackson\/\">Michael Jackson<\/a>&nbsp;foi um \u00edcone para mim e para muitas pessoas. Fazer parte deste filme \u00e9 uma honra\u201d.<\/em><\/p>\n\n\n\n<p>Vale lembrar que o&nbsp;filme foi adiado para&nbsp;<strong>0<\/strong><strong>2 de outubro<\/strong>.<\/p>\n\n\n\n<p>O elenco conta com&nbsp;<strong><a href=\"https:\/\/cinepop.com.br\/tag\/jaafar-jackson\/\">Jaafar Jackson<\/a><\/strong>&nbsp;interpretando&nbsp;<a href=\"https:\/\/cinepop.com.br\/tag\/michael-jackson\/\">Michael Jackson<\/a>&nbsp;na fase adulta, enquanto&nbsp;<strong><a href=\"https:\/\/cinepop.com.br\/tag\/juliano-krue-valdi\/\">Juliano Krue Valdi<\/a><\/strong>&nbsp;assume o papel na fase infantil.&nbsp;<strong><a href=\"https:\/\/cinepop.com.br\/tag\/colman-domingo\/\">Colman Domingo<\/a><\/strong>&nbsp;interpreta Joe Jackson, e&nbsp;<strong>Nia Long<\/strong>&nbsp;representa Katherine Jackson, os pais do Rei do Pop.&nbsp;<strong><a href=\"https:\/\/cinepop.com.br\/tag\/miles-teller\/\">Miles Teller<\/a><\/strong>&nbsp;desempenha o papel do advogado&nbsp;<a href=\"https:\/\/cinepop.com.br\/tag\/john-branca\/\">John Branca<\/a>.<\/p>\n\n\n\n<p>Para quem n\u00e3o sabe,&nbsp;<strong>Jaafar<\/strong>&nbsp;\u00e9 filho de<strong>&nbsp;<a href=\"https:\/\/cinepop.com.br\/tag\/jermaine-jackson\/\">Jermaine Jackson<\/a><\/strong>, um dos integrantes da banda&nbsp;<strong>The Jackson 5<\/strong>, na qual&nbsp;<strong>Michael<\/strong>&nbsp;iniciou sua carreira art\u00edstica.<\/p>\n\n\n\n<p>A sinopse oficial do filme destaca que&nbsp;<em>\u201cMichael levar\u00e1 o p\u00fablico a uma representa\u00e7\u00e3o envolvente e honesta do homem brilhante, mas complicado, que se tornou o Rei do Pop. O filme apresenta seus triunfos e trag\u00e9dias em uma escala \u00e9pica e cinematogr\u00e1fica \u2013 desde seu lado humano e lutas pessoais at\u00e9 seu ineg\u00e1vel g\u00eanio criativo, exemplificado por suas performances mais ic\u00f4nicas. Como nunca antes, o p\u00fablico ter\u00e1 uma vis\u00e3o interna de um dos artistas mais influentes e inovadores que o mundo j\u00e1 conheceu.\u201d<\/em><\/p>\n\n\n\n<figure class=\"wp-block-image\"><a href=\"data:image\/svg+xml,%3Csvg%20xmlns=\"><img decoding=\"async\" src=\"https:\/\/cinepop.com.br\/wp-content\/uploads\/2024\/01\/michael-jackson-jaafar-jackson-cinebiografia-1024x672.jpg\" alt=\"Michael Jackson\" class=\"wp-image-466625\"\/><\/a><\/figure>\n\n\n\n<p>Fonte CinePop<\/p>\n","protected":false},"excerpt":{"rendered":"<p>A aguardada cinebiografia de&nbsp;Michael Jackson, intitulada&nbsp;\u2018Michael\u2019, ganhou um toque de autenticidade ao ter cenas gravadas no lend\u00e1rio Rancho Neverland, a ic\u00f4nica propriedade do falecido Rei do Pop. Segundo \u00e0\u00a0Entertainment Weekly, a informa\u00e7\u00e3o foi revelada pelo ator\u00a0Miles Teller. Teller, que interpreta&nbsp;John Branca, o advogado de longa data de&nbsp;Michael Jackson, compartilhou detalhes sobre a experi\u00eancia de filmar [&hellip;]<\/p>\n","protected":false},"author":8,"featured_media":25692,"comment_status":"closed","ping_status":"open","sticky":false,"template":"","format":"standard","meta":{"rop_custom_images_group":[],"rop_custom_messages_group":[],"rop_publish_now":"initial","rop_publish_now_accounts":[],"rop_publish_now_history":[],"rop_publish_now_status":"pending","footnotes":""},"categories":[16],"tags":[],"class_list":["post-25691","post","type-post","status-publish","format-standard","has-post-thumbnail","hentry","category-entertainment"],"amp_enabled":true,"_links":{"self":[{"href":"https:\/\/imais.online\/portal\/wp-json\/wp\/v2\/posts\/25691","targetHints":{"allow":["GET"]}}],"collection":[{"href":"https:\/\/imais.online\/portal\/wp-json\/wp\/v2\/posts"}],"about":[{"href":"https:\/\/imais.online\/portal\/wp-json\/wp\/v2\/types\/post"}],"author":[{"embeddable":true,"href":"https:\/\/imais.online\/portal\/wp-json\/wp\/v2\/users\/8"}],"replies":[{"embeddable":true,"href":"https:\/\/imais.online\/portal\/wp-json\/wp\/v2\/comments?post=25691"}],"version-history":[{"count":1,"href":"https:\/\/imais.online\/portal\/wp-json\/wp\/v2\/posts\/25691\/revisions"}],"predecessor-version":[{"id":25693,"href":"https:\/\/imais.online\/portal\/wp-json\/wp\/v2\/posts\/25691\/revisions\/25693"}],"wp:featuredmedia":[{"embeddable":true,"href":"https:\/\/imais.online\/portal\/wp-json\/wp\/v2\/media\/25692"}],"wp:attachment":[{"href":"https:\/\/imais.online\/portal\/wp-json\/wp\/v2\/media?parent=25691"}],"wp:term":[{"taxonomy":"category","embeddable":true,"href":"https:\/\/imais.online\/portal\/wp-json\/wp\/v2\/categories?post=25691"},{"taxonomy":"post_tag","embeddable":true,"href":"https:\/\/imais.online\/portal\/wp-json\/wp\/v2\/tags?post=25691"}],"curies":[{"name":"wp","href":"https:\/\/api.w.org\/{rel}","templated":true}]}}