{"id":25694,"date":"2025-02-15T19:28:55","date_gmt":"2025-02-15T22:28:55","guid":{"rendered":"https:\/\/imais.online\/portal\/?p=25694"},"modified":"2025-02-15T19:28:56","modified_gmt":"2025-02-15T22:28:56","slug":"fernanda-torres-estampa-capa-de-renomada-revista-americana-em-semana-decisiva-para-o-oscar-2025-ja-ganhou","status":"publish","type":"post","link":"https:\/\/imais.online\/portal\/fernanda-torres-estampa-capa-de-renomada-revista-americana-em-semana-decisiva-para-o-oscar-2025-ja-ganhou\/","title":{"rendered":"Fernanda Torres estampa capa de renomada revista americana em semana decisiva para o Oscar 2025: &#8216;J\u00e1 ganhou&#8217;"},"content":{"rendered":"<div class=\"imais-before-content-placement\" id=\"imais-209590077\"><script async src=\"\/\/pagead2.googlesyndication.com\/pagead\/js\/adsbygoogle.js?client=ca-pub-8787528412751566\" crossorigin=\"anonymous\"><\/script><ins class=\"adsbygoogle\" style=\"display:block;\" data-ad-client=\"ca-pub-8787528412751566\" \ndata-ad-slot=\"\" \ndata-ad-format=\"auto\"><\/ins>\n<script> \n(adsbygoogle = window.adsbygoogle || []).push({}); \n<\/script>\n<\/div>\n<h2 class=\"wp-block-heading\">Atriz \u00e9 destaque da edi\u00e7\u00e3o digital do The Hollywood Reporter<\/h2>\n\n\n\n<p><a class=\"\" href=\"https:\/\/revistamarieclaire.globo.com\/celebridades\/noticia\/2025\/02\/fernanda-torres-volta-a-trocar-elogios-com-ariana-grande-e-ganha-follow-da-cantora-maravilhosa.ghtml\">Fernanda Torres<\/a>\u00a0\u00e9 a capa da nova vers\u00e3o digital da revista americana The Hollywood Reporter, revelada neste s\u00e1bado (15). O ve\u00edculo, conhecido por ser um dos principais dos Estados Unidos no que diz respeito \u00e0 cobertura de cultura e grandes premia\u00e7\u00f5es, publicou uma mat\u00e9ria sobre a brasileira com o t\u00edtulo &#8220;Fernanda Torres j\u00e1 ganhou&#8221;, na semana de vota\u00e7\u00f5es para o Oscar.<\/p>\n\n\n\n<p>A reportagem destaca que Torres ainda n\u00e3o comemorou sua vit\u00f3ria no Globo de Ouro por conta dos inc\u00eandios em Los Angeles e campanha intensiva para o pr\u00eamio concedido pela Academia de Artes e Ci\u00eancias Cinematogr\u00e1ficas. A protagonista de&nbsp;<em>Ainda Estou Aqui&nbsp;<\/em>chega a pontuar que n\u00e3o voltou ao Brasil desde as indica\u00e7\u00f5es, que sa\u00edram em 23 de janeiro, por conta da divulga\u00e7\u00e3o do longa.<\/p>\n\n\n\n<p>O ve\u00edculo ainda procurou Marcelo Rubens Paiva, autor do livro que baseou o primeiro filme original Globoplay e \u00e9 filho do ex-deputado Rubens Paiva, interpretado Selton Mello no t\u00edtulo de Walter Salles. O escritor defende o clima de Copa do Mundo que ir\u00e1 se instaurar no dia da premia\u00e7\u00e3o. &#8220;Cai no meio do Carnaval, ent\u00e3o todo mundo estar\u00e1 comemorando &#8212; mas todos parar\u00e3o para a cerim\u00f4nia&#8221;, diz. E ainda exalta: &#8220;Ser\u00e1 como o pouso na lua&#8221;<\/p>\n\n\n\n<figure class=\"wp-block-image\"><img decoding=\"async\" src=\"https:\/\/s2-marieclaire.glbimg.com\/sPJ86lMegyxwYuPy9YLXPQoZToE=\/0x0:335x435\/984x0\/smart\/filters:strip_icc()\/i.s3.glbimg.com\/v1\/AUTH_51f0194726ca4cae994c33379977582d\/internal_photos\/bs\/2025\/k\/N\/A2G9xZTBeBSyhOxPJmUA\/torres1.png\" alt=\"'Fernanda Torres j\u00e1 venceu': atriz estampa capa da revista americana The Hollywood Reporter \u2014 Foto: Reprodu\u00e7\u00e3o\/The Hollywood Reporter\"\/><\/figure>\n\n\n\n<p class=\"has-small-font-size\">&#8216;Fernanda Torres j\u00e1 venceu&#8217;: atriz estampa capa da revista americana The Hollywood Reporter \u2014 Foto: Reprodu\u00e7\u00e3o\/The Hollywood Reporter<\/p>\n\n\n\n<h2 class=\"wp-block-heading\">Fernanda Montenegro celebra a filha em entrevista<\/h2>\n\n\n\n<p>O THR tamb\u00e9m fez uma breve entrevista com Fernanda Montenegro a respeito da indica\u00e7\u00e3o de Fernanda Torres ao Oscar 2025 e aclama\u00e7\u00e3o internacional. &#8220;H\u00e1 um milagre na minha vida. Viver quase 100 anos e ver minha filha se realizar como ser humano e artista criativa. Fernanda \u00e9 uma alma renascentista&#8221;, celebrou.<\/p>\n\n\n\n<p>E, ao ser questionada sobre algum conselho que teria dado \u00e0 filha, a veterana soltou: &#8220;Ela j\u00e1 ganhou \u2014 antes, durante e depois. Ser indicada \u00e9 o Oscar em si&#8221;.<\/p>\n\n\n\n<figure class=\"wp-block-image\"><img decoding=\"async\" src=\"https:\/\/s2-marieclaire.glbimg.com\/2Mmit551p-tGHLuTcrmltIKKqGo=\/0x0:1296x835\/984x0\/smart\/filters:strip_icc()\/i.s3.glbimg.com\/v1\/AUTH_51f0194726ca4cae994c33379977582d\/internal_photos\/bs\/2025\/C\/m\/lE32RhSfA3DlAS9BZYRw\/fernandatorres6.png\" alt=\"Fernanda Torres \u00e9 aclamada por revista americana em semana de vota\u00e7\u00f5es para o Oscar 2025 \u2014 Foto: Reprodu\u00e7\u00e3o\/Beau Grealy para The Hollywood\u00a0Reporter\"\/><figcaption class=\"wp-element-caption\">Fernanda Torres \u00e9 aclamada por revista americana em semana de vota\u00e7\u00f5es para o Oscar 2025 \u2014 Foto: Reprodu\u00e7\u00e3o\/Beau Grealy para The Hollywood&nbsp;Reporter<\/figcaption><\/figure>\n\n\n\n<h2 class=\"wp-block-heading\">Fernanda Torres escrevia cartas para Ruben Paiva como se fosse Eunice<\/h2>\n\n\n\n<p>Ao detalhar o processo de constru\u00e7\u00e3o de personagem de Eunice Paiva, Fernanda Torres conta que teve prepara\u00e7\u00e3o com Helena Varvaki e um psiquiatra. &#8220;Ela trabalhava mem\u00f3rias&#8221;, explica. &#8220;Dizia: &#8216;Hoje eu quero que voc\u00ea deite e ou\u00e7a \u2014 porque acho que Eunice passa muito tempo na pris\u00e3o ouvindo&#8217;. Coisas que eu imaginei naquele dia ainda estavam comigo quando filmamos as cenas da pris\u00e3o.&#8221;<\/p>\n\n\n\n<p>Ent\u00e3o, ao final de cada sess\u00e3o, a protagonista escrevia uma carta no papel de Eunice, como se fosse envi\u00e1-la ao seu marido ou a um de seus filhos. &#8220;Ela realmente construiu um reservat\u00f3rio de mem\u00f3rias para mim&#8221;, exalta.<\/p>\n\n\n\n<h2 class=\"wp-block-heading\">Fernanda Torres relembra censura \u00e0 Montenegro na Ditadura Militar<\/h2>\n\n\n\n<p>Na mesma entrevista, Torres relembra quando seus pais foram detidos para serem interrogados em um centro de tortura durante a Ditadura Militar Brasileira. &#8220;Eles disseram \u00e0 minha m\u00e3e: &#8216;Por que voc\u00ea riu quando ele disse isso?&#8217;. E ela ficou paralisada. Meu pai [Fernando Torres] disse: &#8216;Voc\u00ea est\u00e1 enganada. Essa n\u00e3o \u00e9 a risada dela.&#8217; Ele os convenceu e eles a deixaram ir&#8221;, conta.<\/p>\n\n\n\n<p>E refor\u00e7a: &#8220;Pessoas foram mortas. Uma bomba explodiu em um est\u00e1dio. E minha m\u00e3e recebeu amea\u00e7as de morte no teatro. Houve um chamado dizendo que se ela subisse no palco, ela seria morta\u201d.<\/p>\n\n\n\n<figure class=\"wp-block-image\"><img decoding=\"async\" src=\"https:\/\/s2-marieclaire.glbimg.com\/to6DyehvvG-aQx6zLUX9OCD2Xlk=\/0x0:864x1296\/984x0\/smart\/filters:strip_icc()\/i.s3.glbimg.com\/v1\/AUTH_51f0194726ca4cae994c33379977582d\/internal_photos\/bs\/2025\/3\/U\/3a0EVgSCaQOw8T0DArDg\/fernandatorres1.png\" alt=\"Fernanda Torres \u00e9 aclamada por revista americana em semana de vota\u00e7\u00f5es para o Oscar 2025 \u2014 Foto: Reprodu\u00e7\u00e3o\/Beau Grealy para The Hollywood\u00a0Reporter\"\/><figcaption class=\"wp-element-caption\">Fernanda Torres \u00e9 aclamada por revista americana em semana de vota\u00e7\u00f5es para o Oscar 2025 \u2014 Foto: Reprodu\u00e7\u00e3o\/Beau Grealy para The Hollywood&nbsp;Reporter<\/figcaption><\/figure>\n\n\n\n<figure class=\"wp-block-image\"><img decoding=\"async\" src=\"https:\/\/s2-marieclaire.glbimg.com\/xrskDuRaHhwkd7Rqopf6WnfZpxI=\/0x0:948x1296\/984x0\/smart\/filters:strip_icc()\/i.s3.glbimg.com\/v1\/AUTH_51f0194726ca4cae994c33379977582d\/internal_photos\/bs\/2025\/7\/q\/0rV0PIQYW0AS6teES92Q\/fernandatorres7.png\" alt=\"Fernanda Torres \u00e9 aclamada por revista americana em semana de vota\u00e7\u00f5es para o Oscar 2025 \u2014 Foto: Reprodu\u00e7\u00e3o\/Beau Grealy para The Hollywood\u00a0Reporter\"\/><figcaption class=\"wp-element-caption\">Fernanda Torres \u00e9 aclamada por revista americana em semana de vota\u00e7\u00f5es para o Oscar 2025 \u2014 Foto: Reprodu\u00e7\u00e3o\/Beau Grealy para The Hollywood&nbsp;Reporter<\/figcaption><\/figure>\n\n\n\n<p>Fonte Marie Claire <\/p>\n","protected":false},"excerpt":{"rendered":"<p>Atriz \u00e9 destaque da edi\u00e7\u00e3o digital do The Hollywood Reporter Fernanda Torres\u00a0\u00e9 a capa da nova vers\u00e3o digital da revista americana The Hollywood Reporter, revelada neste s\u00e1bado (15). O ve\u00edculo, conhecido por ser um dos principais dos Estados Unidos no que diz respeito \u00e0 cobertura de cultura e grandes premia\u00e7\u00f5es, publicou uma mat\u00e9ria sobre a [&hellip;]<\/p>\n","protected":false},"author":8,"featured_media":25695,"comment_status":"closed","ping_status":"open","sticky":false,"template":"","format":"standard","meta":{"rop_custom_images_group":[],"rop_custom_messages_group":[],"rop_publish_now":"initial","rop_publish_now_accounts":[],"rop_publish_now_history":[],"rop_publish_now_status":"pending","footnotes":""},"categories":[16],"tags":[],"class_list":["post-25694","post","type-post","status-publish","format-standard","has-post-thumbnail","hentry","category-entertainment"],"amp_enabled":true,"_links":{"self":[{"href":"https:\/\/imais.online\/portal\/wp-json\/wp\/v2\/posts\/25694","targetHints":{"allow":["GET"]}}],"collection":[{"href":"https:\/\/imais.online\/portal\/wp-json\/wp\/v2\/posts"}],"about":[{"href":"https:\/\/imais.online\/portal\/wp-json\/wp\/v2\/types\/post"}],"author":[{"embeddable":true,"href":"https:\/\/imais.online\/portal\/wp-json\/wp\/v2\/users\/8"}],"replies":[{"embeddable":true,"href":"https:\/\/imais.online\/portal\/wp-json\/wp\/v2\/comments?post=25694"}],"version-history":[{"count":1,"href":"https:\/\/imais.online\/portal\/wp-json\/wp\/v2\/posts\/25694\/revisions"}],"predecessor-version":[{"id":25696,"href":"https:\/\/imais.online\/portal\/wp-json\/wp\/v2\/posts\/25694\/revisions\/25696"}],"wp:featuredmedia":[{"embeddable":true,"href":"https:\/\/imais.online\/portal\/wp-json\/wp\/v2\/media\/25695"}],"wp:attachment":[{"href":"https:\/\/imais.online\/portal\/wp-json\/wp\/v2\/media?parent=25694"}],"wp:term":[{"taxonomy":"category","embeddable":true,"href":"https:\/\/imais.online\/portal\/wp-json\/wp\/v2\/categories?post=25694"},{"taxonomy":"post_tag","embeddable":true,"href":"https:\/\/imais.online\/portal\/wp-json\/wp\/v2\/tags?post=25694"}],"curies":[{"name":"wp","href":"https:\/\/api.w.org\/{rel}","templated":true}]}}