{"id":25712,"date":"2025-02-16T16:26:01","date_gmt":"2025-02-16T19:26:01","guid":{"rendered":"https:\/\/imais.online\/portal\/?p=25712"},"modified":"2025-02-16T16:26:01","modified_gmt":"2025-02-16T19:26:01","slug":"jogador-do-xv-de-jau-sofre-mal-subito-e-morre-antes-de-jogo","status":"publish","type":"post","link":"https:\/\/imais.online\/portal\/jogador-do-xv-de-jau-sofre-mal-subito-e-morre-antes-de-jogo\/","title":{"rendered":"Jogador do XV de Ja\u00fa sofre mal s\u00fabito e morre antes de jogo"},"content":{"rendered":"<div class=\"imais-before-content-placement\" id=\"imais-3650156373\"><script async src=\"\/\/pagead2.googlesyndication.com\/pagead\/js\/adsbygoogle.js?client=ca-pub-8787528412751566\" crossorigin=\"anonymous\"><\/script><ins class=\"adsbygoogle\" style=\"display:block;\" data-ad-client=\"ca-pub-8787528412751566\" \ndata-ad-slot=\"\" \ndata-ad-format=\"auto\"><\/ins>\n<script> \n(adsbygoogle = window.adsbygoogle || []).push({}); \n<\/script>\n<\/div>\n<h2 class=\"wp-block-heading\">Meio-campista faleceu durante a prepara\u00e7\u00e3o para o jogo contra o Uni\u00e3o Suzano, pela S\u00e9rie A3 do Paulist\u00e3o.<\/h2>\n\n\n\n<p><strong>O meio-campista Gabriel Pop\u00f3<\/strong>, de apenas&nbsp;<strong>26 anos<\/strong>, faleceu na manh\u00e3 deste domingo, ap\u00f3s ter sofrido um mal s\u00fabito em seu alojamento. O incidente ocorreu enquanto o&nbsp;<strong><a href=\"https:\/\/abcdoabc.com.br\/ec-sao-bernardo-leva-gol-no-fim-e-perde-do-xv-de-jau-na-a3\/\">XV de Ja\u00fa<\/a><\/strong>&nbsp;se preparava para enfrentar o&nbsp;<strong>Uni\u00e3o Suzano<\/strong>&nbsp;pela&nbsp;<a href=\"https:\/\/www.futebolpaulista.com.br\/Noticias\/Detalhe.aspx?Noticia=28559\"><strong>S\u00e9rie A-3 do Campeonato Paulista<\/strong><\/a>.<\/p>\n\n\n\n<p>A partida que seria realizada no est\u00e1dio da equipe foi adiada em decorr\u00eancia da tr\u00e1gica not\u00edcia. Gabriel n\u00e3o estava na lista de jogadores relacionados para o confronto. Ele foi encontrado por seu companheiro de quarto, que acordou para o caf\u00e9 da manh\u00e3 e percebeu a gravidade da situa\u00e7\u00e3o.<\/p>\n\n\n\n<p>Ap\u00f3s a descoberta, o atleta foi imediatamente levado a um&nbsp;<strong>hospital<\/strong>, onde infelizmente n\u00e3o conseguiu sobreviver.&nbsp;<strong>Gabriel Pop\u00f3<\/strong>&nbsp;havia ingressado no&nbsp;<strong>XV de Ja\u00fa<\/strong>&nbsp;no in\u00edcio da temporada atual e tinha como objetivo contribuir na disputa da terceira divis\u00e3o estadual. Antes de sua passagem pelo clube, ele teve passagens por equipes como&nbsp;<strong>Sampaio Corr\u00eaa<\/strong>,&nbsp;<strong>Souza<\/strong>&nbsp;e&nbsp;<strong>Linense<\/strong>.<\/p>\n\n\n\n<p>No ano corrente, Pop\u00f3 participou apenas de uma partida, onde entrou durante o segundo tempo em um jogo contra o&nbsp;<strong>Bandeirante<\/strong>, realizado no in\u00edcio de&nbsp;<strong>fevereiro<\/strong>.<\/p>\n\n\n\n<p>At\u00e9 o momento, o clube n\u00e3o se pronunciou oficialmente sobre o falecimento do jogador. Entretanto, a&nbsp;<strong>Federa\u00e7\u00e3o Paulista de Futebol<\/strong>&nbsp;expressou seu pesar atrav\u00e9s de uma nota publicada em seu site oficial, lamentando a perda do atleta.<\/p>\n\n\n\n<h2 class=\"wp-block-heading\">CONFIRA A NOTA OFICIAL DO XV DE JA\u00da<\/h2>\n\n\n\n<p><em>LUTO<\/em><\/p>\n\n\n\n<p><em>\u00c9 com uma dor e tristeza imensur\u00e1vel que comunicamos o falecimento do atleta Gabriel Prot\u00e1sio, o Pop\u00f3. O jogador foi atendido no alojamento e levado prontamente para a Santa Casa de Ja\u00fa. A causa do \u00f3bito est\u00e1 sob investiga\u00e7\u00e3o e ser\u00e1 confirmada assim que o laudo for emitido pelo \u00f3rg\u00e3o respons\u00e1vel.<\/em><\/p>\n\n\n\n<p><em>Em respeito a esse momento de luto, e em comum acordo entre o XV de Ja\u00fa, Uni\u00e3o Suzano e a Federa\u00e7\u00e3o Paulista de Futebol, a partida programada para hoje foi cancelada.<\/em><\/p>\n\n\n\n<p><em>Neste momento de dor, expressamos nossa solidariedade \u00e0 fam\u00edlia, membros do clube, amigos e companheiros de Gabriel Pop\u00f3. Que sua mem\u00f3ria seja honrada e que possamos encontrar for\u00e7as para enfrentar essa perda irrepar\u00e1vel.<\/em><\/p>\n\n\n\n<p><em>Atenciosamente,<br>Esporte Clube XV de Novembro de Ja\u00fa<\/em><\/p>\n\n\n\n<p><\/p>\n","protected":false},"excerpt":{"rendered":"<p>Meio-campista faleceu durante a prepara\u00e7\u00e3o para o jogo contra o Uni\u00e3o Suzano, pela S\u00e9rie A3 do Paulist\u00e3o. O meio-campista Gabriel Pop\u00f3, de apenas&nbsp;26 anos, faleceu na manh\u00e3 deste domingo, ap\u00f3s ter sofrido um mal s\u00fabito em seu alojamento. O incidente ocorreu enquanto o&nbsp;XV de Ja\u00fa&nbsp;se preparava para enfrentar o&nbsp;Uni\u00e3o Suzano&nbsp;pela&nbsp;S\u00e9rie A-3 do Campeonato Paulista. A [&hellip;]<\/p>\n","protected":false},"author":8,"featured_media":25713,"comment_status":"closed","ping_status":"open","sticky":false,"template":"","format":"standard","meta":{"rop_custom_images_group":[],"rop_custom_messages_group":[],"rop_publish_now":"initial","rop_publish_now_accounts":[],"rop_publish_now_history":[],"rop_publish_now_status":"pending","footnotes":""},"categories":[237],"tags":[],"class_list":["post-25712","post","type-post","status-publish","format-standard","has-post-thumbnail","hentry","category-luto"],"amp_enabled":true,"_links":{"self":[{"href":"https:\/\/imais.online\/portal\/wp-json\/wp\/v2\/posts\/25712","targetHints":{"allow":["GET"]}}],"collection":[{"href":"https:\/\/imais.online\/portal\/wp-json\/wp\/v2\/posts"}],"about":[{"href":"https:\/\/imais.online\/portal\/wp-json\/wp\/v2\/types\/post"}],"author":[{"embeddable":true,"href":"https:\/\/imais.online\/portal\/wp-json\/wp\/v2\/users\/8"}],"replies":[{"embeddable":true,"href":"https:\/\/imais.online\/portal\/wp-json\/wp\/v2\/comments?post=25712"}],"version-history":[{"count":1,"href":"https:\/\/imais.online\/portal\/wp-json\/wp\/v2\/posts\/25712\/revisions"}],"predecessor-version":[{"id":25714,"href":"https:\/\/imais.online\/portal\/wp-json\/wp\/v2\/posts\/25712\/revisions\/25714"}],"wp:featuredmedia":[{"embeddable":true,"href":"https:\/\/imais.online\/portal\/wp-json\/wp\/v2\/media\/25713"}],"wp:attachment":[{"href":"https:\/\/imais.online\/portal\/wp-json\/wp\/v2\/media?parent=25712"}],"wp:term":[{"taxonomy":"category","embeddable":true,"href":"https:\/\/imais.online\/portal\/wp-json\/wp\/v2\/categories?post=25712"},{"taxonomy":"post_tag","embeddable":true,"href":"https:\/\/imais.online\/portal\/wp-json\/wp\/v2\/tags?post=25712"}],"curies":[{"name":"wp","href":"https:\/\/api.w.org\/{rel}","templated":true}]}}