{"id":25724,"date":"2025-02-17T06:59:49","date_gmt":"2025-02-17T09:59:49","guid":{"rendered":"https:\/\/imais.online\/portal\/?p=25724"},"modified":"2025-02-17T06:59:50","modified_gmt":"2025-02-17T09:59:50","slug":"do-ensino-publico-de-sp-ao-japao-professor-transforma-paixao-pela-lingua-japonesa-em-oportunidade","status":"publish","type":"post","link":"https:\/\/imais.online\/portal\/do-ensino-publico-de-sp-ao-japao-professor-transforma-paixao-pela-lingua-japonesa-em-oportunidade\/","title":{"rendered":"Do ensino p\u00fablico de SP ao Jap\u00e3o: professor transforma paix\u00e3o pela l\u00edngua japonesa em oportunidade"},"content":{"rendered":"<div class=\"imais-before-content-placement\" id=\"imais-3956812248\"><script async src=\"\/\/pagead2.googlesyndication.com\/pagead\/js\/adsbygoogle.js?client=ca-pub-8787528412751566\" crossorigin=\"anonymous\"><\/script><ins class=\"adsbygoogle\" style=\"display:block;\" data-ad-client=\"ca-pub-8787528412751566\" \ndata-ad-slot=\"\" \ndata-ad-format=\"auto\"><\/ins>\n<script> \n(adsbygoogle = window.adsbygoogle || []).push({}); \n<\/script>\n<\/div>\n<p class=\"has-text-align-center\">Jos\u00e9 Matheus Tavares dos Santos, professor na Baixada Santista, participou do programa de est\u00e1gio em Toyama; Seduc-SP abriu nova sele\u00e7\u00e3o<\/p>\n\n\n\n<p>O professor Jos\u00e9 Matheus Tavares dos Santos \u00e9 um exemplo de como o ensino p\u00fablico e a paix\u00e3o pela educa\u00e7\u00e3o podem abrir portas internacionais. Aos 35 anos, ele \u00e9 professor de l\u00edngua portuguesa e japonesa na rede estadual de S\u00e3o Paulo e teve sua vida transformada pelo Programa de Est\u00e1gio para Promo\u00e7\u00e3o da Conviv\u00eancia Multicultural na Prov\u00edncia de Toyama.<\/p>\n\n\n\n<p>Sem ascend\u00eancia japonesa, Jos\u00e9 Matheus se destacou no aprendizado do idioma e se licenciou em letras portugu\u00eas e japon\u00eas pela Unesp (Universidade Estadual Paulista) em 2010. \u201cSempre fui aluno da rede estadual e muito interessado em l\u00ednguas. Estudei espanhol no CEL durante o Ensino M\u00e9dio, sem imaginar que um dia daria aulas ali\u201d, relembra.<\/p>\n\n\n\n<p>Em 2019, come\u00e7ou a dar aulas de japon\u00eas no Centro de Estudos de L\u00ednguas (CEL) da Escola Estadual Martim Afonso, em S\u00e3o Vicente. Sua dedica\u00e7\u00e3o ao ensino da l\u00edngua japonesa o levou a ser selecionado para o est\u00e1gio em Toyama em 2023, onde passou um ano imerso na educa\u00e7\u00e3o japonesa.<\/p>\n\n\n\n<h2 class=\"wp-block-heading\"><strong>A experi\u00eancia no Jap\u00e3o e o impacto na educa\u00e7\u00e3o<\/strong><\/h2>\n\n\n\n<figure class=\"wp-block-image size-full\"><img loading=\"lazy\" decoding=\"async\" width=\"1024\" height=\"798\" src=\"https:\/\/imais.online\/portal\/wp-content\/uploads\/2025\/02\/WhatsApp-Image-2025-02-14-at-15.33.42-1-1024x798-1.jpeg\" alt=\"\" class=\"wp-image-25725\" srcset=\"https:\/\/imais.online\/portal\/wp-content\/uploads\/2025\/02\/WhatsApp-Image-2025-02-14-at-15.33.42-1-1024x798-1.jpeg 1024w, https:\/\/imais.online\/portal\/wp-content\/uploads\/2025\/02\/WhatsApp-Image-2025-02-14-at-15.33.42-1-1024x798-1-300x234.jpeg 300w, https:\/\/imais.online\/portal\/wp-content\/uploads\/2025\/02\/WhatsApp-Image-2025-02-14-at-15.33.42-1-1024x798-1-768x599.jpeg 768w\" sizes=\"auto, (max-width: 1024px) 100vw, 1024px\" \/><figcaption class=\"wp-element-caption\"><em>Jos\u00e9 Matheus dando aula para crian\u00e7as em escola japonesa. Foto: Seduc-SP\/Governo de SP<\/em><\/figcaption><\/figure>\n\n\n\n<p><\/p>\n\n\n\n<p>Ao ser selecionado para o programa, Jos\u00e9 Matheus viu a oportunidade de aprofundar seus conhecimentos e atuar diretamente em escolas japonesas. \u201cFinalmente, poderia conhecer um dos sistemas educacionais mais valorizados do mundo, acompanhando de perto alunos e professores\u201d, conta.<\/p>\n\n\n\n<p>Em Takaoka, na prov\u00edncia de Toyama, ele trabalhou na Escola Elementar de Nomura e auxiliou alunos brasileiros na Escola Makino. Tamb\u00e9m foi volunt\u00e1rio na ONG educacional Alece, ajudando estudantes do Ensino M\u00e9dio. \u201cAprendi que a educa\u00e7\u00e3o \u00e9 um instrumento de mudan\u00e7a social, mas que essa mudan\u00e7a real exige articula\u00e7\u00e3o entre diversas \u00e1reas do poder p\u00fablico\u201d, reflete.<\/p>\n\n\n\n<p>Ao voltar ao Brasil, sua experi\u00eancia internacional lhe garantiu um papel de destaque na Diretoria de Ensino de S\u00e3o Vicente, atuando na implanta\u00e7\u00e3o, na regi\u00e3o, do programa Prontos pro Mundo, que envia alunos da rede estadual para interc\u00e2mbios em pa\u00edses de l\u00edngua inglesa. Atualmente, ele est\u00e1 novamente no Jap\u00e3o, conduzindo uma pesquisa em educa\u00e7\u00e3o multicultural na Universidade de Educa\u00e7\u00e3o de T\u00f3quio.<\/p>\n\n\n\n<h2 class=\"wp-block-heading\"><strong>Inscri\u00e7\u00f5es abertas para o Programa de Est\u00e1gio em Toyama 2025<\/strong><\/h2>\n\n\n\n<p>Professores da rede estadual de S\u00e3o Paulo t\u00eam a chance de seguir os passos de Jos\u00e9 Matheus. As inscri\u00e7\u00f5es para o Programa de Est\u00e1gio em Toyama 2025 est\u00e3o abertas at\u00e9 21 de fevereiro. O programa, promovido pelo Governo da Prov\u00edncia de Toyama em parceria com a&nbsp;<a href=\"https:\/\/www.educacao.sp.gov.br\/\" target=\"_blank\" rel=\"noreferrer noopener\">Secretaria da Educa\u00e7\u00e3o do Estado de S\u00e3o Paulo (Seduc-SP)<\/a>, oferecer\u00e1 a um professor da rede a oportunidade de atuar por um ano em uma escola japonesa, auxiliando alunos brasileiros e aprendendo sobre o sistema educacional do pa\u00eds.<\/p>\n\n\n\n<p>O est\u00e1gio inclui assist\u00eancia nas aulas de l\u00edngua japonesa, observa\u00e7\u00e3o de aulas, acompanhamento de estudantes, tradu\u00e7\u00e3o e interpreta\u00e7\u00e3o. Todas as despesas com passagens, transporte no Jap\u00e3o, seguro e uma bolsa mensal ser\u00e3o custeadas pelo governo japon\u00eas. Os interessados devem ser professores efetivos da Seduc-SP e possuir profici\u00eancia em japon\u00eas equivalente ao n\u00edvel N3 do Exame de Profici\u00eancia em L\u00edngua Japonesa (JLPT).<\/p>\n\n\n\n<p>As entrevistas devem acontecer entre 26 de fevereiro e 7 de mar\u00e7o na Escola de Forma\u00e7\u00e3o e Aperfei\u00e7oamento dos Profissionais da Educa\u00e7\u00e3o (Efape), em S\u00e3o Paulo. O embarque do selecionado deve ocorrer em julho de 2025.<\/p>\n\n\n\n<h2 class=\"wp-block-heading\"><strong>Uma inspira\u00e7\u00e3o para novos professores<\/strong><\/h2>\n\n\n\n<p>Para Jos\u00e9 Matheus, sua trajet\u00f3ria reflete a import\u00e2ncia da educa\u00e7\u00e3o p\u00fablica na transforma\u00e7\u00e3o de vidas. \u201cN\u00e3o sei se posso inspirar os estudantes dos CELs a se tornarem professores, mas sei que sem a educa\u00e7\u00e3o p\u00fablica, o menino da periferia da Baixada Santista n\u00e3o estaria hoje apoiando estudantes brasileiros do outro lado do planeta\u201d, conclui.<\/p>\n\n\n\n<p>No ano passado, a professora da rede selecionada foi Juliana Mariko Shimoda. Recentemente, Juliana compartilhou sua experi\u00eancia com a equipe do programa. Ela est\u00e1 no Jap\u00e3o e deve retornar no fim deste semestre. \u201cAtualmente, presto assist\u00eancia e apoio a crian\u00e7as estrangeiras que necessitam de suporte mais detalhado no aprendizado de japon\u00eas e outras mat\u00e9rias em uma escola de ensino fundamental na cidade de Takaoka. H\u00e1 muitas nacionalidades diferentes, como brasileiros, paraguaios, chineses, iranianos e paquistaneses\u201d, diz.<\/p>\n\n\n\n<p>\u201cTenho uma filha de 9 anos e conversamos por videochamada todos os dias. Sinto muita falta dela, mas quando estou triste e converso com ela, me d\u00e1 vontade de melhorar, de ser uma professora melhor, de ser uma professora mais \u00fatil, e me d\u00e1 vontade de trabalhar cada vez mais. Tenho que fazer o sacrif\u00edcio de morar longe dela valer a pena. Para tanto tenho que ser forte e me esfor\u00e7ar o m\u00e1ximo poss\u00edvel. Sei que todo o conhecimento e enriquecimento cultural que adquiri durante esta estadia n\u00e3o s\u00f3 me tornar\u00e1 uma profissional mais bem preparada, mas tamb\u00e9m um ser humano mais determinado e mais s\u00e1bio\u201d, complementa.O regulamento do programa e a ficha de inscri\u00e7\u00e3o est\u00e3o dispon\u00edveis no portal da Efape,&nbsp;<a href=\"http:\/\/www.escoladeformacao.sp.gov.br\/portais\/Default.aspx?tabid=9035\" target=\"_blank\" rel=\"noreferrer noopener\">neste link.<\/a><\/p>\n","protected":false},"excerpt":{"rendered":"<p>Jos\u00e9 Matheus Tavares dos Santos, professor na Baixada Santista, participou do programa de est\u00e1gio em Toyama; Seduc-SP abriu nova sele\u00e7\u00e3o O professor Jos\u00e9 Matheus Tavares dos Santos \u00e9 um exemplo de como o ensino p\u00fablico e a paix\u00e3o pela educa\u00e7\u00e3o podem abrir portas internacionais. Aos 35 anos, ele \u00e9 professor de l\u00edngua portuguesa e japonesa [&hellip;]<\/p>\n","protected":false},"author":7,"featured_media":25726,"comment_status":"closed","ping_status":"open","sticky":false,"template":"","format":"standard","meta":{"rop_custom_images_group":[],"rop_custom_messages_group":[],"rop_publish_now":"initial","rop_publish_now_accounts":[],"rop_publish_now_history":[],"rop_publish_now_status":"pending","footnotes":""},"categories":[195],"tags":[],"class_list":["post-25724","post","type-post","status-publish","format-standard","has-post-thumbnail","hentry","category-sao-paulo"],"amp_enabled":true,"_links":{"self":[{"href":"https:\/\/imais.online\/portal\/wp-json\/wp\/v2\/posts\/25724","targetHints":{"allow":["GET"]}}],"collection":[{"href":"https:\/\/imais.online\/portal\/wp-json\/wp\/v2\/posts"}],"about":[{"href":"https:\/\/imais.online\/portal\/wp-json\/wp\/v2\/types\/post"}],"author":[{"embeddable":true,"href":"https:\/\/imais.online\/portal\/wp-json\/wp\/v2\/users\/7"}],"replies":[{"embeddable":true,"href":"https:\/\/imais.online\/portal\/wp-json\/wp\/v2\/comments?post=25724"}],"version-history":[{"count":1,"href":"https:\/\/imais.online\/portal\/wp-json\/wp\/v2\/posts\/25724\/revisions"}],"predecessor-version":[{"id":25727,"href":"https:\/\/imais.online\/portal\/wp-json\/wp\/v2\/posts\/25724\/revisions\/25727"}],"wp:featuredmedia":[{"embeddable":true,"href":"https:\/\/imais.online\/portal\/wp-json\/wp\/v2\/media\/25726"}],"wp:attachment":[{"href":"https:\/\/imais.online\/portal\/wp-json\/wp\/v2\/media?parent=25724"}],"wp:term":[{"taxonomy":"category","embeddable":true,"href":"https:\/\/imais.online\/portal\/wp-json\/wp\/v2\/categories?post=25724"},{"taxonomy":"post_tag","embeddable":true,"href":"https:\/\/imais.online\/portal\/wp-json\/wp\/v2\/tags?post=25724"}],"curies":[{"name":"wp","href":"https:\/\/api.w.org\/{rel}","templated":true}]}}