{"id":25728,"date":"2025-02-17T07:01:54","date_gmt":"2025-02-17T10:01:54","guid":{"rendered":"https:\/\/imais.online\/portal\/?p=25728"},"modified":"2025-02-17T07:01:55","modified_gmt":"2025-02-17T10:01:55","slug":"governo-de-sao-paulo-convoca-populacao-para-a-imunizacao-contra-febre-amarela","status":"publish","type":"post","link":"https:\/\/imais.online\/portal\/governo-de-sao-paulo-convoca-populacao-para-a-imunizacao-contra-febre-amarela\/","title":{"rendered":"Governo de S\u00e3o Paulo convoca popula\u00e7\u00e3o para a imuniza\u00e7\u00e3o contra febre amarela"},"content":{"rendered":"<div class=\"imais-before-content-placement\" id=\"imais-2573247894\"><script async src=\"\/\/pagead2.googlesyndication.com\/pagead\/js\/adsbygoogle.js?client=ca-pub-8787528412751566\" crossorigin=\"anonymous\"><\/script><ins class=\"adsbygoogle\" style=\"display:block;\" data-ad-client=\"ca-pub-8787528412751566\" \ndata-ad-slot=\"\" \ndata-ad-format=\"auto\"><\/ins>\n<script> \n(adsbygoogle = window.adsbygoogle || []).push({}); \n<\/script>\n<\/div>\n<p>Estado j\u00e1 registrou 12 casos e oito \u00f3bitos em humanos, al\u00e9m de 30 casos em primatas<\/p>\n\n\n\n<p>O Governo de S\u00e3o Paulo convoca toda a popula\u00e7\u00e3o do Estado para a imuniza\u00e7\u00e3o contra febre amarela ap\u00f3s confirmar doze casos, tendo oito evolu\u00eddo para \u00f3bito, todos com hist\u00f3rico de n\u00e3o vacina\u00e7\u00e3o. A imuniza\u00e7\u00e3o \u00e9 a medida mais eficaz de prote\u00e7\u00e3o contra a doen\u00e7a.<\/p>\n\n\n\n<p>Desde o ano passado, a&nbsp;<a href=\"https:\/\/saude.sp.gov.br\/\" target=\"_blank\" rel=\"noreferrer noopener\">Secretaria de Estado da Sa\u00fade<\/a>&nbsp;de S\u00e3o Paulo (SES-SP) registrou 30 casos em primatas nas regi\u00f5es de Ribeir\u00e3o Preto, Campinas, Barretos e Osasco.<\/p>\n\n\n\n<p>\u201c\u00c9 importante que toda a popula\u00e7\u00e3o que nunca se vacinou contra a febre amarela o fa\u00e7a neste momento. A vacina est\u00e1 dispon\u00edvel em todas as Unidades B\u00e1sicas de Sa\u00fade nos 645 munic\u00edpios do estado. A febre amarela \u00e9 uma doen\u00e7a imunopreven\u00edvel, ou seja, h\u00e1 vacina para nos proteger\u201d, afirma Tatiana Lang, diretora do Centro de Vigil\u00e2ncia Epidemiol\u00f3gica (CVE) da Secretaria de Estado da Sa\u00fade.<\/p>\n\n\n\n<p>Aqueles que ainda n\u00e3o fizeram a imuniza\u00e7\u00e3o contra febre amarela, que n\u00e3o possuem a carteira de vacina\u00e7\u00e3o ou t\u00eam d\u00favidas se foram vacinados, devem buscar uma Unidade B\u00e1sica de Sa\u00fade (UBS) mais pr\u00f3xima. A pessoa apresenta os sintomas iniciais da febre amarela de 3 a 6 dias ap\u00f3s ter sido infectada.<\/p>\n\n\n\n<p>O v\u00edrus da febre amarela apresenta um ciclo silvestre no qual os principais vetores s\u00e3o os mosquitos dos g\u00eaneros&nbsp;<em>Haemagogus<\/em>&nbsp;e&nbsp;<em>Sabethes<\/em>.<\/p>\n\n\n\n<p>Nesse ciclo, o homem participa como um hospedeiro acidental ao adentrar \u00e1reas de mata quando n\u00e3o vacinado. Os primatas tamb\u00e9m atuam como hospedeiros amplificadores do v\u00edrus que, nesse ciclo, s\u00e3o considerados hospedeiros acidentais.<\/p>\n\n\n\n<h2 class=\"wp-block-heading\">Recomenda\u00e7\u00e3o da imuniza\u00e7\u00e3o contra febre amarela<\/h2>\n\n\n\n<p>O Minist\u00e9rio da Sa\u00fade (MS) atualizou em 2020 a recomenda\u00e7\u00e3o de imuniza\u00e7\u00e3o contra febre amarela da seguinte forma:<\/p>\n\n\n\n<ul class=\"wp-block-list\">\n<li>Para crian\u00e7as menores de 5 anos de idade s\u00e3o duas doses, a primeira aos 9 meses e a segunda aos 4 anos.<\/li>\n\n\n\n<li>Para crian\u00e7as a partir dos 5 anos, a vacina \u00e9 dose \u00fanica.<\/li>\n<\/ul>\n\n\n\n<p>Caso a pessoa tenha recebido apenas uma dose da vacina antes de completar 5 anos de idade, dever\u00e1 receber uma dose adicional, independentemente da idade em que o indiv\u00edduo procure o servi\u00e7o de vacina\u00e7\u00e3o.<\/p>\n\n\n\n<p>A imuniza\u00e7\u00e3o contra febre amarela faz parte do calend\u00e1rio de vacina\u00e7\u00e3o e est\u00e1 dispon\u00edvel em todas as UBS do Estado. Al\u00e9m da imuniza\u00e7\u00e3o, \u00e9 fundamental adotar medidas de prote\u00e7\u00e3o individual, como:<\/p>\n\n\n\n<ul class=\"wp-block-list\">\n<li>Uso de cal\u00e7as e camisas de manga longa;<\/li>\n\n\n\n<li>Sapatos fechados;<\/li>\n\n\n\n<li>Aplica\u00e7\u00e3o de repelente nas \u00e1reas expostas do corpo;<\/li>\n\n\n\n<li>Uso de mosquiteiro nos ber\u00e7os e carrinhos de crian\u00e7as menores de 6 meses de idade.<\/li>\n<\/ul>\n\n\n\n<h2 class=\"wp-block-heading\">Doses da vacina<\/h2>\n\n\n\n<p>Neste ano, o estado recebeu 600 mil doses de doses para a vacina\u00e7\u00e3o de rotina e mais 1,3 milh\u00e3o de doses para a intensifica\u00e7\u00e3o da imuniza\u00e7\u00e3o contra febre amarela por parte do MS. Em janeiro, a Secretaria de Estado da Sa\u00fade (SES) solicitou 6 milh\u00f5es de doses da vacina contra a doen\u00e7a ao \u00f3rg\u00e3o federal para distribui\u00e7\u00e3o aos 645 munic\u00edpios para atender \u00e0 popula\u00e7\u00e3o n\u00e3o vacinada do estado.<\/p>\n\n\n\n<p><strong>LEIA MAIS:&nbsp;<a href=\"https:\/\/www.agenciasp.sp.gov.br\/febre-amarela-duvidas-sobre-a-doenca\/\">Febre amarela: tire suas d\u00favidas sobre a doen\u00e7a<\/a><\/strong><\/p>\n\n\n\n<h2 class=\"wp-block-heading\">Os sintomas iniciais da febre amarela s\u00e3o:<\/h2>\n\n\n\n<ul class=\"wp-block-list\">\n<li>In\u00edcio s\u00fabito de febre;<\/li>\n\n\n\n<li>Calafrios;<\/li>\n\n\n\n<li>Dor de cabe\u00e7a intensa;<\/li>\n\n\n\n<li>Dores musculares;<\/li>\n\n\n\n<li>Dores no corpo em geral;<\/li>\n\n\n\n<li>N\u00e1useas e v\u00f4mitos;<\/li>\n\n\n\n<li>Fadiga;<\/li>\n\n\n\n<li>Fraqueza.<\/li>\n<\/ul>\n","protected":false},"excerpt":{"rendered":"<p>Estado j\u00e1 registrou 12 casos e oito \u00f3bitos em humanos, al\u00e9m de 30 casos em primatas O Governo de S\u00e3o Paulo convoca toda a popula\u00e7\u00e3o do Estado para a imuniza\u00e7\u00e3o contra febre amarela ap\u00f3s confirmar doze casos, tendo oito evolu\u00eddo para \u00f3bito, todos com hist\u00f3rico de n\u00e3o vacina\u00e7\u00e3o. A imuniza\u00e7\u00e3o \u00e9 a medida mais eficaz [&hellip;]<\/p>\n","protected":false},"author":7,"featured_media":25729,"comment_status":"closed","ping_status":"open","sticky":false,"template":"","format":"standard","meta":{"rop_custom_images_group":[],"rop_custom_messages_group":[],"rop_publish_now":"initial","rop_publish_now_accounts":[],"rop_publish_now_history":[],"rop_publish_now_status":"pending","footnotes":""},"categories":[195],"tags":[],"class_list":["post-25728","post","type-post","status-publish","format-standard","has-post-thumbnail","hentry","category-sao-paulo"],"amp_enabled":true,"_links":{"self":[{"href":"https:\/\/imais.online\/portal\/wp-json\/wp\/v2\/posts\/25728","targetHints":{"allow":["GET"]}}],"collection":[{"href":"https:\/\/imais.online\/portal\/wp-json\/wp\/v2\/posts"}],"about":[{"href":"https:\/\/imais.online\/portal\/wp-json\/wp\/v2\/types\/post"}],"author":[{"embeddable":true,"href":"https:\/\/imais.online\/portal\/wp-json\/wp\/v2\/users\/7"}],"replies":[{"embeddable":true,"href":"https:\/\/imais.online\/portal\/wp-json\/wp\/v2\/comments?post=25728"}],"version-history":[{"count":1,"href":"https:\/\/imais.online\/portal\/wp-json\/wp\/v2\/posts\/25728\/revisions"}],"predecessor-version":[{"id":25730,"href":"https:\/\/imais.online\/portal\/wp-json\/wp\/v2\/posts\/25728\/revisions\/25730"}],"wp:featuredmedia":[{"embeddable":true,"href":"https:\/\/imais.online\/portal\/wp-json\/wp\/v2\/media\/25729"}],"wp:attachment":[{"href":"https:\/\/imais.online\/portal\/wp-json\/wp\/v2\/media?parent=25728"}],"wp:term":[{"taxonomy":"category","embeddable":true,"href":"https:\/\/imais.online\/portal\/wp-json\/wp\/v2\/categories?post=25728"},{"taxonomy":"post_tag","embeddable":true,"href":"https:\/\/imais.online\/portal\/wp-json\/wp\/v2\/tags?post=25728"}],"curies":[{"name":"wp","href":"https:\/\/api.w.org\/{rel}","templated":true}]}}