{"id":25731,"date":"2025-02-17T07:07:07","date_gmt":"2025-02-17T10:07:07","guid":{"rendered":"https:\/\/imais.online\/portal\/?p=25731"},"modified":"2025-02-17T07:07:08","modified_gmt":"2025-02-17T10:07:08","slug":"camerata-filarmonica-de-indaiatuba-oferece-cursos-gratuitos-para-populacao","status":"publish","type":"post","link":"https:\/\/imais.online\/portal\/camerata-filarmonica-de-indaiatuba-oferece-cursos-gratuitos-para-populacao\/","title":{"rendered":"Camerata Filarm\u00f4nica de Indaiatuba oferece cursos gratuitos para popula\u00e7\u00e3o"},"content":{"rendered":"<div class=\"imais-before-content-placement\" id=\"imais-1007194376\"><script async src=\"\/\/pagead2.googlesyndication.com\/pagead\/js\/adsbygoogle.js?client=ca-pub-8787528412751566\" crossorigin=\"anonymous\"><\/script><ins class=\"adsbygoogle\" style=\"display:block;\" data-ad-client=\"ca-pub-8787528412751566\" \ndata-ad-slot=\"\" \ndata-ad-format=\"auto\"><\/ins>\n<script> \n(adsbygoogle = window.adsbygoogle || []).push({}); \n<\/script>\n<\/div>\n<p class=\"has-text-align-center\"><em>Inscri\u00e7\u00f5es acontecem pela internet at\u00e924 de janeiro, para diversas faixas et\u00e1rias<\/em><\/p>\n\n\n\n<p>A ACAFI &#8211; Associa\u00e7\u00e3o Camerata Filarm\u00f4nica de Indaiatuba informa que continuam abertas at\u00e9 24 de janeiro as inscri\u00e7\u00f5es para diversos cursos gratuitos oferecidos para a popula\u00e7\u00e3o em diversas faixas et\u00e1rias. Os interessados devem garantir sua vaga pela internet e conferir atentamente as datas e requisitos.<\/p>\n\n\n\n<p>O Coro Cantares da ACAFI oferece vagas nas turmas Infantil (7 a 11 anos), Juvenil (12 a 18 anos) e Adulto. Aulas envolvem a pr\u00e1tica de coro coletivo com regente especializado e pianista acompanhador, que desenvolvem repert\u00f3rio exclusivo e selecionado, com calend\u00e1rio pr\u00f3prio de eventos e apresenta\u00e7\u00f5es. Apresenta\u00e7\u00f5es junto \u00e0s orquestras da ACAFI est\u00e3o previstas.<\/p>\n\n\n\n<p>As aulas da Camerata Aprendiz s\u00e3o voltadas para crian\u00e7as e adolescentes de 7 a 17 anos, com diversos instrumentos dispon\u00edveis. Em Cordas Friccionadas est\u00e3o violino, viola cl\u00e1ssica, violoncelo&nbsp;e&nbsp;contrabaixo ac\u00fastico. Em Madeiras e Metais est\u00e3o flauta transversal, clarinete, trompa, trompete, trombone&nbsp;e&nbsp;tuba. Percuss\u00e3o tamb\u00e9m \u00e9 op\u00e7\u00e3o. As vagas s\u00e3o para m\u00fasicos iniciantes e intermedi\u00e1rios.<\/p>\n\n\n\n<p><strong>Iniciantes<\/strong><\/p>\n\n\n\n<p>Voltado para m\u00fasicos iniciantes com mais de 18 anos, a Camerata Livre oferece cursos de Corda Friccionada com os seguintes instrumentos: violino, viola cl\u00e1ssica, violoncelo e contrabaixo ac\u00fastico.<\/p>\n\n\n\n<p>Camerata Livre, que faz parte do Projeto Camerata Comunidade,&nbsp;\u00e9 uma&nbsp;parceria da ACAFI&nbsp;e Prefeitura&nbsp;de Indaiatuba, por meio da Secretaria Municipal de Cultura, e \u00e9 voltado ao p\u00fablico adulto interessado em iniciar seus estudos, visando a forma\u00e7\u00e3o de novas orquestras did\u00e1ticas e comunit\u00e1rias na cidade, inclusive com alunos iniciantes.<\/p>\n\n\n\n<p><strong>Guarany<\/strong><\/p>\n\n\n\n<p>A Orquestra Guarany da ACAFI \u00e9 composta por m\u00fasicos profissionais e membros da comunidade que dedicam seu talento e paix\u00e3o \u00e0 m\u00fasica. Com a miss\u00e3o de valorizar a m\u00fasica de concerto brasileira, a orquestra continua a ser uma voz poderosa na promo\u00e7\u00e3o da diversidade musical.<\/p>\n\n\n\n<p>O Processo Seletivo para a Orquestra Guarany est\u00e1 aberta para instrumentistas a partir de 15 anos de idade, para os seguintes instrumentos: violino, viola cl\u00e1ssica, violoncelo, contrabaixo ac\u00fastico,&nbsp;flauta transversal, obo\u00e9,&nbsp;clarinete, fagote, trompete, trompa,&nbsp;trombone, tuba e percuss\u00e3o.<\/p>\n\n\n\n<p>As aulas envolvem pr\u00e1tica orquestral com monitoria de naipe,&nbsp;ensaios semanais com programa\u00e7\u00e3o de concertos anual, em um total de sete apresenta\u00e7\u00f5es ao ano.<\/p>\n\n\n\n<p>Por ser de car\u00e1ter did\u00e1tico e comunit\u00e1rio em&nbsp;est\u00e1gio intermedi\u00e1rio, a Orquestra Guarany tem como requisitos o m\u00ednimo de dois anos de estudo ininterrupto do instrumento, realiza\u00e7\u00e3o de audi\u00e7\u00e3o e possuir instrumento pr\u00f3prio. As audi\u00e7\u00f5es poder\u00e3o ser online ou presenciais, combinadas com a banca examinadora da ACAFI.<\/p>\n\n\n\n<p>A sede da associa\u00e7\u00e3o fica na Rua H\u00e9rcules Mazzoni, 873, no Centro. Para mais informa\u00e7\u00f5es, o WhatsApp \u00e9 (19) 98303-7213 e o e-mail&nbsp;<a href=\"mailto:contato@cameratafilarmonica.org\">contato@cameratafilarmonica.org<\/a>. A ACAFI pode ser encontrada no Instagram @camerataacafi&nbsp;e no Facebook e YouTube ao pesquisar Camerata Filarm\u00f4nica de Indaiatuba.&nbsp;<\/p>\n","protected":false},"excerpt":{"rendered":"<p>Inscri\u00e7\u00f5es acontecem pela internet at\u00e924 de janeiro, para diversas faixas et\u00e1rias A ACAFI &#8211; Associa\u00e7\u00e3o Camerata Filarm\u00f4nica de Indaiatuba informa que continuam abertas at\u00e9 24 de janeiro as inscri\u00e7\u00f5es para diversos cursos gratuitos oferecidos para a popula\u00e7\u00e3o em diversas faixas et\u00e1rias. Os interessados devem garantir sua vaga pela internet e conferir atentamente as datas e [&hellip;]<\/p>\n","protected":false},"author":7,"featured_media":25732,"comment_status":"closed","ping_status":"open","sticky":false,"template":"","format":"standard","meta":{"rop_custom_images_group":[],"rop_custom_messages_group":[],"rop_publish_now":"initial","rop_publish_now_accounts":[],"rop_publish_now_history":[],"rop_publish_now_status":"pending","footnotes":""},"categories":[188],"tags":[],"class_list":["post-25731","post","type-post","status-publish","format-standard","has-post-thumbnail","hentry","category-indaiatuba"],"amp_enabled":true,"_links":{"self":[{"href":"https:\/\/imais.online\/portal\/wp-json\/wp\/v2\/posts\/25731","targetHints":{"allow":["GET"]}}],"collection":[{"href":"https:\/\/imais.online\/portal\/wp-json\/wp\/v2\/posts"}],"about":[{"href":"https:\/\/imais.online\/portal\/wp-json\/wp\/v2\/types\/post"}],"author":[{"embeddable":true,"href":"https:\/\/imais.online\/portal\/wp-json\/wp\/v2\/users\/7"}],"replies":[{"embeddable":true,"href":"https:\/\/imais.online\/portal\/wp-json\/wp\/v2\/comments?post=25731"}],"version-history":[{"count":1,"href":"https:\/\/imais.online\/portal\/wp-json\/wp\/v2\/posts\/25731\/revisions"}],"predecessor-version":[{"id":25733,"href":"https:\/\/imais.online\/portal\/wp-json\/wp\/v2\/posts\/25731\/revisions\/25733"}],"wp:featuredmedia":[{"embeddable":true,"href":"https:\/\/imais.online\/portal\/wp-json\/wp\/v2\/media\/25732"}],"wp:attachment":[{"href":"https:\/\/imais.online\/portal\/wp-json\/wp\/v2\/media?parent=25731"}],"wp:term":[{"taxonomy":"category","embeddable":true,"href":"https:\/\/imais.online\/portal\/wp-json\/wp\/v2\/categories?post=25731"},{"taxonomy":"post_tag","embeddable":true,"href":"https:\/\/imais.online\/portal\/wp-json\/wp\/v2\/tags?post=25731"}],"curies":[{"name":"wp","href":"https:\/\/api.w.org\/{rel}","templated":true}]}}