{"id":25761,"date":"2025-02-18T09:23:47","date_gmt":"2025-02-18T12:23:47","guid":{"rendered":"https:\/\/imais.online\/portal\/?p=25761"},"modified":"2025-02-18T09:23:48","modified_gmt":"2025-02-18T12:23:48","slug":"carnaval-em-jaguariuna-tera-show-gratuito-com-o-grupo-art-popular","status":"publish","type":"post","link":"https:\/\/imais.online\/portal\/carnaval-em-jaguariuna-tera-show-gratuito-com-o-grupo-art-popular\/","title":{"rendered":"Carnaval em Jaguari\u00fana ter\u00e1 show gratuito com o grupo Art Popular"},"content":{"rendered":"<div class=\"imais-before-content-placement\" id=\"imais-496782533\"><script async src=\"\/\/pagead2.googlesyndication.com\/pagead\/js\/adsbygoogle.js?client=ca-pub-8787528412751566\" crossorigin=\"anonymous\"><\/script><ins class=\"adsbygoogle\" style=\"display:block;\" data-ad-client=\"ca-pub-8787528412751566\" \ndata-ad-slot=\"\" \ndata-ad-format=\"auto\"><\/ins>\n<script> \n(adsbygoogle = window.adsbygoogle || []).push({}); \n<\/script>\n<\/div>\n<p>O Carnaval 2025 em Jaguari\u00fana promete agitar os foli\u00f5es neste ano com a apresenta\u00e7\u00e3o do grupo Art Popular, refer\u00eancia no samba e pagode nacional, que j\u00e1 \u00e9 presen\u00e7a garantida na programa\u00e7\u00e3o.<\/p>\n\n\n\n<p>A festa ser\u00e1 realizada no parque Santa Maria \u2013 e n\u00e3o mais na Avenida Marginal, no Centro Cultural \u2013, marcando o retorno dos blocos carnavalescos depois de anos.<\/p>\n\n\n\n<p>A apresenta\u00e7\u00e3o do Art Popular, principal atra\u00e7\u00e3o do evento, ser\u00e1 na noite do dia 1\u00ba de mar\u00e7o, s\u00e1bado de Carnaval.<\/p>\n\n\n\n<p>O evento acontecer\u00e1 de 28 de fevereiro a 3 de mar\u00e7o e promete reviver o entusiasmo de uma das manifesta\u00e7\u00f5es culturais mais queridas pelos jaguariunenses com quatro noites e duas matin\u00eas com entrada totalmente gratuita. Na sexta (28\/02) e segunda-feira (03\/03), a folia ser\u00e1 a partir das 18h e, no s\u00e1bado (01\/03) e domingo (02\/03), haver\u00e1 matin\u00ea a partir das 14h.<\/p>\n\n\n\n<p>As inscri\u00e7\u00f5es dos blocos podem ser feitas at\u00e9 esta ter\u00e7a-feira, dia 18 de fevereiro, por meio de formul\u00e1rio, que deve ser retirado presencialmente na Secretaria de Cultura de Jaguari\u00fana. O regulamento para participa\u00e7\u00e3o dos blocos pode ser conferido no site da Prefeitura de Jaguari\u00fana, no link: https:\/\/municipio.jaguariuna.sp.gov.br\/fotos\/departamentos\/14\/mg\/REGULAMENTO%20BLOCOS.pdf.<\/p>\n\n\n\n<p>O resgate dos blocos carnavalescos est\u00e1 previsto no Decreto Municipal n\u00ba 4.795, publicado na edi\u00e7\u00e3o da Imprensa Oficial em 16 de janeiro, que regulamenta a inscri\u00e7\u00e3o e a organiza\u00e7\u00e3o dos blocos. Para desfilar, cada bloco deve ter pelo menos 30 integrantes, sendo obrigat\u00f3ria a identifica\u00e7\u00e3o de menores de 18 anos com pulseiras fornecidas pela Prefeitura. \u00c9 proibida a inscri\u00e7\u00e3o de blocos vinculados a equipes de futebol e torcidas organizadas.<\/p>\n\n\n\n<p><br>Servi\u00e7o:<br>Carnaval em Jaguari\u00fana<br>Data: de 28\/02 a 03\/03\/2025<br>Local: Parque Santa Maria<br>Hor\u00e1rio: sexta-feira (28\/02) e segunda-feira (03\/03) a partir das 18h e no s\u00e1bado (01\/03) e domingo (02\/03) com matin\u00ea a partir das 14h<\/p>\n","protected":false},"excerpt":{"rendered":"<p>O Carnaval 2025 em Jaguari\u00fana promete agitar os foli\u00f5es neste ano com a apresenta\u00e7\u00e3o do grupo Art Popular, refer\u00eancia no samba e pagode nacional, que j\u00e1 \u00e9 presen\u00e7a garantida na programa\u00e7\u00e3o. A festa ser\u00e1 realizada no parque Santa Maria \u2013 e n\u00e3o mais na Avenida Marginal, no Centro Cultural \u2013, marcando o retorno dos blocos [&hellip;]<\/p>\n","protected":false},"author":7,"featured_media":25762,"comment_status":"closed","ping_status":"open","sticky":false,"template":"","format":"standard","meta":{"rop_custom_images_group":[],"rop_custom_messages_group":[],"rop_publish_now":"initial","rop_publish_now_accounts":[],"rop_publish_now_history":[],"rop_publish_now_status":"pending","footnotes":""},"categories":[194],"tags":[],"class_list":["post-25761","post","type-post","status-publish","format-standard","has-post-thumbnail","hentry","category-regia"],"amp_enabled":true,"_links":{"self":[{"href":"https:\/\/imais.online\/portal\/wp-json\/wp\/v2\/posts\/25761","targetHints":{"allow":["GET"]}}],"collection":[{"href":"https:\/\/imais.online\/portal\/wp-json\/wp\/v2\/posts"}],"about":[{"href":"https:\/\/imais.online\/portal\/wp-json\/wp\/v2\/types\/post"}],"author":[{"embeddable":true,"href":"https:\/\/imais.online\/portal\/wp-json\/wp\/v2\/users\/7"}],"replies":[{"embeddable":true,"href":"https:\/\/imais.online\/portal\/wp-json\/wp\/v2\/comments?post=25761"}],"version-history":[{"count":1,"href":"https:\/\/imais.online\/portal\/wp-json\/wp\/v2\/posts\/25761\/revisions"}],"predecessor-version":[{"id":25763,"href":"https:\/\/imais.online\/portal\/wp-json\/wp\/v2\/posts\/25761\/revisions\/25763"}],"wp:featuredmedia":[{"embeddable":true,"href":"https:\/\/imais.online\/portal\/wp-json\/wp\/v2\/media\/25762"}],"wp:attachment":[{"href":"https:\/\/imais.online\/portal\/wp-json\/wp\/v2\/media?parent=25761"}],"wp:term":[{"taxonomy":"category","embeddable":true,"href":"https:\/\/imais.online\/portal\/wp-json\/wp\/v2\/categories?post=25761"},{"taxonomy":"post_tag","embeddable":true,"href":"https:\/\/imais.online\/portal\/wp-json\/wp\/v2\/tags?post=25761"}],"curies":[{"name":"wp","href":"https:\/\/api.w.org\/{rel}","templated":true}]}}