{"id":25764,"date":"2025-02-18T09:26:41","date_gmt":"2025-02-18T12:26:41","guid":{"rendered":"https:\/\/imais.online\/portal\/?p=25764"},"modified":"2025-02-18T09:37:56","modified_gmt":"2025-02-18T12:37:56","slug":"danilo-gentili-se-apresenta-em-americana","status":"publish","type":"post","link":"https:\/\/imais.online\/portal\/danilo-gentili-se-apresenta-em-americana\/","title":{"rendered":"Danilo Gentili se apresenta em Americana"},"content":{"rendered":"<div class=\"imais-before-content-placement\" id=\"imais-4058797562\"><script async src=\"\/\/pagead2.googlesyndication.com\/pagead\/js\/adsbygoogle.js?client=ca-pub-8787528412751566\" crossorigin=\"anonymous\"><\/script><ins class=\"adsbygoogle\" style=\"display:block;\" data-ad-client=\"ca-pub-8787528412751566\" \ndata-ad-slot=\"\" \ndata-ad-format=\"auto\"><\/ins>\n<script> \n(adsbygoogle = window.adsbygoogle || []).push({}); \n<\/script>\n<\/div>\n<p><em>O humorista estar\u00e1 no Teatro Municipal Lulu Benencase na sexta-feira, dia 21, \u00e0s 21h. Os ingressos est\u00e3o \u00e0 venda no https:\/\/www.ingressodigital.com e na bilheteria. A produ\u00e7\u00e3o \u00e9 da Teatro GT.<\/em><\/p>\n\n\n\n<p><em>O Teatro Municipal Lulu Benencase (Rua Gon\u00e7alves Dias, n\u00ba 696, Jardim Girassol), de Americana, recebe na sexta-feira, dia 21, \u00e0s 21h,\u00a0<\/em>o humorista Danilo Gentili. Os ingressos custam de R$ 60,00 a R$ 120,00 e a classifica\u00e7\u00e3o et\u00e1ria \u00e9 14 anos. Danilo Gentili dispensa apresenta\u00e7\u00f5es, por ser reconhecido como um dos precursores e idealizadores do movimento do stand-up comedy no Brasil. Nos palcos, foi membro do \u201cClube da Com\u00e9dia\u201d e criou o \u201cCom\u00e9dia ao Vivo\u201d. Na televis\u00e3o, ganhou proje\u00e7\u00e3o nacional como rep\u00f3rter do programa humor\u00edstico \u201cCQC\u201d, e do seu talk show \u201cAgora \u00c9 Tarde\u201d, migrando em 2014 para o SBT, onde bate recordes de audi\u00eancia at\u00e9 hoje no \u201cThe Noite\u201d. Como apresentador coleciona in\u00fameros pr\u00eamios e, como comediante, in\u00fameros processos, sendo o recordista nessa \u00e1rea no Brasil.\u00a0Danilo voltou ano passado para os palcos com seu novo solo que foi sendo constru\u00eddo na estrada. Contando hist\u00f3rias de como lidou com a pandemia, fatos divertidos nos bastidores da TV e, claro, como mant\u00e9m seu advogado ocupado a cada novo processo.<\/p>\n","protected":false},"excerpt":{"rendered":"<p>O humorista estar\u00e1 no Teatro Municipal Lulu Benencase na sexta-feira, dia 21, \u00e0s 21h. Os ingressos est\u00e3o \u00e0 venda no https:\/\/www.ingressodigital.com e na bilheteria. A produ\u00e7\u00e3o \u00e9 da Teatro GT. O Teatro Municipal Lulu Benencase (Rua Gon\u00e7alves Dias, n\u00ba 696, Jardim Girassol), de Americana, recebe na sexta-feira, dia 21, \u00e0s 21h,\u00a0o humorista Danilo Gentili. Os [&hellip;]<\/p>\n","protected":false},"author":7,"featured_media":25765,"comment_status":"closed","ping_status":"open","sticky":false,"template":"","format":"standard","meta":{"rop_custom_images_group":[],"rop_custom_messages_group":[],"rop_publish_now":"initial","rop_publish_now_accounts":[],"rop_publish_now_history":[],"rop_publish_now_status":"pending","footnotes":""},"categories":[16,194],"tags":[],"class_list":["post-25764","post","type-post","status-publish","format-standard","has-post-thumbnail","hentry","category-entertainment","category-regia"],"amp_enabled":true,"_links":{"self":[{"href":"https:\/\/imais.online\/portal\/wp-json\/wp\/v2\/posts\/25764","targetHints":{"allow":["GET"]}}],"collection":[{"href":"https:\/\/imais.online\/portal\/wp-json\/wp\/v2\/posts"}],"about":[{"href":"https:\/\/imais.online\/portal\/wp-json\/wp\/v2\/types\/post"}],"author":[{"embeddable":true,"href":"https:\/\/imais.online\/portal\/wp-json\/wp\/v2\/users\/7"}],"replies":[{"embeddable":true,"href":"https:\/\/imais.online\/portal\/wp-json\/wp\/v2\/comments?post=25764"}],"version-history":[{"count":2,"href":"https:\/\/imais.online\/portal\/wp-json\/wp\/v2\/posts\/25764\/revisions"}],"predecessor-version":[{"id":25773,"href":"https:\/\/imais.online\/portal\/wp-json\/wp\/v2\/posts\/25764\/revisions\/25773"}],"wp:featuredmedia":[{"embeddable":true,"href":"https:\/\/imais.online\/portal\/wp-json\/wp\/v2\/media\/25765"}],"wp:attachment":[{"href":"https:\/\/imais.online\/portal\/wp-json\/wp\/v2\/media?parent=25764"}],"wp:term":[{"taxonomy":"category","embeddable":true,"href":"https:\/\/imais.online\/portal\/wp-json\/wp\/v2\/categories?post=25764"},{"taxonomy":"post_tag","embeddable":true,"href":"https:\/\/imais.online\/portal\/wp-json\/wp\/v2\/tags?post=25764"}],"curies":[{"name":"wp","href":"https:\/\/api.w.org\/{rel}","templated":true}]}}