{"id":25767,"date":"2025-02-18T09:31:31","date_gmt":"2025-02-18T12:31:31","guid":{"rendered":"https:\/\/imais.online\/portal\/?p=25767"},"modified":"2025-02-18T09:31:32","modified_gmt":"2025-02-18T12:31:32","slug":"conselho-de-desenvolvimento-da-regiao-metropolitana-de-campinas-elege-novo-presidente-e-discute-pautas-prioritarias","status":"publish","type":"post","link":"https:\/\/imais.online\/portal\/conselho-de-desenvolvimento-da-regiao-metropolitana-de-campinas-elege-novo-presidente-e-discute-pautas-prioritarias\/","title":{"rendered":"Conselho de Desenvolvimento da Regi\u00e3o Metropolitana de Campinas elege novo presidente e discute pautas priorit\u00e1rias"},"content":{"rendered":"<div class=\"imais-before-content-placement\" id=\"imais-3428217101\"><script async src=\"\/\/pagead2.googlesyndication.com\/pagead\/js\/adsbygoogle.js?client=ca-pub-8787528412751566\" crossorigin=\"anonymous\"><\/script><ins class=\"adsbygoogle\" style=\"display:block;\" data-ad-client=\"ca-pub-8787528412751566\" \ndata-ad-slot=\"\" \ndata-ad-format=\"auto\"><\/ins>\n<script> \n(adsbygoogle = window.adsbygoogle || []).push({}); \n<\/script>\n<\/div>\n<p class=\"has-text-align-center\">Durante o encontro, Secretaria de Desenvolvimento Urbano e Habita\u00e7\u00e3o anunciou a oferta da Infraestrutura de Dados Espaciais do Estado de S\u00e3o Paulo para os munic\u00edpios presentes<\/p>\n\n\n\n<p>A Regi\u00e3o Metropolitana de Campinas (RMC) promoveu, na manh\u00e3 desta segunda-feira (17), a 243\u00ba Reuni\u00e3o do Conselho de Desenvolvimento da RMC na cidade de Campinas. Estiveram presentes o subsecret\u00e1rio de Desenvolvimento Urbano, Jos\u00e9 Police Neto, a secret\u00e1ria executiva da Secretaria Estadual da Sa\u00fade, Dra. Priscilla Perdicaris, o presidente do Conselho de Desenvolvimento da RMC, Gustavo Reis, o prefeito e presidente eleito do Conselho para o ano de 2025, D\u00e1rio Saadi, al\u00e9m de outros 19 prefeitos integrantes do colegiado e representantes de secretarias e \u00f3rg\u00e3os do Estado.<br>&nbsp;<\/p>\n\n\n\n<p>O encontro teve entre suas delibera\u00e7\u00f5es principais eleger o novo presidente do Conselho de Desenvolvimento da RMC para o ano de 2025, fazer um balan\u00e7o dos anos anteriores e discutir projetos priorit\u00e1rios e comuns para o novo per\u00edodo de trabalho.<br>&nbsp;<\/p>\n\n\n\n<p>A Secretaria de Desenvolvimento Urbano e Habita\u00e7\u00e3o (SDUH), respons\u00e1vel pela secretaria executiva do Conselho, foi representada pelo subsecret\u00e1rio de Desenvolvimento Urbano, Jos\u00e9 Police Neto, que falou sobre a oferta de uma plataforma e dados georreferenciados geridos pelo Governo de S\u00e3o Paulo. Tal iniciativa vem ao encontro da determina\u00e7\u00e3o do Governador Tarc\u00edsio de trazer aos munic\u00edpios o controle pleno das informa\u00e7\u00f5es necess\u00e1rias para uma boa gest\u00e3o: &#8220;Trazemos, ent\u00e3o, todos os instrumentos de gest\u00e3o eficiente e eficaz, por meio de plataformas poderosas de informa\u00e7\u00e3o. Estamos construindo sistemas de informa\u00e7\u00e3o e dados dos munic\u00edpios e das regi\u00f5es para melhorar a capacidade de an\u00e1lise e o desenvolvimento de pol\u00edticas p\u00fablicas urbanas, por meio de novos mecanismos de suporte para gest\u00e3o&#8221;, explicou.<br>&nbsp;<\/p>\n\n\n\n<p>Police Neto abordou, ainda, a necessidade de se pensar no desenvolvimento sustent\u00e1vel, algo extremamente importante para executar a transforma\u00e7\u00e3o das cidades em ambientes mais resilientes. Para isso, ele destacou o rec\u00e9m-lan\u00e7ado Bairro Paulista &#8211; Cidades Sustent\u00e1veis: &#8220;O governador Tarc\u00edsio, junto com o secret\u00e1rio Marcelo Branco, desenvolveu um programa poderoso, o Bairro Paulista, que possui seis instrumentos. Um deles \u00e9 o Cidade Sustent\u00e1vel, um investimento sendo realizado na cidade para recuperar, a partir de solu\u00e7\u00f5es baseadas na natureza, um espa\u00e7o urbano de menor manuten\u00e7\u00e3o, utilizando aquilo que muitas vezes a gente abandonou. Ent\u00e3o, estamos pensando em jardins de chuva, bacias drenantes de infiltra\u00e7\u00e3o, trazendo uma nova tecnologia verde para substituir a infraestrutura cinza&#8221;, concluiu.<br>&nbsp;<\/p>\n\n\n\n<p>Presidido pelo ex-prefeito de Jaguari\u00fana e atual presidente do Conselho, Gustavo Reis, o encontro discutiu tamb\u00e9m temas relacionados \u00e0 sa\u00fade p\u00fablica, desafios em decorr\u00eancia das mudan\u00e7as clim\u00e1ticas e integra\u00e7\u00e3o entre prefeituras e demais \u00f3rg\u00e3os do estado para encontrar solu\u00e7\u00f5es comuns em campos como o de planejamento e uso do solo, transporte e sistemas vi\u00e1rios, habita\u00e7\u00e3o, saneamento b\u00e1sico e meio ambiente.<\/p>\n\n\n\n<p>Gustavo Reis aproveitou a cerim\u00f4nia para fazer um balan\u00e7o das iniciativas em andamento na RMC durante o bi\u00eanio de 2023\/2024, dando destaque aos projetos liderados pelo Governo de S\u00e3o Paulo, como o andamento da constru\u00e7\u00e3o do Trem InterCidades S\u00e3o Paulo &#8211; Campinas, da Requalifica\u00e7\u00e3o da \u00c1rea Central de Campinas, da elabora\u00e7\u00e3o do Plano de Desenvolvimento Urbano e Integrado (PDUI) da RMC e da compra e instala\u00e7\u00e3o do radar meteorol\u00f3gico da AgemCamp, localizado na Universidade de Campinas (Unicamp), capaz de detectar fen\u00f4menos severos a 100 km de dist\u00e2ncia.<br>&nbsp;<\/p>\n\n\n\n<p>O atual presidente reiterou a import\u00e2ncia da compra desse equipamento, importante ferramenta para auxiliar a atua\u00e7\u00e3o preventiva do poder p\u00fablico, em caso de detec\u00e7\u00e3o de algum evento clim\u00e1tico que coloque vidas em risco. \u201cCompramos, com o dinheiro do Fundo de Desenvolvimento Metropolitano de Campinas (Fundocamp), esse radar meteorol\u00f3gico. Foi um investimento feito h\u00e1 muitos anos, para que n\u00f3s tiv\u00e9ssemos \u00e0 disposi\u00e7\u00e3o da nossa regi\u00e3o. Esse equipamento n\u00e3o \u00e9 s\u00f3 um radar, mas vai ser um centro meteorol\u00f3gico que estaremos fazendo. O investimento, ao todo, soma mais de R$ 5 milh\u00f5es, deliberado neste Conselho, na outra gest\u00e3o, e o radar j\u00e1 est\u00e1 na Unicamp. Esse centro vai trazer uma previsibilidade, com anteced\u00eancia, dos padr\u00f5es clim\u00e1ticos que t\u00eam atingido a nossa regi\u00e3o \u201d, explicou Gustavo Reis.<br>&nbsp;<\/p>\n\n\n\n<p>Durante a reuni\u00e3o, foi realizada, ainda, a elei\u00e7\u00e3o do presidente e vice-presidente do Conselho da RMC. Foram eleitos o prefeito de Campinas, D\u00e1rio Saadi, como presidente, e Rafael Piovezan, prefeito de Santa B\u00e1rbara D&#8217;Oeste, como vice-presidente para o ano de 2025, com a possibilidade de recondu\u00e7\u00e3o ao cargo por mais um ano.<br>&nbsp;<\/p>\n\n\n\n<p>O novo presidente, que ser\u00e1 empossado no pr\u00f3ximo s\u00e1bado (22), falou sobre as expectativas para o seu mandato \u00e0 frente do Conselho e da import\u00e2ncia de se pensar em a\u00e7\u00f5es conjuntas para esses munic\u00edpios: \u201c\u00c9 importante que a regi\u00e3o tenha a\u00e7\u00f5es conjuntas entre as vinte cidades, porque \u00e9 praticamente imposs\u00edvel pensar em solu\u00e7\u00f5es e em pol\u00edticas p\u00fablicas que fiquem no limite do seu munic\u00edpio, quando voc\u00ea vive em uma regi\u00e3o metropolitana. Por isso, vamos priorizar juntos a \u00e1rea da sa\u00fade, das mudan\u00e7as clim\u00e1ticas e a economia da nossa regi\u00e3o\u201d, disse D\u00e1rio Saadi.<br>&nbsp;<\/p>\n\n\n\n<p><strong>Conselho de Desenvolvimento da RMC<\/strong><br>O \u00f3rg\u00e3o foi criado pela Lei Complementar n\u00ba 870 de 19 de Junho de 2000 e instalado por meio do Decreto n\u00ba 46.057 de 27 de Agosto de 2001. Tem car\u00e1ter deliberativo e normativo, composto por um representante de cada Munic\u00edpio que integra a RMC e por representantes do Estado nos campos funcionais de interesse comum, assegurada a paridade das decis\u00f5es.<br>&nbsp;<\/p>\n\n\n\n<p>A Regi\u00e3o Metropolitana de Campinas tem 20 munic\u00edpios e \u00e9 a segunda maior regi\u00e3o metropolitana do Estado de S\u00e3o Paulo em popula\u00e7\u00e3o, com mais de 3,1 milh\u00f5es de habitantes, de acordo com estimativa do Instituto Brasileiro de Geografia e Estat\u00edstica (IBGE) para 2017. Os munic\u00edpios integrantes s\u00e3o: Americana, Artur Nogueira, Campinas, Cosm\u00f3polis, Engenheiro Coelho, Holambra, Hortol\u00e2ndia, Indaiatuba, Itatiba, Jaguari\u00fana, Monte Mor, Morungaba, Nova Odessa, Paul\u00ednia, Pedreira, Santa B\u00e1rbara d\u2019Oeste, Santo Ant\u00f4nio de Posse, Sumar\u00e9, Valinhos e Vinhedo.<\/p>\n","protected":false},"excerpt":{"rendered":"<p>Durante o encontro, Secretaria de Desenvolvimento Urbano e Habita\u00e7\u00e3o anunciou a oferta da Infraestrutura de Dados Espaciais do Estado de S\u00e3o Paulo para os munic\u00edpios presentes A Regi\u00e3o Metropolitana de Campinas (RMC) promoveu, na manh\u00e3 desta segunda-feira (17), a 243\u00ba Reuni\u00e3o do Conselho de Desenvolvimento da RMC na cidade de Campinas. Estiveram presentes o subsecret\u00e1rio [&hellip;]<\/p>\n","protected":false},"author":7,"featured_media":25768,"comment_status":"closed","ping_status":"open","sticky":false,"template":"","format":"standard","meta":{"rop_custom_images_group":[],"rop_custom_messages_group":[],"rop_publish_now":"initial","rop_publish_now_accounts":[],"rop_publish_now_history":[],"rop_publish_now_status":"pending","footnotes":""},"categories":[194],"tags":[73],"class_list":["post-25767","post","type-post","status-publish","format-standard","has-post-thumbnail","hentry","category-regia","tag-featured"],"amp_enabled":true,"_links":{"self":[{"href":"https:\/\/imais.online\/portal\/wp-json\/wp\/v2\/posts\/25767","targetHints":{"allow":["GET"]}}],"collection":[{"href":"https:\/\/imais.online\/portal\/wp-json\/wp\/v2\/posts"}],"about":[{"href":"https:\/\/imais.online\/portal\/wp-json\/wp\/v2\/types\/post"}],"author":[{"embeddable":true,"href":"https:\/\/imais.online\/portal\/wp-json\/wp\/v2\/users\/7"}],"replies":[{"embeddable":true,"href":"https:\/\/imais.online\/portal\/wp-json\/wp\/v2\/comments?post=25767"}],"version-history":[{"count":1,"href":"https:\/\/imais.online\/portal\/wp-json\/wp\/v2\/posts\/25767\/revisions"}],"predecessor-version":[{"id":25769,"href":"https:\/\/imais.online\/portal\/wp-json\/wp\/v2\/posts\/25767\/revisions\/25769"}],"wp:featuredmedia":[{"embeddable":true,"href":"https:\/\/imais.online\/portal\/wp-json\/wp\/v2\/media\/25768"}],"wp:attachment":[{"href":"https:\/\/imais.online\/portal\/wp-json\/wp\/v2\/media?parent=25767"}],"wp:term":[{"taxonomy":"category","embeddable":true,"href":"https:\/\/imais.online\/portal\/wp-json\/wp\/v2\/categories?post=25767"},{"taxonomy":"post_tag","embeddable":true,"href":"https:\/\/imais.online\/portal\/wp-json\/wp\/v2\/tags?post=25767"}],"curies":[{"name":"wp","href":"https:\/\/api.w.org\/{rel}","templated":true}]}}