{"id":25783,"date":"2025-02-19T09:31:02","date_gmt":"2025-02-19T12:31:02","guid":{"rendered":"https:\/\/imais.online\/portal\/?p=25783"},"modified":"2025-02-19T09:31:03","modified_gmt":"2025-02-19T12:31:03","slug":"bolsa-atleta-2025-esta-com-inscricoes-abertas-ate-28-de-fevereiro","status":"publish","type":"post","link":"https:\/\/imais.online\/portal\/bolsa-atleta-2025-esta-com-inscricoes-abertas-ate-28-de-fevereiro\/","title":{"rendered":"Bolsa Atleta 2025 est\u00e1 com inscri\u00e7\u00f5es abertas at\u00e9 28 de fevereiro"},"content":{"rendered":"<div class=\"imais-before-content-placement\" id=\"imais-2995623995\"><script async src=\"\/\/pagead2.googlesyndication.com\/pagead\/js\/adsbygoogle.js?client=ca-pub-8787528412751566\" crossorigin=\"anonymous\"><\/script><ins class=\"adsbygoogle\" style=\"display:block;\" data-ad-client=\"ca-pub-8787528412751566\" \ndata-ad-slot=\"\" \ndata-ad-format=\"auto\"><\/ins>\n<script> \n(adsbygoogle = window.adsbygoogle || []).push({}); \n<\/script>\n<\/div>\n<p><em><small>O benef\u00edcio \u00e9 exclusivo para categoria principal, correspondente a categoria adulto<\/small><\/em><\/p>\n\n\n\n<p>A Secretaria Municipal de Esportes publicou em Imprensa Oficial nesta segunda-feira (17\/2), edital do Bolsa Atleta 2025, que est\u00e1 com inscri\u00e7\u00f5es abertas de 17 a 28 de fevereiro de 2025, para os competidores que desejarem pleitear a concess\u00e3o de Bolsa Atleta com recursos do Fundo de Assist\u00eancia ao Esporte (FAE) no munic\u00edpio de Indaiatuba para o ano corrente.<\/p>\n\n\n\n<p>Os candidatos devem se atentar aos crit\u00e9rios dispostos no Edital n\u00ba 3174, publicado na data de hoje na Imprensa Oficial do Munic\u00edpio, e verificar se est\u00e1 apto para receber o benef\u00edcio.<\/p>\n\n\n\n<p>Ser\u00e3o consideradas para inscri\u00e7\u00e3o, entre outros requisitos, modalidades individuais que fazem parte do Programa de Esportes Competitivos da Secretaria Municipal de Esportes, somente aquelas indicadas no programa&nbsp;ol\u00edmpico do Comit\u00ea Ol\u00edmpico Internacional (COI) e Comit\u00ea Paraol\u00edmpico Internacional (CPI),&nbsp;respectivamente, e administradas, no Brasil, por Entidades vinculadas ao Comit\u00ea Ol\u00edmpico Brasileiro&nbsp;(COB) ou Comit\u00ea Paraol\u00edmpico Brasileiro (CPB). Al\u00e9m disso,<strong>&nbsp;<\/strong>\u00e9 vedada a concess\u00e3o da Bolsa Atleta para subcategoria m\u00e1ster.<\/p>\n\n\n\n<p>O benef\u00edcio ser\u00e1 concedido prioritariamente aos atletas e paratletas que tenham obtido resultados classificat\u00f3rios (1\u00ba ao 3\u00ba lugar) em campeonatos &nbsp; internacionais, &nbsp;&nbsp;&nbsp;&nbsp;&nbsp;&nbsp;&nbsp;&nbsp;&nbsp; nacionais ou estaduais no ano de 2024, em provas individuais, somente na categoria principal (correspondente \u00e0 categoria adulto), e que estiveram representando Indaiatuba.<\/p>\n\n\n\n<p><strong>&nbsp;<\/strong><strong>Inscri\u00e7\u00f5es<\/strong><\/p>\n\n\n\n<p>As inscri\u00e7\u00f5es estar\u00e3o abertas de 17 a 28 de fevereiro de 2025 e devem ser efetivadas na sede da Prefeitura Municipal, \u00e0 Av. Eng. F\u00e1bio Roberto Barnab\u00e9, 2.800 \u2013 Jardim Esplanada II, de segunda a sexta-feira das 8h \u00e0s 17h, com apresenta\u00e7\u00e3o de documenta\u00e7\u00e3o completa.<\/p>\n\n\n\n<p>Para tanto, os interessados devem entregar no Setor de Protocolos documentos como c\u00f3pia do RG e CPF, declara\u00e7\u00e3o para inscri\u00e7\u00e3o da entidade de pr\u00e1tica do esporte, comprovante de endere\u00e7o, entre outros.<\/p>\n\n\n\n<p>A falta de qualquer documento solicitado, implicar\u00e1 na anula\u00e7\u00e3o da inscri\u00e7\u00e3o, sem obrigatoriedade de aviso pr\u00e9vio por parte da Secretaria Municipal de Esportes, por isso a import\u00e2ncia de ler com aten\u00e7\u00e3o edital completo.<\/p>\n\n\n\n<p>Mais informa\u00e7\u00f5es podem ser obtidas na sede da Secretaria Municipal de Esportes, localizada na Rua Miguel Domingues, 790, no Jardim Regina, de segunda a sexta-feira, das 8h \u00e0s 17h, ou ent\u00e3o pelo telefone (19) 3825-6287.<\/p>\n","protected":false},"excerpt":{"rendered":"<p>O benef\u00edcio \u00e9 exclusivo para categoria principal, correspondente a categoria adulto A Secretaria Municipal de Esportes publicou em Imprensa Oficial nesta segunda-feira (17\/2), edital do Bolsa Atleta 2025, que est\u00e1 com inscri\u00e7\u00f5es abertas de 17 a 28 de fevereiro de 2025, para os competidores que desejarem pleitear a concess\u00e3o de Bolsa Atleta com recursos do [&hellip;]<\/p>\n","protected":false},"author":8,"featured_media":25784,"comment_status":"closed","ping_status":"open","sticky":false,"template":"","format":"standard","meta":{"rop_custom_images_group":[],"rop_custom_messages_group":[],"rop_publish_now":"initial","rop_publish_now_accounts":[],"rop_publish_now_history":[],"rop_publish_now_status":"pending","footnotes":""},"categories":[188],"tags":[],"class_list":["post-25783","post","type-post","status-publish","format-standard","has-post-thumbnail","hentry","category-indaiatuba"],"amp_enabled":true,"_links":{"self":[{"href":"https:\/\/imais.online\/portal\/wp-json\/wp\/v2\/posts\/25783","targetHints":{"allow":["GET"]}}],"collection":[{"href":"https:\/\/imais.online\/portal\/wp-json\/wp\/v2\/posts"}],"about":[{"href":"https:\/\/imais.online\/portal\/wp-json\/wp\/v2\/types\/post"}],"author":[{"embeddable":true,"href":"https:\/\/imais.online\/portal\/wp-json\/wp\/v2\/users\/8"}],"replies":[{"embeddable":true,"href":"https:\/\/imais.online\/portal\/wp-json\/wp\/v2\/comments?post=25783"}],"version-history":[{"count":1,"href":"https:\/\/imais.online\/portal\/wp-json\/wp\/v2\/posts\/25783\/revisions"}],"predecessor-version":[{"id":25785,"href":"https:\/\/imais.online\/portal\/wp-json\/wp\/v2\/posts\/25783\/revisions\/25785"}],"wp:featuredmedia":[{"embeddable":true,"href":"https:\/\/imais.online\/portal\/wp-json\/wp\/v2\/media\/25784"}],"wp:attachment":[{"href":"https:\/\/imais.online\/portal\/wp-json\/wp\/v2\/media?parent=25783"}],"wp:term":[{"taxonomy":"category","embeddable":true,"href":"https:\/\/imais.online\/portal\/wp-json\/wp\/v2\/categories?post=25783"},{"taxonomy":"post_tag","embeddable":true,"href":"https:\/\/imais.online\/portal\/wp-json\/wp\/v2\/tags?post=25783"}],"curies":[{"name":"wp","href":"https:\/\/api.w.org\/{rel}","templated":true}]}}